{"id":46742,"date":"2025-10-22T02:18:42","date_gmt":"2025-10-22T06:18:42","guid":{"rendered":"https:\/\/noticiasveraces.com\/?p=46742"},"modified":"2025-10-22T02:18:42","modified_gmt":"2025-10-22T06:18:42","slug":"santa-fe-pide-respeto-del-periodismo-club-colombiano-exploto-en-redes-con-mensaje-contundente-futbol-colombiano-liga-betplay","status":"publish","type":"post","link":"https:\/\/noticiasveraces.com\/?p=46742","title":{"rendered":"Santa Fe pide respeto del periodismo: club colombiano explot\u00f3 en redes con mensaje contundente | Futbol Colombiano | Liga Betplay"},"content":{"rendered":"<p> \n<br \/><img decoding=\"async\" src=\"https:\/\/www.futbolred.com\/files\/article_graphic\/uploads\/2025\/08\/19\/68a5318a07c45.jpeg\" \/><\/p>\n<div id=\"cuerpoArticulo\">\n<p class=\"texto intro cnx-companion-firstparagraph\" id=\"p257416-m955-954-956\"><b>Santa Fe<\/b> ha tenido un segundo semestre complicado, luego de salir campe\u00f3n de la Liga BetPlay I. En la Liga II <b>sigue luchando para clasificar a los cuadrangulares<\/b> semifinales y defender el t\u00edtulo, a pesar de que se qued\u00f3 sin t\u00e9cnico por la salida intempestiva de Jorge Bava.<\/p>\n<p><b>El equipo bogotano ha recibido cr\u00edticas<\/b> por el interinato del t\u00e9cnico Francisco L\u00f3pez, porque no se ha consolidado y sufre en el octavo lugar, del que no se ha movido a pesar de los reveces de las \u00faltimas jornadas.<\/p>\n<p>Fue as\u00ed que el club cardenal reaccion\u00f3 a las cr\u00edticas de algunos medios de comunicaci\u00f3n, pues <b>hay una sensaci\u00f3n de que los comentarios sobrepasaron la opini\u00f3n deportiva y pasaron al maltrato e irrespeto<\/b>.<\/p>\n<p class=\"texto contenido-parrafo-articulo cnx-companion-paragraph\" id=\"p257416-m967-1-968\">En un mensaje, publicado en las redes sociales oficiales, <b>Santa Fe se expres\u00f3<\/b>: \u201cDesde Independiente Santa Fe, <b>aceptamos las cr\u00edticas con objetividad e imparcialidad, sin maltratos a las personas ni demeritar su trabajo. Exigimos respeto<\/b> a los medios de comunicaci\u00f3n y a <b>algunos periodistas<\/b> que desde su rol han transgredido al equipo sin ecuanimidad y objetividad\u201d.<\/p>\n<div id=\"p257416-m973-2-974\" class=\"\">\n<blockquote class=\"twitter-tweet\">\n<p lang=\"es\" dir=\"ltr\">Desde Independiente Santa Fe, aceptamos las cr\u00edticas con objetividad e imparcialidad, sin maltratos a las personas ni demeritar su trabajo. Exigimos respeto a los medios de comunicaci\u00f3n y a algunos periodistas que desde su rol han transgredido al equipo sin ecuanimidad y\u2026 <a href=\"https:\/\/t.co\/h4HfCxAJ9b\">pic.twitter.com\/h4HfCxAJ9b<\/a><\/p>\n<p>\u2014 Independiente Santa Fe (@SantaFe) <a href=\"https:\/\/twitter.com\/SantaFe\/status\/1980737836975374471?ref_src=twsrc%5Etfw\">21 de octubre de 2025<\/a><\/p><\/blockquote><\/div>\n<p class=\"texto contenido-parrafo-articulo cnx-companion-paragraph\" id=\"p257416-m1030-5-1031\">Aunque <b>Santa Fe no especific\u00f3 a qu\u00e9 periodistas<\/b> iba dirigida su queja, <b>trascendieron los nombres de los analistas y comentaristas<\/b> que causaron molestia al interior del club, entre dirigencia, cuerpo t\u00e9cnico y jugadores.<\/p>\n<p>El primer se\u00f1alado fue <b>Diego Rueda<\/b>director del programa <i>\u2018El Vbar Caracol\u2019<\/i>quien calific\u00f3 al t\u00e9cnico encargado, <b>Francisco L\u00f3pez<\/b>como \u00ab<b>el entrenador que peor dirige en Colombia<\/b>\u201d.<\/p>\n<p class=\"texto contenido-parrafo-articulo cnx-companion-paragraph\" id=\"p257416-m1042-7-1043\">Adem\u00e1s, el diario <i>EL TIEMPO<\/i> conoci\u00f3 que tambi\u00e9n <b>hubo disgusto con los comentaristas de <i>ganar deportes<\/i><\/b>que transmitieron el pasado lunes el partido contra Independiente Medell\u00edn, que termin\u00f3 con empate 1-1 en la fecha 16 de la Liga BetPlay II-2025.<\/p>\n<p>\u201cEn Santa Fe consideraron que los comentaristas, <b>Ricardo Henao y Juli\u00e1n T\u00e9llez<\/b>demeritaron lo hecho por el equipo en el Atanasio Girardot, adem\u00e1s de que <b>\u2018pidieron penaltis que no eran\u2019<\/b>\u201d, asegur\u00f3 el principal diario colombiano.<\/p>\n<\/div>\n<p><script async src=\"https:\/\/platform.twitter.com\/widgets.js\" charset=\"utf-8\"><\/script><br \/>\n<br \/>\n","protected":false},"excerpt":{"rendered":"<p>Santa Fe ha tenido un segundo semestre complicado, luego de salir campe\u00f3n de la Liga BetPlay I. En la Liga II sigue luchando para clasificar a los cuadrangulares semifinales y defender el t\u00edtulo, a pesar de que se qued\u00f3 sin t\u00e9cnico por la salida intempestiva de Jorge Bava. El equipo bogotano ha recibido cr\u00edticas por &hellip;<\/p>\n","protected":false},"author":1,"featured_media":46744,"comment_status":"open","ping_status":"open","sticky":false,"template":"","format":"standard","meta":{"fifu_image_url":"https:\/\/www.futbolred.com\/files\/og_thumbnail\/uploads\/2025\/08\/19\/68a5318a07c45.jpeg","fifu_image_alt":"","footnotes":""},"categories":[6],"tags":[],"class_list":["post-46742","post","type-post","status-publish","format-standard","has-post-thumbnail","","category-deportes"],"_links":{"self":[{"href":"https:\/\/noticiasveraces.com\/index.php?rest_route=\/wp\/v2\/posts\/46742","targetHints":{"allow":["GET"]}}],"collection":[{"href":"https:\/\/noticiasveraces.com\/index.php?rest_route=\/wp\/v2\/posts"}],"about":[{"href":"https:\/\/noticiasveraces.com\/index.php?rest_route=\/wp\/v2\/types\/post"}],"author":[{"embeddable":true,"href":"https:\/\/noticiasveraces.com\/index.php?rest_route=\/wp\/v2\/users\/1"}],"replies":[{"embeddable":true,"href":"https:\/\/noticiasveraces.com\/index.php?rest_route=%2Fwp%2Fv2%2Fcomments&post=46742"}],"version-history":[{"count":0,"href":"https:\/\/noticiasveraces.com\/index.php?rest_route=\/wp\/v2\/posts\/46742\/revisions"}],"wp:featuredmedia":[{"embeddable":true,"href":"https:\/\/noticiasveraces.com\/index.php?rest_route=\/wp\/v2\/media\/46744"}],"wp:attachment":[{"href":"https:\/\/noticiasveraces.com\/index.php?rest_route=%2Fwp%2Fv2%2Fmedia&parent=46742"}],"wp:term":[{"taxonomy":"category","embeddable":true,"href":"https:\/\/noticiasveraces.com\/index.php?rest_route=%2Fwp%2Fv2%2Fcategories&post=46742"},{"taxonomy":"post_tag","embeddable":true,"href":"https:\/\/noticiasveraces.com\/index.php?rest_route=%2Fwp%2Fv2%2Ftags&post=46742"}],"curies":[{"name":"wp","href":"https:\/\/api.w.org\/{rel}","templated":true}]}}