{"id":46736,"date":"2025-10-22T01:25:23","date_gmt":"2025-10-22T05:25:23","guid":{"rendered":"https:\/\/noticiasveraces.com\/?p=46736"},"modified":"2025-10-22T01:25:23","modified_gmt":"2025-10-22T05:25:23","slug":"asi-esta-vinculada-colombia-al-millonario-robo-ocurrido-en-el-museo-del-louvre","status":"publish","type":"post","link":"https:\/\/noticiasveraces.com\/?p=46736","title":{"rendered":"As\u00ed est\u00e1 vinculada Colombia al millonario robo ocurrido en el Museo del Louvre"},"content":{"rendered":"<p> \n<\/p>\n<div>\n<p> <span rel=\"author\" class=\"fn\">con una esp\u00e1tula<\/span><\/p>\n<p> <time class=\"entry-date published updated\" datetime=\"2025-10-21T21:45:54-04:00\">octubre 21 2025, 9:45 pm<\/time> <span class=\"spot-im-replies-count\" data-post-id=\"5817575\"\/><\/p>\n<figure id=\"attachment_5817576\" aria-describedby=\"caption-attachment-5817576\" style=\"width: 1280px\" class=\"wp-caption alignnone\"><img fetchpriority=\"high\" decoding=\"async\" onerror=\"this.onerror=null;this.src=\" https:=\"\" class=\"size-full wp-image-5817576\" src=\"https:\/\/sandia.datanubex.uk\/wp-content\/uploads\/2025\/10\/collar-de-la-emperatriz-Maria-Luisa.jpg\" alt=\"\" width=\"1280\" height=\"720\"\/><figcaption id=\"caption-attachment-5817576\" class=\"wp-caption-text\">El legendario collar de la emperatriz Mar\u00eda Luisa, elaborado con esmeraldas provenientes de la mina de Muzo (Boyac\u00e1), formaba parte del Tesoro Imperial franc\u00e9s exhibido en la Galer\u00eda Apolo del Museo del Louvre. | Foto: Fedesmeraldas<\/figcaption><\/figure>\n<\/p>\n<p>El Museo del Louvre, en Par\u00eds, fue escenario de un robo que ha despertado alarma en el mundo del arte y la joyer\u00eda internacional.<\/p>\n<p><em><strong>Por: Semana<\/strong><\/em><\/p>\n<p><!-- Begin Mailchimp Signup Form --><\/p>\n<div id=\"mc_embed_signup\">\n<p><label for=\"mce-EMAIL\">  \u00a1\u00danete al club ahora! Suscr\u00edbete al bolet\u00edn m\u00e1s importante de Venezuela <\/label><iframe data-test-id=\"beehiiv-embed\" height=\"52\" frameborder=\"0\" scrolling=\"no\" style=\"margin: 0; border-radius: 0px !important; &#10; background-color: transparent;\" data-src=\"https:\/\/embeds.beehiiv.com\/cdab9503-16ae-4689-ad4f-1408c727a83a?slim=true\" class=\"lazyload\"><\/iframe><\/p>\n<\/div>\n<p><!--End mc_embed_signup 2--><\/p>\n<p>Entre los objetos sustra\u00eddos se encuentra un collar de esmeraldas que Napole\u00f3n Bonaparte obsequi\u00f3 a su segunda esposa, la emperatriz Mar\u00eda Luisa de Austria, en 1810. Expertos aseguran que las gemas de la pieza provendr\u00edan de las minas de Muzo, en el departamento colombiano de Boyac\u00e1, reconocido por producir algunas de las esmeraldas m\u00e1s valiosas del mundo.<\/p>\n<p>El collar, considerado una de las joyas m\u00e1s representativas del tesoro imperial franc\u00e9s, formaba parte de un conjunto que inclu\u00eda pendientes y diadema. Fue dise\u00f1ado por el orfebre Fran\u00e7ois-R\u00e9gnault Nitot, quien trabaj\u00f3 para Napole\u00f3n durante el Primer Imperio, y estaba compuesto por 32 esmeraldas de alta calidad, incrustadas junto a diamantes. Tras haber pasado por diversas transacciones privadas a lo largo del siglo XX, la pieza fue adquirida por el Museo del Louvre en 2004 y se encontraba exhibida en la Galer\u00eda Apolo, donde reposan las joyas de la corona francesa.<\/p>\n<p>De acuerdo con la informaci\u00f3n oficial, los asaltantes irrumpieron en la galer\u00eda, violentaron dos vitrinas de alta seguridad y sustrajeron nueve objetos, de los cuales ocho permanecen desaparecidos.<\/p>\n<p>La Fiscal\u00eda de Par\u00eds abri\u00f3 una investigaci\u00f3n por los delitos de \u201crobo agravado por banda organizada\u201d y \u201casociaci\u00f3n il\u00edcita para delinquir\u201d. El Ministerio de Cultura franc\u00e9s inform\u00f3 que un agente de seguridad frustr\u00f3 el intento de los delincuentes por incendiar el veh\u00edculo utilizado en la huida, lo que oblig\u00f3 a los ladrones a escapar precipitadamente.<\/p>\n<p>Puedes leer la nota completa en <em><strong>Semana<\/strong><\/em><\/p>\n<p>  <!-- CONTENT END 2 --><\/div>\n\n","protected":false},"excerpt":{"rendered":"<p>con una esp\u00e1tula octubre 21 2025, 9:45 pm El legendario collar de la emperatriz Mar\u00eda Luisa, elaborado con esmeraldas provenientes de la mina de Muzo (Boyac\u00e1), formaba parte del Tesoro Imperial franc\u00e9s exhibido en la Galer\u00eda Apolo del Museo del Louvre. | Foto: Fedesmeraldas El Museo del Louvre, en Par\u00eds, fue escenario de un robo &hellip;<\/p>\n","protected":false},"author":1,"featured_media":46738,"comment_status":"open","ping_status":"open","sticky":false,"template":"","format":"standard","meta":{"fifu_image_url":"https:\/\/sandia.datanubex.uk\/wp-content\/uploads\/2025\/10\/collar-de-la-emperatriz-Maria-Luisa.jpg","fifu_image_alt":"","footnotes":""},"categories":[13],"tags":[],"class_list":["post-46736","post","type-post","status-publish","format-standard","has-post-thumbnail","","category-mundo"],"_links":{"self":[{"href":"https:\/\/noticiasveraces.com\/index.php?rest_route=\/wp\/v2\/posts\/46736","targetHints":{"allow":["GET"]}}],"collection":[{"href":"https:\/\/noticiasveraces.com\/index.php?rest_route=\/wp\/v2\/posts"}],"about":[{"href":"https:\/\/noticiasveraces.com\/index.php?rest_route=\/wp\/v2\/types\/post"}],"author":[{"embeddable":true,"href":"https:\/\/noticiasveraces.com\/index.php?rest_route=\/wp\/v2\/users\/1"}],"replies":[{"embeddable":true,"href":"https:\/\/noticiasveraces.com\/index.php?rest_route=%2Fwp%2Fv2%2Fcomments&post=46736"}],"version-history":[{"count":0,"href":"https:\/\/noticiasveraces.com\/index.php?rest_route=\/wp\/v2\/posts\/46736\/revisions"}],"wp:featuredmedia":[{"embeddable":true,"href":"https:\/\/noticiasveraces.com\/index.php?rest_route=\/wp\/v2\/media\/46738"}],"wp:attachment":[{"href":"https:\/\/noticiasveraces.com\/index.php?rest_route=%2Fwp%2Fv2%2Fmedia&parent=46736"}],"wp:term":[{"taxonomy":"category","embeddable":true,"href":"https:\/\/noticiasveraces.com\/index.php?rest_route=%2Fwp%2Fv2%2Fcategories&post=46736"},{"taxonomy":"post_tag","embeddable":true,"href":"https:\/\/noticiasveraces.com\/index.php?rest_route=%2Fwp%2Fv2%2Ftags&post=46736"}],"curies":[{"name":"wp","href":"https:\/\/api.w.org\/{rel}","templated":true}]}}