{"id":46705,"date":"2025-10-21T20:18:09","date_gmt":"2025-10-22T00:18:09","guid":{"rendered":"https:\/\/noticiasveraces.com\/?p=46705"},"modified":"2025-10-21T20:18:09","modified_gmt":"2025-10-22T00:18:09","slug":"de-envidia-jhon-jader-duran-y-todos-los-autos-de-lujo-que-tiene-curiosidades-de-futbol","status":"publish","type":"post","link":"https:\/\/noticiasveraces.com\/?p=46705","title":{"rendered":"De envidia: Jhon J\u00e1der Dur\u00e1n y todos los autos de lujo que tiene | Curiosidades de f\u00fatbol"},"content":{"rendered":"<p> \n<\/p>\n<div id=\"cuerpoArticulo\">\n<p class=\"texto intro cnx-companion-firstparagraph\" id=\"p257401-m539-538-540\">Jhon J\u00e1der Dur\u00e1n aument\u00f3 considerablemente sus ingresos al fichar por Al Nassr en 2025. No obstante, <b>su salida a Fenerbah\u00e7e no cambi\u00f3 el panorama<\/b>ya que el canterano de Envigado goza de un salario millonario en Turqu\u00eda. Esto le ha permitido tener una buena cantidad de lujos y en redes sociales <b>comparti\u00f3 la colecci\u00f3n de veh\u00edculos que posee en Medell\u00edn<\/b>siendo un fan\u00e1tico de los carros.<\/p>\n<p class=\"texto contenido-parrafo-articulo cnx-companion-paragraph\" id=\"p257401-m557-2-558\">En la imagen que subi\u00f3 Dur\u00e1n a su cuenta de Instagram, se pueden observar tres coches de alta gama, donde destaca <b>una camioneta de la marca Mercedes-Benz<\/b>, <b>una camioneta del fabricante Toyota y un BMW deportivo<\/b>todos con un valor superior a los 200 millones de pesos colombianos cada uno. Sin embargo, Jhon J\u00e1der no es el \u00fanico colombiano que tiene una colecci\u00f3n de carros.<\/p>\n<div class=\"fotografia caja-articulo\" id=\"p257401-m563-3-564\">\n<div class=\"imagen-cuerpo-bk\">\n<figure itemscope=\"\" itemtype=\"https:\/\/schema.org\/ImageObject\" itemprop=\"image\" id=\"m568-567-569\" class=\"foto-galeria-articulo imagen-articulo foto-texto-articulo-galeria\"><img decoding=\"async\" alt=\"Coches de Jhon Dur\u00e1n\" src=\"data:image\/png;base64,iVBORw0KGgoAAAANSUhEUgAAAAEAAAABCAQAAAC1HAwCAAAAC0lEQVR42mP8\/x0AAvsB+DlKarAAAAAASUVORK5CYII=\" style=\" display: inline;\" data-original=\"\/files\/article_content\/uploads\/2025\/10\/21\/68f81d12ce3fc.png\"\/><meta itemprop=\"width\" content=\"600\"\/><meta itemprop=\"height\" content=\"450\"\/> <meta itemprop=\"url\" content=\"https:\/\/www.futbolred.com\/files\/article_content\/uploads\/2025\/10\/21\/68f81d12ce3fc.png\"\/><\/figure>\n<\/div>\n<div class=\"figcaption-cuerpo-bk credito-image-bk\"><figcaption class=\"foto-info\">\n<div class=\"titulo-foto-bk\">\n<p id=\"m575-1-576\" class=\"titulo pie-de-foto\">Los coches de Jhon Dur\u00e1n en Medell\u00edn<\/p>\n<\/div>\n<p class=\"credito\">\n                            <span class=\"linea pre_credito\">Foto:<\/span><\/p>\n<p>                        <span id=\"m581-2-582\" class=\"autor\">Instagram\/@jaderduran9<\/span><\/p>\n<\/figcaption><\/div>\n<\/p><\/div>\n<p class=\"texto contenido-parrafo-articulo cnx-companion-paragraph\" id=\"p257401-m589-4-590\">En cuanto a las motos, el delantero de Fenerbah\u00e7e <b>tiene una Yamaha DT y una trimoto CAN-AM<\/b>cuyo precio puede llegar hasta los 280 millones de pesos. De esta manera, Jhon Dur\u00e1n se mostr\u00f3 relajado y disfrutando de su tiempo libre a pesar de su bajo nivel deportivo recientemente. Como si fuese poco, en Turqu\u00eda se especula con la posible salida del colombiano.<\/p>\n<p>            <span class=\"articulo-subtitulo subtitulo2 espacio-contenido cnx-companion-subtitle\" id=\"p257401-m640-6-641\">El inmenso salario de Jhon Dur\u00e1n en Fenerbah\u00e7e<br \/><\/span><\/p>\n<p class=\"texto contenido-parrafo-articulo cnx-companion-paragraph\" id=\"p257401-m646-7-647\">Si bien es cierto que su salario se vio reducido con su llegada al Fenerbah\u00e7e, el delantero de 21 a\u00f1os a\u00fan sigue recibiendo una gran cantidad de dinero. Distintos medios turcos aseguran que <b>el sueldo de Dur\u00e1n llega a los 10 millones de euros por temporada<\/b>siendo el futbolista de Colombia que m\u00e1s dinero recibe a nivel clubes, superando al estelar salario de Luis D\u00edaz en Bayern M\u00fanich.<\/p>\n<p><span class=\"articulo-subtitulo subtitulo2 espacio-contenido cnx-companion-subtitle\" id=\"p257401-m652-8-653\">El presidente de Fenerbah\u00e7e se refiri\u00f3 al futuro de Jhon Dur\u00e1n<br \/><\/span><\/p>\n<p class=\"texto contenido-parrafo-articulo cnx-companion-paragraph\" id=\"p257401-m658-9-659\"><b>\u201cAlgunos informes son falsos. Vi su resonancia magn\u00e9tica con mis propios ojos. Volver\u00e1 al campo en unas semanas. No lo hemos perdido\u201d<\/b>fue lo que expres\u00f3 Sadettin Saran, presidente del Fenerbah\u00e7e. De esta manera, se refuerza la idea de que el club turco buscar\u00e1 recuperar al delantero colombiano.<\/p>\n<\/div>\n\n","protected":false},"excerpt":{"rendered":"<p>Jhon J\u00e1der Dur\u00e1n aument\u00f3 considerablemente sus ingresos al fichar por Al Nassr en 2025. No obstante, su salida a Fenerbah\u00e7e no cambi\u00f3 el panoramaya que el canterano de Envigado goza de un salario millonario en Turqu\u00eda. Esto le ha permitido tener una buena cantidad de lujos y en redes sociales comparti\u00f3 la colecci\u00f3n de veh\u00edculos &hellip;<\/p>\n","protected":false},"author":1,"featured_media":46706,"comment_status":"open","ping_status":"open","sticky":false,"template":"","format":"standard","meta":{"fifu_image_url":"https:\/\/www.futbolred.com\/files\/og_thumbnail\/uploads\/2025\/10\/21\/68f81c9a5be42.png","fifu_image_alt":"","footnotes":""},"categories":[6],"tags":[],"class_list":["post-46705","post","type-post","status-publish","format-standard","has-post-thumbnail","","category-deportes"],"_links":{"self":[{"href":"https:\/\/noticiasveraces.com\/index.php?rest_route=\/wp\/v2\/posts\/46705","targetHints":{"allow":["GET"]}}],"collection":[{"href":"https:\/\/noticiasveraces.com\/index.php?rest_route=\/wp\/v2\/posts"}],"about":[{"href":"https:\/\/noticiasveraces.com\/index.php?rest_route=\/wp\/v2\/types\/post"}],"author":[{"embeddable":true,"href":"https:\/\/noticiasveraces.com\/index.php?rest_route=\/wp\/v2\/users\/1"}],"replies":[{"embeddable":true,"href":"https:\/\/noticiasveraces.com\/index.php?rest_route=%2Fwp%2Fv2%2Fcomments&post=46705"}],"version-history":[{"count":0,"href":"https:\/\/noticiasveraces.com\/index.php?rest_route=\/wp\/v2\/posts\/46705\/revisions"}],"wp:featuredmedia":[{"embeddable":true,"href":"https:\/\/noticiasveraces.com\/index.php?rest_route=\/wp\/v2\/media\/46706"}],"wp:attachment":[{"href":"https:\/\/noticiasveraces.com\/index.php?rest_route=%2Fwp%2Fv2%2Fmedia&parent=46705"}],"wp:term":[{"taxonomy":"category","embeddable":true,"href":"https:\/\/noticiasveraces.com\/index.php?rest_route=%2Fwp%2Fv2%2Fcategories&post=46705"},{"taxonomy":"post_tag","embeddable":true,"href":"https:\/\/noticiasveraces.com\/index.php?rest_route=%2Fwp%2Fv2%2Ftags&post=46705"}],"curies":[{"name":"wp","href":"https:\/\/api.w.org\/{rel}","templated":true}]}}