{"id":46695,"date":"2025-10-21T19:03:57","date_gmt":"2025-10-21T23:03:57","guid":{"rendered":"https:\/\/noticiasveraces.com\/?p=46695"},"modified":"2025-10-21T19:03:57","modified_gmt":"2025-10-21T23:03:57","slug":"como-la-administracion-de-trump-intenta-alinear-a-america-latina-le-monde","status":"publish","type":"post","link":"https:\/\/noticiasveraces.com\/?p=46695","title":{"rendered":"\u00ab\u00bfC\u00f3mo la Administraci\u00f3n de Trump intenta alinear a Am\u00e9rica Latina?\u00bb: &#8216;Le Monde&#8217;"},"content":{"rendered":"<p> \n<\/p>\n<div data-article-content=\"\">\n<div class=\"t-content__main-media\" data-media-video-97bda48c-ddb0-4e9c-bcb6-32fc2d0ab187=\"\" data-wrapper-video-player=\"\" data-show-hidden-video-player=\"97BDA48C-DDB0-4E9C-BCB6-32FC2D0AB187\" data-autoplay-video-link=\"\" data-youtube-script=\"\">\n<div class=\"o-em-consent \">\n<div class=\"o-em-consent__content\">\n<p class=\"o-em-consent__content__text\">Para mostrar este contenido de YouTube, debe autorizar las cookies de medici\u00f3n de audiencia y publicidad.<\/p>\n<p>        <button class=\"a-master-button a-master-button--dark\" data-action=\"accept\">Aceptar<i class=\"a-svg a-svg--icon-check\"\/><\/button><br \/>\n        <button class=\"a-link\" data-action=\"manage\">Gestionar mis opciones<i class=\"a-svg a-svg--icon-edit\"\/><\/button>\n    <\/div>\n<\/div>\n<div class=\"o-em-adblock\" data-adblock-content=\"\">\n<div class=\"o-em-adblock__content\">\n<p class=\"o-em-adblock__content__text\">Una extensi\u00f3n de tu navegador parece estar bloqueando la carga del reproductor de video. Para poder ver este contenido, debes desactivarla en este sitio.<\/p>\n<p>            <button class=\"a-master-button a-master-button--dark\" data-action=\"reload\">Reintentar<\/button>\n    <\/div>\n<\/div>\n<figure class=\"m-item-image m-item-image--16x9 m-item-image--has-caption\">\n<picture class=\"a-picture a-picture--16x9\"><source type=\"image\/webp\" srcset=\"https:\/\/s.france24.com\/media\/display\/7aa9694c-aea8-11f0-8ad2-005056a90284\/w:388\/p:16x9\/ES-20251021-081327-082229-CS.webp 388w,https:\/\/s.france24.com\/media\/display\/7aa9694c-aea8-11f0-8ad2-005056a90284\/w:720\/p:16x9\/ES-20251021-081327-082229-CS.webp 720w,https:\/\/s.france24.com\/media\/display\/7aa9694c-aea8-11f0-8ad2-005056a90284\/w:1024\/p:16x9\/ES-20251021-081327-082229-CS.webp 1024w,https:\/\/s.france24.com\/media\/display\/7aa9694c-aea8-11f0-8ad2-005056a90284\/w:1280\/p:16x9\/ES-20251021-081327-082229-CS.webp 1280w\" sizes=\"(max-width: 1076px) 100vw, 1012px\"><img decoding=\"async\" fetchpriority=\"high\" src=\"https:\/\/s.france24.com\/media\/display\/7aa9694c-aea8-11f0-8ad2-005056a90284\/w:1280\/p:16x9\/ES-20251021-081327-082229-CS.jpg\" srcset=\"https:\/\/s.france24.com\/media\/display\/7aa9694c-aea8-11f0-8ad2-005056a90284\/w:388\/p:16x9\/ES-20251021-081327-082229-CS.jpg 388w,https:\/\/s.france24.com\/media\/display\/7aa9694c-aea8-11f0-8ad2-005056a90284\/w:720\/p:16x9\/ES-20251021-081327-082229-CS.jpg 720w,https:\/\/s.france24.com\/media\/display\/7aa9694c-aea8-11f0-8ad2-005056a90284\/w:1024\/p:16x9\/ES-20251021-081327-082229-CS.jpg 1024w,https:\/\/s.france24.com\/media\/display\/7aa9694c-aea8-11f0-8ad2-005056a90284\/w:1280\/p:16x9\/ES-20251021-081327-082229-CS.jpg 1280w\" sizes=\"(max-width: 1076px) 100vw, 1012px\" width=\"1280\" height=\"720\" alt=\"'Le Monde' rese\u00f1a las implicaciones de medidas como el despliegue militar de misiones estadounidenses en el Caribe en el panorama diplom\u00e1tico, pol\u00edtico y de seguridad en Am\u00e9rica Latina.\" loading=\"eager\" class=\"a-img \"\/><\/source><\/picture><figcaption class=\"a-figcaption\">\n                <span>&#8216;Le Monde&#8217; rese\u00f1a las implicaciones de medidas como el despliegue militar de misiones estadounidenses en el Caribe en el panorama diplom\u00e1tico, pol\u00edtico y de seguridad en Am\u00e9rica Latina.<\/span>                <span>\u00a9 Francia 24<\/span>            <\/figcaption><\/figure>\n<\/p><\/div>\n<div class=\"t-content__metadata\">\n<div class=\"t-content__dates\">\n<p class=\"m-pub-dates\"><span class=\"m-pub-dates__date\">Primera modificaci\u00f3n: <time datetime=\"2025-10-21T18:40:14+00:00\" pubdate=\"pubdate\">21\/10\/2025 &#8211; 20:40<\/time><\/span><\/p>\n<\/p><\/div>\n<p>\n                            <span class=\"a-svg a-svg--icon-replay\"\/><\/p>\n<p>                            09:01 minutos\n                        <\/p>\n<\/p><\/div>\n<p>Viene del show<\/p>\n<p>                        <i class=\"a-svg a-svg--icon-caret-right\"\/><\/p>\n<picture class=\"a-picture a-picture--original\">\n    <img decoding=\"async\" fetchpriority=\"low\" src=\"https:\/\/s.france24.com\/media\/display\/cfb3743c-09f5-11ee-8b83-005056bf30b7\/ES-revista-de-prensa.svg\" srcset=\"https:\/\/s.france24.com\/media\/display\/cfb3743c-09f5-11ee-8b83-005056bf30b7\/ES-revista-de-prensa.svg\" alt=\"Revista de prensa\" loading=\"lazy\" class=\"a-img  a-img--svg\"\/><\/picture>\n<p>\n                        <span class=\"a-svg a-svg--icon-clock\"\/><br \/>\n                        <span class=\"t-content__reading-time__label\">Tiempo de lectura<\/span><br \/>\n                        1 minuto<\/p>\n<p class=\"t-content__chapo\">\n<p>                                                El diario franc\u00e9s &#8216;Le Monde&#8217; rese\u00f1a las implicaciones de medidas como el despliegue militar de misiones estadounidenses en el Caribe en el panorama diplom\u00e1tico, pol\u00edtico y de seguridad en Am\u00e9rica Latina, mediante las \u00f3rdenes dadas por el l\u00edder republicano, Donald Trump, en el marco de su segundo mandato no consecutivo.                    <\/p>\n<\/p><\/div>\n\n","protected":false},"excerpt":{"rendered":"<p>Para mostrar este contenido de YouTube, debe autorizar las cookies de medici\u00f3n de audiencia y publicidad. Aceptar Gestionar mis opciones Una extensi\u00f3n de tu navegador parece estar bloqueando la carga del reproductor de video. Para poder ver este contenido, debes desactivarla en este sitio. Reintentar &#8216;Le Monde&#8217; rese\u00f1a las implicaciones de medidas como el despliegue &hellip;<\/p>\n","protected":false},"author":1,"featured_media":46697,"comment_status":"open","ping_status":"open","sticky":false,"template":"","format":"standard","meta":{"fifu_image_url":"https:\/\/s.france24.com\/media\/display\/7aa9694c-aea8-11f0-8ad2-005056a90284\/w:1280\/p:16x9\/ES-20251021-081327-082229-CS.jpg","fifu_image_alt":"","footnotes":""},"categories":[13],"tags":[],"class_list":["post-46695","post","type-post","status-publish","format-standard","has-post-thumbnail","","category-mundo"],"_links":{"self":[{"href":"https:\/\/noticiasveraces.com\/index.php?rest_route=\/wp\/v2\/posts\/46695","targetHints":{"allow":["GET"]}}],"collection":[{"href":"https:\/\/noticiasveraces.com\/index.php?rest_route=\/wp\/v2\/posts"}],"about":[{"href":"https:\/\/noticiasveraces.com\/index.php?rest_route=\/wp\/v2\/types\/post"}],"author":[{"embeddable":true,"href":"https:\/\/noticiasveraces.com\/index.php?rest_route=\/wp\/v2\/users\/1"}],"replies":[{"embeddable":true,"href":"https:\/\/noticiasveraces.com\/index.php?rest_route=%2Fwp%2Fv2%2Fcomments&post=46695"}],"version-history":[{"count":0,"href":"https:\/\/noticiasveraces.com\/index.php?rest_route=\/wp\/v2\/posts\/46695\/revisions"}],"wp:featuredmedia":[{"embeddable":true,"href":"https:\/\/noticiasveraces.com\/index.php?rest_route=\/wp\/v2\/media\/46697"}],"wp:attachment":[{"href":"https:\/\/noticiasveraces.com\/index.php?rest_route=%2Fwp%2Fv2%2Fmedia&parent=46695"}],"wp:term":[{"taxonomy":"category","embeddable":true,"href":"https:\/\/noticiasveraces.com\/index.php?rest_route=%2Fwp%2Fv2%2Fcategories&post=46695"},{"taxonomy":"post_tag","embeddable":true,"href":"https:\/\/noticiasveraces.com\/index.php?rest_route=%2Fwp%2Fv2%2Ftags&post=46695"}],"curies":[{"name":"wp","href":"https:\/\/api.w.org\/{rel}","templated":true}]}}