{"id":46685,"date":"2025-10-21T16:16:01","date_gmt":"2025-10-21T20:16:01","guid":{"rendered":"https:\/\/noticiasveraces.com\/?p=46685"},"modified":"2025-10-21T16:16:01","modified_gmt":"2025-10-21T20:16:01","slug":"la-princesa-beatriz-y-eugenia-se-saltan-la-met-gala-de-londres-real-noticias","status":"publish","type":"post","link":"https:\/\/noticiasveraces.com\/?p=46685","title":{"rendered":"La princesa Beatriz y Eugenia se saltan la &#8216;Met Gala&#8217; de Londres | Real | Noticias"},"content":{"rendered":"<p> \n<\/p>\n<div>\n<p>Se esperaba que las hijas del pr\u00edncipe Andr\u00e9s, las princesas Eugenia y Beatriz, hicieran una aparici\u00f3n glamorosa en uno de los eventos sociales m\u00e1s destacados de Londres, pero las hermanas reales estuvieron notablemente ausentes. Seg\u00fan los informes, la pareja figuraba entre los invitados al baile rosa inaugural del Museo Brit\u00e1nico, un evento brillante que ha sido apodado la respuesta de la capital a la Met Gala de Nueva York.<\/p>\n<p>El evento repleto de estrellas atrajo a una lista de pesos pesados \u200b\u200bde la moda y la sociedad, entre ellos Naomi Campbell, Lady Kitty Spencer y Janet Jackson. Sin embargo, cuando se encendieron las luces de la alfombra roja el s\u00e1bado por la noche, las hermanas York no estaban a la vista.<\/p>\n<p>No se ha dado ninguna raz\u00f3n oficial para su ausencia, pero el momento ha llamado la atenci\u00f3n, ya que se produce apenas un d\u00eda despu\u00e9s de que su padre, el pr\u00edncipe Andr\u00e9s, rescindiera el uso de sus t\u00edtulos reales tras conversaciones con el rey Carlos III.<\/p>\n<\/div>\n<div>\n<p>Su ausencia se produjo apenas un d\u00eda despu\u00e9s de que el Palacio de Buckingham confirmara que su padre, el pr\u00edncipe Andr\u00e9s, de 65 a\u00f1os, ya no usar\u00eda su t\u00edtulo de Duque de York ni sus honores reales.<\/p>\n<p>La decisi\u00f3n se tom\u00f3 tras conversaciones privadas con el rey Carlos III y otros miembros de alto rango de la Familia Real.<\/p>\n<p>En un comunicado emitido por el Palacio, el Duque dijo: \u00abEn conversaciones con el Rey y mi familia inmediata y m\u00e1s amplia, hemos llegado a la conclusi\u00f3n de que las continuas acusaciones sobre m\u00ed distraen del trabajo de Su Majestad y la Familia Real. He decidido, como siempre lo he hecho, anteponer mi deber para con mi familia y mi pa\u00eds\u00bb.<\/p>\n<\/div>\n<div>\n<p>Aunque Andrew conserva su t\u00edtulo de \u201cPr\u00edncipe\u201d por derecho de nacimiento, ha sido despojado de su ducado y de sus honores superiores, incluido su Caballero Gran Cruz de la Real Orden Victoriana y su papel como Caballero Real Compa\u00f1ero de la Orden de la Jarretera.<\/p>\n<p>La decisi\u00f3n tambi\u00e9n se extiende a su ex esposa, Sarah Ferguson, a quien ya no se le permitir\u00e1 usar p\u00fablicamente su estilo de duquesa de York.<\/p>\n<p>Para Eugenie y Beatrice, su silenciosa retirada del evento del Museo Brit\u00e1nico, una velada que celebra la moda y la filantrop\u00eda, llega en un momento delicado.<\/p>\n<p>Las hermanas, que han trabajado para modernizar su imagen y al mismo tiempo equilibrar los v\u00ednculos reales con sus carreras privadas, han permanecido en silencio en medio del creciente escrutinio que rodea a su padre.<\/p>\n<\/div>\n\n","protected":false},"excerpt":{"rendered":"<p>Se esperaba que las hijas del pr\u00edncipe Andr\u00e9s, las princesas Eugenia y Beatriz, hicieran una aparici\u00f3n glamorosa en uno de los eventos sociales m\u00e1s destacados de Londres, pero las hermanas reales estuvieron notablemente ausentes. Seg\u00fan los informes, la pareja figuraba entre los invitados al baile rosa inaugural del Museo Brit\u00e1nico, un evento brillante que ha &hellip;<\/p>\n","protected":false},"author":1,"featured_media":46686,"comment_status":"open","ping_status":"open","sticky":false,"template":"","format":"standard","meta":{"fifu_image_url":"https:\/\/cdn.images.express.co.uk\/img\/dynamic\/106\/1200x630\/6504100.jpg","fifu_image_alt":"","footnotes":""},"categories":[10],"tags":[],"class_list":["post-46685","post","type-post","status-publish","format-standard","has-post-thumbnail","","category-moda"],"_links":{"self":[{"href":"https:\/\/noticiasveraces.com\/index.php?rest_route=\/wp\/v2\/posts\/46685","targetHints":{"allow":["GET"]}}],"collection":[{"href":"https:\/\/noticiasveraces.com\/index.php?rest_route=\/wp\/v2\/posts"}],"about":[{"href":"https:\/\/noticiasveraces.com\/index.php?rest_route=\/wp\/v2\/types\/post"}],"author":[{"embeddable":true,"href":"https:\/\/noticiasveraces.com\/index.php?rest_route=\/wp\/v2\/users\/1"}],"replies":[{"embeddable":true,"href":"https:\/\/noticiasveraces.com\/index.php?rest_route=%2Fwp%2Fv2%2Fcomments&post=46685"}],"version-history":[{"count":0,"href":"https:\/\/noticiasveraces.com\/index.php?rest_route=\/wp\/v2\/posts\/46685\/revisions"}],"wp:featuredmedia":[{"embeddable":true,"href":"https:\/\/noticiasveraces.com\/index.php?rest_route=\/wp\/v2\/media\/46686"}],"wp:attachment":[{"href":"https:\/\/noticiasveraces.com\/index.php?rest_route=%2Fwp%2Fv2%2Fmedia&parent=46685"}],"wp:term":[{"taxonomy":"category","embeddable":true,"href":"https:\/\/noticiasveraces.com\/index.php?rest_route=%2Fwp%2Fv2%2Fcategories&post=46685"},{"taxonomy":"post_tag","embeddable":true,"href":"https:\/\/noticiasveraces.com\/index.php?rest_route=%2Fwp%2Fv2%2Ftags&post=46685"}],"curies":[{"name":"wp","href":"https:\/\/api.w.org\/{rel}","templated":true}]}}