{"id":46683,"date":"2025-10-21T15:56:43","date_gmt":"2025-10-21T19:56:43","guid":{"rendered":"https:\/\/noticiasveraces.com\/?p=46683"},"modified":"2025-10-21T15:56:43","modified_gmt":"2025-10-21T19:56:43","slug":"calabozo-celebrara-29-a-feria-del-pesebre-del-5-al-7-de-diciembre","status":"publish","type":"post","link":"https:\/\/noticiasveraces.com\/?p=46683","title":{"rendered":"Calabozo celebrar\u00e1 29.\u00aa Feria del Pesebre del 5 al 7 de diciembre"},"content":{"rendered":"<p> \n<\/p>\n<div>\n<p>Calabozo se prepara para celebrar, del 5 al 7 de diciembre, la vig\u00e9sima novena (XXIX) edici\u00f3n de la Feria del Pesebre, un evento que a\u00f1o tras a\u00f1o conmemora la sagrada tradici\u00f3n del nacimiento de Jes\u00fas y que une en fe a propios y visitantes.<\/p>\n<p>Bajo el lema \u00abEn la humildad del Bel\u00e9n, nace la alegr\u00eda\u00bb, el evento de este a\u00f1o estima exhibir m\u00e1s de 29 creaciones art\u00edsticas alusivas al nacimiento del hijo de Dios, y congregar el talento de todos los circuitos educativos del municipio Francisco de Miranda, as\u00ed como de familias y comunidades organizadas.<\/p>\n<p>El comit\u00e9 organizador convoca a participar en una amplia agenda de concursos que abarcan categor\u00edas que van desde lo art\u00edstico y decorativo, con pesebres, estampas, pinturas, tarjetas y carteleras, hasta lo literario y musical con cuentos y aguinaldos, adem\u00e1s de la competencia de gastronom\u00eda que premiar\u00e1 la excelencia en la elaboraci\u00f3n de hallacas, caratos, orejitas, dulces y guisos.<\/p>\n<p>Tambi\u00e9n, se ha confirmado que el lugar de celebraci\u00f3n se mantendr\u00e1 en la Plaza Bol\u00edvar y sus alrededores. <\/p>\n<h2 class=\"wp-block-heading\">Novedad y premiaciones<\/h2>\n<p>Como novedad destacada, este a\u00f1o se lanzar\u00e1 el concurso \u00abMi Pesebre Familiar\u00bb, dise\u00f1ado para motivar el ingenio y la labor de las familias que elaboren el pesebre m\u00e1s creativo en sus hogares.<\/p>\n<p>Para reconocer tanto esfuerzo, la feria ha reunido una considerable cantidad de premios, gracias a los colaboradores que han aportado para la realizaci\u00f3n del evento. Los ganadores podr\u00e1n llevarse una motocicleta, un equipo de aire acondicionado, bicicletas, un televisor, herramientas de cocina, \u00fatiles escolares y muchos incentivos m\u00e1s.<\/p>\n<h2 class=\"wp-block-heading\">Tradici\u00f3n y solidaridad<\/h2>\n<p>La Feria del Pesebre se consolida un a\u00f1o m\u00e1s como una plataforma importante para la labor social, cultural y de evangelizaci\u00f3n. En esta edici\u00f3n, la acci\u00f3n social se centrar\u00e1 en la entrega de 3.000 arepas a los asistentes.<\/p>\n<p>El presidente de la Feria, Pbro. Jos\u00e9 Mat\u00edas Navarro, expres\u00f3 que esta festividad se ha convertido en un referente a nivel nacional y un punto de convergencia social. \u00abEsta feria es la plataforma viva de la siembra que cuidamos en nuestras escuelas, en nuestros hogares, en nuestras iglesias, que se convierte en la cosecha de uni\u00f3n familiar, de cultura y alegr\u00eda\u00bb, afirm\u00f3.<\/p>\n<p>Por su lado, la alcaldesa Alfre\u00edna \u00c1lvarez destac\u00f3 la sinergia institucional entre el gobierno regional y municipal junto al comit\u00e9 organizador, reconoci\u00e9ndola como fundamental para llevar a cabo el evento. Pensando en la seguridad, \u00c1lvarez tambi\u00e9n anunci\u00f3 un amplio despliegue para proteger tanto a pobladores como a turistas y asegurar el \u00f3ptimo transcurso de la programaci\u00f3n especial.<\/p>\n<p>Con la promesa de numerosas sorpresas, las autoridades extendieron la invitaci\u00f3n a participar en la celebraci\u00f3n a todos los habitantes de Calabozo y del estado Gu\u00e1rico en general.<\/p>\n<\/div>\n\n","protected":false},"excerpt":{"rendered":"<p>Calabozo se prepara para celebrar, del 5 al 7 de diciembre, la vig\u00e9sima novena (XXIX) edici\u00f3n de la Feria del Pesebre, un evento que a\u00f1o tras a\u00f1o conmemora la sagrada tradici\u00f3n del nacimiento de Jes\u00fas y que une en fe a propios y visitantes. Bajo el lema \u00abEn la humildad del Bel\u00e9n, nace la alegr\u00eda\u00bb, &hellip;<\/p>\n","protected":false},"author":1,"featured_media":46684,"comment_status":"open","ping_status":"open","sticky":false,"template":"","format":"standard","meta":{"fifu_image_url":"https:\/\/ultimasnoticias.com.ve\/wp-content\/uploads\/2025\/10\/Feria-del-pesebre-Guarico.jpg","fifu_image_alt":"","footnotes":""},"categories":[13],"tags":[],"class_list":["post-46683","post","type-post","status-publish","format-standard","has-post-thumbnail","","category-mundo"],"_links":{"self":[{"href":"https:\/\/noticiasveraces.com\/index.php?rest_route=\/wp\/v2\/posts\/46683","targetHints":{"allow":["GET"]}}],"collection":[{"href":"https:\/\/noticiasveraces.com\/index.php?rest_route=\/wp\/v2\/posts"}],"about":[{"href":"https:\/\/noticiasveraces.com\/index.php?rest_route=\/wp\/v2\/types\/post"}],"author":[{"embeddable":true,"href":"https:\/\/noticiasveraces.com\/index.php?rest_route=\/wp\/v2\/users\/1"}],"replies":[{"embeddable":true,"href":"https:\/\/noticiasveraces.com\/index.php?rest_route=%2Fwp%2Fv2%2Fcomments&post=46683"}],"version-history":[{"count":0,"href":"https:\/\/noticiasveraces.com\/index.php?rest_route=\/wp\/v2\/posts\/46683\/revisions"}],"wp:featuredmedia":[{"embeddable":true,"href":"https:\/\/noticiasveraces.com\/index.php?rest_route=\/wp\/v2\/media\/46684"}],"wp:attachment":[{"href":"https:\/\/noticiasveraces.com\/index.php?rest_route=%2Fwp%2Fv2%2Fmedia&parent=46683"}],"wp:term":[{"taxonomy":"category","embeddable":true,"href":"https:\/\/noticiasveraces.com\/index.php?rest_route=%2Fwp%2Fv2%2Fcategories&post=46683"},{"taxonomy":"post_tag","embeddable":true,"href":"https:\/\/noticiasveraces.com\/index.php?rest_route=%2Fwp%2Fv2%2Ftags&post=46683"}],"curies":[{"name":"wp","href":"https:\/\/api.w.org\/{rel}","templated":true}]}}