{"id":46671,"date":"2025-10-21T14:52:04","date_gmt":"2025-10-21T18:52:04","guid":{"rendered":"https:\/\/noticiasveraces.com\/?p=46671"},"modified":"2025-10-21T14:52:04","modified_gmt":"2025-10-21T18:52:04","slug":"fuertes-lluvias-causaron-danos-en-varios-estados-de-venezuela","status":"publish","type":"post","link":"https:\/\/noticiasveraces.com\/?p=46671","title":{"rendered":"Fuertes lluvias causaron da\u00f1os en varios estados de Venezuela"},"content":{"rendered":"<p> \n<\/p>\n<div>\n<p>Las fuertes lluvias de los \u00faltimos d\u00edas han causado <strong>da\u00f1os en varios estados de Venezuela<\/strong>entre ellos viviendas afectadas, el colapso de un puente y el desbordamiento de alcantarillas, informaron las autoridades.<\/p>\n<p>En su cuenta de Instagram, el ministro de Transporte, Ram\u00f3n Vel\u00e1squez, report\u00f3 este martes 21 de octubre <strong>el colapso de un puente en Sucre que comunica con Monagas<\/strong>y el desborde de alcantarillas en Anzo\u00e1tegui, todos estados en el noreste del pa\u00eds. En Anzo\u00e1tegui, seg\u00fan los bomberos locales, hay 22 familias afectadas.<\/p>\n<figure class=\"wp-block-image size-full\"><picture fetchpriority=\"high\" decoding=\"async\" class=\"wp-image-330047\"><source type=\"image\/webp\" sizes=\"(max-width: 1600px) 100vw, 1600px\" nitro-lazy-srcset=\"https:\/\/eldiario.com\/nitropack_static\/DWpklAePbJBFiBKvuTtiGMLbtJlHUqWt\/assets\/images\/optimized\/rev-4610e21\/eldiario.com\/wp-content\/uploads\/2022\/04\/06-Ciudadanos-bajo-la-lluvia-en-Caracas-El-Diario-Jose-Daniel-Ramos.jpg.webp 1600w, https:\/\/eldiario.com\/nitropack_static\/DWpklAePbJBFiBKvuTtiGMLbtJlHUqWt\/assets\/images\/optimized\/rev-4610e21\/eldiario.com\/wp-content\/uploads\/2022\/04\/06-Ciudadanos-bajo-la-lluvia-en-Caracas-El-Diario-Jose-Daniel-Ramos-300x200.jpg.webp 300w, https:\/\/eldiario.com\/nitropack_static\/DWpklAePbJBFiBKvuTtiGMLbtJlHUqWt\/assets\/images\/optimized\/rev-4610e21\/eldiario.com\/wp-content\/uploads\/2022\/04\/06-Ciudadanos-bajo-la-lluvia-en-Caracas-El-Diario-Jose-Daniel-Ramos-1024x683.jpg.webp 1024w, https:\/\/eldiario.com\/nitropack_static\/DWpklAePbJBFiBKvuTtiGMLbtJlHUqWt\/assets\/images\/optimized\/rev-4610e21\/eldiario.com\/wp-content\/uploads\/2022\/04\/06-Ciudadanos-bajo-la-lluvia-en-Caracas-El-Diario-Jose-Daniel-Ramos-768x512.jpg.webp 768w, https:\/\/eldiario.com\/nitropack_static\/DWpklAePbJBFiBKvuTtiGMLbtJlHUqWt\/assets\/images\/optimized\/rev-4610e21\/eldiario.com\/wp-content\/uploads\/2022\/04\/06-Ciudadanos-bajo-la-lluvia-en-Caracas-El-Diario-Jose-Daniel-Ramos-1536x1024.jpg.webp 1536w, https:\/\/eldiario.com\/nitropack_static\/DWpklAePbJBFiBKvuTtiGMLbtJlHUqWt\/assets\/images\/optimized\/rev-4610e21\/eldiario.com\/wp-content\/uploads\/2022\/04\/06-Ciudadanos-bajo-la-lluvia-en-Caracas-El-Diario-Jose-Daniel-Ramos-150x100.jpg.webp 150w\" nitro-lazy-empty=\"\" id=\"Nzk4OjkwOQ==-1\" srcset=\"data:image\/svg+xml;nitro-empty-id=Nzk4OjkwOQ==-1;base64,PHN2ZyB2aWV3Qm94PSIwIDAgMTYwMCAxMDY3IiB3aWR0aD0iMTYwMCIgaGVpZ2h0PSIxMDY3IiB4bWxucz0iaHR0cDovL3d3dy53My5vcmcvMjAwMC9zdmciPjwvc3ZnPg==\"\/><img fetchpriority=\"high\" width=\"1600\" height=\"1067\" alt=\"Potencial cicl\u00f3n en Venezuela - Precipitaciones colas ciudadanos bajo la lluvia en Caracas - El Diario, Jos\u00e9 Daniel Ramos\" sizes=\"(max-width: 1600px) 100vw, 1600px\" srcset=\"https:\/\/eldiario.com\/nitropack_static\/DWpklAePbJBFiBKvuTtiGMLbtJlHUqWt\/assets\/images\/optimized\/rev-4610e21\/eldiario.com\/wp-content\/uploads\/2022\/04\/06-Ciudadanos-bajo-la-lluvia-en-Caracas-El-Diario-Jose-Daniel-Ramos.jpg 1600w, https:\/\/eldiario.com\/nitropack_static\/DWpklAePbJBFiBKvuTtiGMLbtJlHUqWt\/assets\/images\/optimized\/rev-4610e21\/eldiario.com\/wp-content\/uploads\/2022\/04\/06-Ciudadanos-bajo-la-lluvia-en-Caracas-El-Diario-Jose-Daniel-Ramos-300x200.jpg 300w, https:\/\/eldiario.com\/nitropack_static\/DWpklAePbJBFiBKvuTtiGMLbtJlHUqWt\/assets\/images\/optimized\/rev-4610e21\/eldiario.com\/wp-content\/uploads\/2022\/04\/06-Ciudadanos-bajo-la-lluvia-en-Caracas-El-Diario-Jose-Daniel-Ramos-1024x683.jpg 1024w, https:\/\/eldiario.com\/nitropack_static\/DWpklAePbJBFiBKvuTtiGMLbtJlHUqWt\/assets\/images\/optimized\/rev-4610e21\/eldiario.com\/wp-content\/uploads\/2022\/04\/06-Ciudadanos-bajo-la-lluvia-en-Caracas-El-Diario-Jose-Daniel-Ramos-768x512.jpg 768w, https:\/\/eldiario.com\/nitropack_static\/DWpklAePbJBFiBKvuTtiGMLbtJlHUqWt\/assets\/images\/optimized\/rev-4610e21\/eldiario.com\/wp-content\/uploads\/2022\/04\/06-Ciudadanos-bajo-la-lluvia-en-Caracas-El-Diario-Jose-Daniel-Ramos-1536x1024.jpg 1536w, https:\/\/eldiario.com\/nitropack_static\/DWpklAePbJBFiBKvuTtiGMLbtJlHUqWt\/assets\/images\/optimized\/rev-4610e21\/eldiario.com\/wp-content\/uploads\/2022\/04\/06-Ciudadanos-bajo-la-lluvia-en-Caracas-El-Diario-Jose-Daniel-Ramos-150x100.jpg 150w\" src=\"https:\/\/eldiario.com\/nitropack_static\/DWpklAePbJBFiBKvuTtiGMLbtJlHUqWt\/assets\/images\/optimized\/rev-4610e21\/eldiario.com\/wp-content\/uploads\/2022\/04\/06-Ciudadanos-bajo-la-lluvia-en-Caracas-El-Diario-Jose-Daniel-Ramos.jpg\" class=\"nitro-lazy\" decoding=\"async\" nitro-lazy-empty=\"\" id=\"Nzk5OjExNzk=-1\"\/> <\/picture><figcaption class=\"wp-element-caption\">Foto: Jos\u00e9 Daniel Ramos @danielj2511<\/figcaption><\/figure>\n<p>Por su parte, Protecci\u00f3n Civil (PC) indic\u00f3 el lunes que <strong>sus funcionarios se mantienen desplegados en las ciudades de Cuman\u00e1 y Cumanacoa<\/strong>en Sucre, ante las afectaciones causadas por la crecida del r\u00edo Agua Blanca, debido a las lluvias originadas por el tr\u00e1nsito de la onda tropical 48 en Venezuela.<\/p>\n<p>PC se\u00f1al\u00f3 que el Cuerpo de Bomberos, la<strong> Fuerza Armada Nacional Bolivariana y otras autoridades locales participan en labores de atenci\u00f3n ante la situaci\u00f3n provocada por las lluvias<\/strong>que ha dejado al menos 20 viviendas afectadas, seg\u00fan el balance ofrecido el lunes por la autoridad \u00fanica de Cumanacoa, Nayade Lockiby, quien asegur\u00f3 que no se han registrado fallecidos.<\/p>\n<h2 class=\"wp-block-heading\" id=\"h-tragedia-en-bolivar\"><strong>Tragedia en Bol\u00edvar <\/strong><\/h2>\n<p>En el estado Bol\u00edvar, las autoridades han rescatado, despu\u00e9s de una semana de labores, <strong>los cuerpos de 12 mineros que fallecieron tras una inundaci\u00f3n producto de las fuertes lluvias<\/strong>inform\u00f3 el lunes la gobernadora de la regi\u00f3n, Yulisbeth Garc\u00eda.<\/p>\n<p>Estas muertes se suman a las reportadas en agosto por el<strong> viceministro para la Gesti\u00f3n de Riesgo y Protecci\u00f3n Civil<\/strong>Juan Carlos Oti, quien inform\u00f3 entonces que seis personas perdieron la vida tras las fuertes lluvias registradas en Venezuela.<\/p>\n<figure class=\"wp-block-image size-full\"><picture decoding=\"async\" class=\"wp-image-689308\"><source type=\"image\/webp\" sizes=\"(max-width: 1200px) 100vw, 1200px\" nitro-lazy-srcset=\"https:\/\/eldiario.com\/nitropack_static\/DWpklAePbJBFiBKvuTtiGMLbtJlHUqWt\/assets\/images\/optimized\/rev-4610e21\/eldiario.com\/wp-content\/uploads\/2024\/06\/lluviasenccs.jpg.webp 1200w, https:\/\/eldiario.com\/nitropack_static\/DWpklAePbJBFiBKvuTtiGMLbtJlHUqWt\/assets\/images\/optimized\/rev-4610e21\/eldiario.com\/wp-content\/uploads\/2024\/06\/lluviasenccs-300x199.jpg.webp 300w, https:\/\/eldiario.com\/nitropack_static\/DWpklAePbJBFiBKvuTtiGMLbtJlHUqWt\/assets\/images\/optimized\/rev-4610e21\/eldiario.com\/wp-content\/uploads\/2024\/06\/lluviasenccs-768x509.jpg.webp 768w, https:\/\/eldiario.com\/nitropack_static\/DWpklAePbJBFiBKvuTtiGMLbtJlHUqWt\/assets\/images\/optimized\/rev-4610e21\/eldiario.com\/wp-content\/uploads\/2024\/06\/lluviasenccs-150x99.jpg.webp 150w\" nitro-lazy-empty=\"\" id=\"ODI4OjQwNQ==-1\" srcset=\"data:image\/svg+xml;nitro-empty-id=ODI4OjQwNQ==-1;base64,PHN2ZyB2aWV3Qm94PSIwIDAgMTIwMCA3OTUiIHdpZHRoPSIxMjAwIiBoZWlnaHQ9Ijc5NSIgeG1sbnM9Imh0dHA6Ly93d3cudzMub3JnLzIwMDAvc3ZnIj48L3N2Zz4=\"\/><img loading=\"lazy\" width=\"1200\" height=\"795\" alt=\"El Inameh mantiene vigilancia de la onda n\u00famero 16 por su potencial de convertirse en cicl\u00f3n \" sizes=\"auto, (max-width: 1200px) 100vw, 1200px\" srcset=\"https:\/\/eldiario.com\/nitropack_static\/DWpklAePbJBFiBKvuTtiGMLbtJlHUqWt\/assets\/images\/optimized\/rev-4610e21\/eldiario.com\/wp-content\/uploads\/2024\/06\/lluviasenccs.jpg 1200w, https:\/\/eldiario.com\/nitropack_static\/DWpklAePbJBFiBKvuTtiGMLbtJlHUqWt\/assets\/images\/optimized\/rev-4610e21\/eldiario.com\/wp-content\/uploads\/2024\/06\/lluviasenccs-300x199.jpg 300w, https:\/\/eldiario.com\/nitropack_static\/DWpklAePbJBFiBKvuTtiGMLbtJlHUqWt\/assets\/images\/optimized\/rev-4610e21\/eldiario.com\/wp-content\/uploads\/2024\/06\/lluviasenccs-768x509.jpg 768w, https:\/\/eldiario.com\/nitropack_static\/DWpklAePbJBFiBKvuTtiGMLbtJlHUqWt\/assets\/images\/optimized\/rev-4610e21\/eldiario.com\/wp-content\/uploads\/2024\/06\/lluviasenccs-150x99.jpg 150w\" src=\"https:\/\/eldiario.com\/nitropack_static\/DWpklAePbJBFiBKvuTtiGMLbtJlHUqWt\/assets\/images\/optimized\/rev-4610e21\/eldiario.com\/wp-content\/uploads\/2024\/06\/lluviasenccs.jpg\" class=\"nitro-lazy\" decoding=\"async\" nitro-lazy-empty=\"\" id=\"ODI5OjU4MQ==-1\"\/> <\/picture><figcaption class=\"wp-element-caption\">Foto: Pixabay<\/figcaption><\/figure>\n<p>La ministra de Ciencia y Tecnolog\u00eda de Venezuela, Gabriela Jim\u00e9nez, indic\u00f3 recientemente que el pa\u00eds ha registrado un <strong>300 % m\u00e1s de lluvias de lo esperado durante 2025<\/strong> que han afectado a m\u00e1s de 7 mil familias.<\/p>\n<p>Las lluvias, que comenzaron a finales de junio, tambi\u00e9n han ocasionado da\u00f1os en gran parte del occidente venezolano, que abarca, entre otras, las regiones de <strong>Barinas, T\u00e1chira, Trujillo, M\u00e9rida, Portuguesa y Gu\u00e1rico<\/strong>.<\/p>\n<p><em>Este contenido incluye informaci\u00f3n suministrada por la Agencia EFE. Editado, verificado y contextualizado por el equipo editorial de <\/em><strong><em>El Diario<\/em><\/strong><em>. Conoce nuestra pol\u00edtica sobre el uso de contenidos de EFE <\/em><strong>aqu\u00ed<\/strong>.<\/p>\n<\/p><\/div>\n\n","protected":false},"excerpt":{"rendered":"<p>Las fuertes lluvias de los \u00faltimos d\u00edas han causado da\u00f1os en varios estados de Venezuelaentre ellos viviendas afectadas, el colapso de un puente y el desbordamiento de alcantarillas, informaron las autoridades. En su cuenta de Instagram, el ministro de Transporte, Ram\u00f3n Vel\u00e1squez, report\u00f3 este martes 21 de octubre el colapso de un puente en Sucre &hellip;<\/p>\n","protected":false},"author":1,"featured_media":46673,"comment_status":"open","ping_status":"open","sticky":false,"template":"","format":"standard","meta":{"fifu_image_url":"https:\/\/eldiario.com\/wp-content\/uploads\/2024\/06\/rain-1503572-1280.jpg","fifu_image_alt":"","footnotes":""},"categories":[13],"tags":[],"class_list":["post-46671","post","type-post","status-publish","format-standard","has-post-thumbnail","","category-mundo"],"_links":{"self":[{"href":"https:\/\/noticiasveraces.com\/index.php?rest_route=\/wp\/v2\/posts\/46671","targetHints":{"allow":["GET"]}}],"collection":[{"href":"https:\/\/noticiasveraces.com\/index.php?rest_route=\/wp\/v2\/posts"}],"about":[{"href":"https:\/\/noticiasveraces.com\/index.php?rest_route=\/wp\/v2\/types\/post"}],"author":[{"embeddable":true,"href":"https:\/\/noticiasveraces.com\/index.php?rest_route=\/wp\/v2\/users\/1"}],"replies":[{"embeddable":true,"href":"https:\/\/noticiasveraces.com\/index.php?rest_route=%2Fwp%2Fv2%2Fcomments&post=46671"}],"version-history":[{"count":0,"href":"https:\/\/noticiasveraces.com\/index.php?rest_route=\/wp\/v2\/posts\/46671\/revisions"}],"wp:featuredmedia":[{"embeddable":true,"href":"https:\/\/noticiasveraces.com\/index.php?rest_route=\/wp\/v2\/media\/46673"}],"wp:attachment":[{"href":"https:\/\/noticiasveraces.com\/index.php?rest_route=%2Fwp%2Fv2%2Fmedia&parent=46671"}],"wp:term":[{"taxonomy":"category","embeddable":true,"href":"https:\/\/noticiasveraces.com\/index.php?rest_route=%2Fwp%2Fv2%2Fcategories&post=46671"},{"taxonomy":"post_tag","embeddable":true,"href":"https:\/\/noticiasveraces.com\/index.php?rest_route=%2Fwp%2Fv2%2Ftags&post=46671"}],"curies":[{"name":"wp","href":"https:\/\/api.w.org\/{rel}","templated":true}]}}