{"id":46665,"date":"2025-10-21T14:17:17","date_gmt":"2025-10-21T18:17:17","guid":{"rendered":"https:\/\/noticiasveraces.com\/?p=46665"},"modified":"2025-10-21T14:17:17","modified_gmt":"2025-10-21T18:17:17","slug":"filtran-nueva-chaqueta-que-usara-colombia-en-el-mundial-2026","status":"publish","type":"post","link":"https:\/\/noticiasveraces.com\/?p=46665","title":{"rendered":"Filtran nueva chaqueta que usar\u00e1 Colombia en el Mundial 2026"},"content":{"rendered":"<p> \n<br \/><img decoding=\"async\" src=\"https:\/\/www.futbolred.com\/files\/article_graphic\/uploads\/2025\/10\/14\/68ef1b45c24ba.jpeg\" \/><\/p>\n<header>\n<h3>Curiosidades de f\u00fatbol<br \/>\n            <\/h3>\n<h1>Filtran nueva chaqueta que usar\u00e1 Colombia en el Mundial 2026<br \/>\n        <\/h1>\n<address>\n            <a>Andres Julian Abril Gomez<br \/>\n        <\/address>\n<p>        21 de octubre de 2025, 12:22 m.<\/p>\n<\/header>\n<p>La tricolor tendr\u00e1 un redise\u00f1o total de su indumentaria para el importante torneo.&nbsp;<\/p>\n<p>La <b>Selecci\u00f3n Colombia<\/b> sigue su preparaci\u00f3n para el <b>Mundial 2026 <\/b>que marcar\u00e1 el regreso de la tricolor a la Copa del Mundo despu\u00e9s de ocho a\u00f1os sin estar luego de su ausencia en Catar 2022.  <\/p>\n<p>La tricolor ya jug\u00f3 sus dos primeros duelos de preparaci\u00f3n para el Mundial ante M\u00e9xico y Canad\u00e1 y le quedan cuatro partidos para afinar cosas de cara al torneo que se jugar\u00e1 a mitad del pr\u00f3ximo a\u00f1o.  <\/p>\n<p>A la par de esta preparaci\u00f3n, la marca Adidas que viste a la Selecci\u00f3n Colombia ya tiene lista la nueva indumentaria para el Mundial. Hace unas semanas se filtraron la camiseta local y visitante y durante este martes se conoci\u00f3 c\u00f3mo ser\u00e1 la chaqueta con la que saldr\u00e1 la Selecci\u00f3n en sus partidos para el torneo.<\/p>\n<p>El portal \u2018Footy Headlines\u2019 dio a conocer esta nueva prenda de la Selecci\u00f3n y cuenta con \u201cuna base azul marino oscuro con los tres colores nacionales de Colombia: rojo, amarillo y azul\u00bb.  <\/p>\n<p>De igual manera, cuenta con las tres l\u00edneas caracter\u00edsticas de la marca alemana en color rojo, unos paneles en color amarillo y el color azul de la bandera colombiana predomina bastante en las mangas de la chaqueta.<\/p>\n<p>Vale se\u00f1alar que hay muchas chances de que esta prenda salga a la par de la camiseta local para el Mundial que ser\u00eda estrenada para los amistosos del mes de noviembre del equipo de N\u00e9stor Lorenzo.  <\/p>\n<p>Por su parte, la camiseta visitante se estrenar\u00eda en el mes de marzo de 2026 y la reedici\u00f3n de la camiseta de Italia 90 que tambi\u00e9n sacar\u00eda Adidas, tambi\u00e9n est\u00e1 prevista a que salga el pr\u00f3ximo a\u00f1o.&nbsp;<\/p>\n\n","protected":false},"excerpt":{"rendered":"<p>Curiosidades de f\u00fatbol Filtran nueva chaqueta que usar\u00e1 Colombia en el Mundial 2026 Andres Julian Abril Gomez 21 de octubre de 2025, 12:22 m. La tricolor tendr\u00e1 un redise\u00f1o total de su indumentaria para el importante torneo.&nbsp; La Selecci\u00f3n Colombia sigue su preparaci\u00f3n para el Mundial 2026 que marcar\u00e1 el regreso de la tricolor a &hellip;<\/p>\n","protected":false},"author":1,"featured_media":46667,"comment_status":"open","ping_status":"open","sticky":false,"template":"","format":"standard","meta":{"fifu_image_url":"https:\/\/www.futbolred.com\/files\/og_thumbnail\/uploads\/2025\/10\/14\/68ef1b45c24ba.jpeg","fifu_image_alt":"","footnotes":""},"categories":[6],"tags":[],"class_list":["post-46665","post","type-post","status-publish","format-standard","has-post-thumbnail","","category-deportes"],"_links":{"self":[{"href":"https:\/\/noticiasveraces.com\/index.php?rest_route=\/wp\/v2\/posts\/46665","targetHints":{"allow":["GET"]}}],"collection":[{"href":"https:\/\/noticiasveraces.com\/index.php?rest_route=\/wp\/v2\/posts"}],"about":[{"href":"https:\/\/noticiasveraces.com\/index.php?rest_route=\/wp\/v2\/types\/post"}],"author":[{"embeddable":true,"href":"https:\/\/noticiasveraces.com\/index.php?rest_route=\/wp\/v2\/users\/1"}],"replies":[{"embeddable":true,"href":"https:\/\/noticiasveraces.com\/index.php?rest_route=%2Fwp%2Fv2%2Fcomments&post=46665"}],"version-history":[{"count":0,"href":"https:\/\/noticiasveraces.com\/index.php?rest_route=\/wp\/v2\/posts\/46665\/revisions"}],"wp:featuredmedia":[{"embeddable":true,"href":"https:\/\/noticiasveraces.com\/index.php?rest_route=\/wp\/v2\/media\/46667"}],"wp:attachment":[{"href":"https:\/\/noticiasveraces.com\/index.php?rest_route=%2Fwp%2Fv2%2Fmedia&parent=46665"}],"wp:term":[{"taxonomy":"category","embeddable":true,"href":"https:\/\/noticiasveraces.com\/index.php?rest_route=%2Fwp%2Fv2%2Fcategories&post=46665"},{"taxonomy":"post_tag","embeddable":true,"href":"https:\/\/noticiasveraces.com\/index.php?rest_route=%2Fwp%2Fv2%2Ftags&post=46665"}],"curies":[{"name":"wp","href":"https:\/\/api.w.org\/{rel}","templated":true}]}}