{"id":46662,"date":"2025-10-21T13:51:04","date_gmt":"2025-10-21T17:51:04","guid":{"rendered":"https:\/\/noticiasveraces.com\/?p=46662"},"modified":"2025-10-21T13:51:04","modified_gmt":"2025-10-21T17:51:04","slug":"tribunal-de-segunda-instancia-absuelve-a-uribe-por-el-delito-de-soborno","status":"publish","type":"post","link":"https:\/\/noticiasveraces.com\/?p=46662","title":{"rendered":"Tribunal de segunda instancia absuelve a Uribe por el delito de soborno"},"content":{"rendered":"<p> \n<\/p>\n<div id=\"\">\n<div class=\"image-featured\">\n<img src=\"data:image\/png;base64,iVBORw0KGgoAAAANSUhEUgAABLAAAAMgAQAAAAAbm6avAAAAAnRSTlMAAHaTzTgAAACMSURBVHja7cExAQAAAMKg9U9tB2+gAAAAAAAAAAAAAAAAAAAAAAAAAAAAAAAAAAAAAAAAAAAAAAAAAAAAAAAAAAAAAAAAAAAAAAAAAAAAAAAAAAAAAAAAAAAAAAAAAAAAAAAAAAAAAAAAAAAAAAAAAAAAAAAAAAAAAAAAAAAAAAAAAAAAAAAAAAAAPgPX7wABGnGBnwAAAABJRU5ErkJggg==\" alt=\"Tribunal de segunda instancia absuelve al expresidente Uribe por el delito de soborno\" data-src=\"https:\/\/elnacional-uploads.nyc3.digitaloceanspaces.com\/wp-content\/uploads\/2025\/10\/21130405\/ccd39bcec20de7e7b4532092c2b51ed97e0084fb.jpg\" decoding=\"async\" class=\"lazyload\" data-eio-rwidth=\"1200\" data-eio-rheight=\"800\"\/><img decoding=\"async\" src=\"https:\/\/elnacional-uploads.nyc3.digitaloceanspaces.com\/wp-content\/uploads\/2025\/10\/21130405\/ccd39bcec20de7e7b4532092c2b51ed97e0084fb.jpg\" alt=\"Tribunal de segunda instancia absuelve al expresidente Uribe por el delito de soborno\" data-eio=\"l\"\/><figcaption>Captura de pantalla de un video que muestra al expresidente de Colombia \u00c1lvaro Uribe hablando durante una audiencia este martes, en Bogot\u00e1 (Colombia) | Foto: EFE\/ Tribunales De Bogot\u00e1 Y Cundinamarca<\/figcaption><\/div>\n<p>El Tribunal Superior de Bogot\u00e1 absolvi\u00f3 este martes en segunda instancia al expresidente \u00c1lvaro Uribe (2002-2010) por el delito de soborno en actuaci\u00f3n penal al fallar la apelaci\u00f3n que hizo su defensa por una condena de 12 a\u00f1os de c\u00e1rcel que le fue impuesta en agosto pasado en un proceso que incluye adem\u00e1s el delito de fraude procesal.<\/p>\n<p>\u00abNo se acredit\u00f3 directa o indirectamente que \u00c1lvaro Uribe hubiera instigado el delito de soborno en actuaci\u00f3n penal (&#8230;) por tanto la Sala revocar\u00e1 la condena impuesta a \u00c1lvaro Uribe V\u00e9lez como determinador del delito de soborno en actuaci\u00f3n penal\u00bb, dijo el magistrado Manuel Antonio Merch\u00e1n al leer el fallo.<\/p>\n<figure class=\"wp-block-image size-full\"><img loading=\"lazy\" decoding=\"async\" width=\"1200\" height=\"688\" src=\"data:image\/png;base64,iVBORw0KGgoAAAANSUhEUgAABLAAAAKwAQAAAACgirtYAAAAAnRSTlMAAHaTzTgAAAB8SURBVHja7cEBDQAAAMKg909tDjegAAAAAAAAAAAAAAAAAAAAAAAAAAAAAAAAAAAAAAAAAAAAAAAAAAAAAAAAAAAAAAAAAAAAAAAAAAAAAAAAAAAAAAAAAAAAAAAAAAAAAAAAAAAAAAAAAAAAAAAAAAAAAAAAAAAAAODHAJXfAAF1z5zAAAAAAElFTkSuQmCC\" alt=\"\" class=\"wp-image-2819959 lazyload\" data-src=\"https:\/\/elnacional-uploads.nyc3.digitaloceanspaces.com\/wp-content\/uploads\/2025\/10\/21131811\/6223f512a896c24ec7dc96a9b9774f5a9efa9cec.jpg\" data-eio-rwidth=\"1200\" data-eio-rheight=\"688\"\/><img loading=\"lazy\" decoding=\"async\" width=\"1200\" height=\"688\" src=\"https:\/\/elnacional-uploads.nyc3.digitaloceanspaces.com\/wp-content\/uploads\/2025\/10\/21131811\/6223f512a896c24ec7dc96a9b9774f5a9efa9cec.jpg\" alt=\"\" class=\"wp-image-2819959\" data-eio=\"l\"\/><figcaption class=\"wp-element-caption\">Captura de pantalla de un video en los Tribunales de Bogot\u00e1 y Cundinamarca que muestra al expresidente de Colombia \u00c1lvaro Uribe (arriba-d) y el senador colombiano Iv\u00e1n Cepeda (arriba-i) participando en una audiencia este martes, en Bogot\u00e1 | Foto: EFE\/ Tribunales De Bogot\u00e1 Y Cundinamarca<\/figcaption><\/figure>\n<p>La absoluci\u00f3n se da en el caso de supuestas presiones a Carlos Enrique V\u00e9lez, Eur\u00eddice Cort\u00e9s y el exparamilitar Juan Guillermo Monsalve, quien est\u00e1 preso y era considerado un testigo clave.<\/p>\n<p>Monsalve acus\u00f3 a Uribe de haber promovido la creaci\u00f3n del Bloque Metro de las paramilitares Autodefensas Unidas de Colombia (AUC), y asegur\u00f3 que Diego Cadena, un abogado del expresidente, lo presion\u00f3 en la c\u00e1rcel para retractarse de lo dicho en contra del exmandatario en el caso que lo enfrenta con el senador de izquierdas Iv\u00e1n Cepeda.<\/p>\n<p>Despu\u00e9s de analizar los testimonios de Monsalve, el Tribunal Superior de Bogot\u00e1 concluy\u00f3 que \u00abla sentencia de primera instancia incurri\u00f3 en errores metodol\u00f3gicos, falacia interpretativa y valoraci\u00f3n sesgada de pruebas, al construir inferencias sobre su ordinaci\u00f3n funcional y dolo sin respaldo objetivo\u00bb.<\/p>\n<p>\u00abEn consecuencia, el Tribunal concluye que no se acredit\u00f3 responsabilidad m\u00e1s all\u00e1 de toda duda razonable y revoca la condena impuesta a \u00c1lvaro Uribe V\u00e9lez en este evento (caso Monsalve)\u00bb, agrega el fallo de segunda instancia, cuya lectura contin\u00faa sobre el otro delito por el que fue condenado Uribe, el de fraude procesal.<\/p>\n<p>El\u00a0magistrado Merch\u00e1n recalc\u00f3 que el Tribunal encontr\u00f3 un error de interpretaci\u00f3n jur\u00eddica\u00a0en la aplicaci\u00f3n del \u00abdolo eventual\u00bb como fundamento de la condena de primera instancia, emitida por la jueza Sandra Heredia, del Juzgado 44 Penal del Circuito de Bogot\u00e1, ya que la figura de la determinaci\u00f3n penal exige \u00abdolo directo\u00bb.<\/p>\n<h2 class=\"wp-block-heading\" id=\"h-querella-de-13-anos\"><strong>Querella de 13 a\u00f1os<\/strong><\/h2>\n<p>Uribe, fundador y l\u00edder del partido de derecha Centro Democr\u00e1tico, se convirti\u00f3 el 1 de agosto pasado en el primer expresidente de Colombia en ser condenado penalmente tras ser hallado por Heredia culpable de los delitos de fraude procesal y soborno en actuaci\u00f3n penal.<\/p>\n<p>El expresidente afronta esta parte de su juicio en libertad luego de que a mediados del mes pasado la Corte Suprema de Justicia confirmara la decisi\u00f3n del Tribunal Superior de Bogot\u00e1 que lo dej\u00f3 en libertad hasta que la sentencia quede en firme.<\/p>\n<p>Este caso se remonta a 2012, cuando Uribe demand\u00f3 al senador Cepeda ante la Corte Suprema de Justicia por supuesta manipulaci\u00f3n de testigos, mientras este preparaba una denuncia en el Senado en su contra por presuntos v\u00ednculos con grupos paramilitares.<\/p>\n<p>La Corte no solo decidi\u00f3 no investigar a Cepeda sino que abri\u00f3 un proceso contra Uribe al encontrar indicios de que manipul\u00f3 testigos para evitar que lo relacionaran con el paramilitarismo.<\/p>\n<\/div>\n\n","protected":false},"excerpt":{"rendered":"<p>Captura de pantalla de un video que muestra al expresidente de Colombia \u00c1lvaro Uribe hablando durante una audiencia este martes, en Bogot\u00e1 (Colombia) | Foto: EFE\/ Tribunales De Bogot\u00e1 Y Cundinamarca El Tribunal Superior de Bogot\u00e1 absolvi\u00f3 este martes en segunda instancia al expresidente \u00c1lvaro Uribe (2002-2010) por el delito de soborno en actuaci\u00f3n penal &hellip;<\/p>\n","protected":false},"author":1,"featured_media":46664,"comment_status":"open","ping_status":"open","sticky":false,"template":"","format":"standard","meta":{"fifu_image_url":"https:\/\/elnacional-uploads.nyc3.digitaloceanspaces.com\/wp-content\/uploads\/2025\/10\/21130405\/ccd39bcec20de7e7b4532092c2b51ed97e0084fb.jpg","fifu_image_alt":"","footnotes":""},"categories":[13],"tags":[],"class_list":["post-46662","post","type-post","status-publish","format-standard","has-post-thumbnail","","category-mundo"],"_links":{"self":[{"href":"https:\/\/noticiasveraces.com\/index.php?rest_route=\/wp\/v2\/posts\/46662","targetHints":{"allow":["GET"]}}],"collection":[{"href":"https:\/\/noticiasveraces.com\/index.php?rest_route=\/wp\/v2\/posts"}],"about":[{"href":"https:\/\/noticiasveraces.com\/index.php?rest_route=\/wp\/v2\/types\/post"}],"author":[{"embeddable":true,"href":"https:\/\/noticiasveraces.com\/index.php?rest_route=\/wp\/v2\/users\/1"}],"replies":[{"embeddable":true,"href":"https:\/\/noticiasveraces.com\/index.php?rest_route=%2Fwp%2Fv2%2Fcomments&post=46662"}],"version-history":[{"count":0,"href":"https:\/\/noticiasveraces.com\/index.php?rest_route=\/wp\/v2\/posts\/46662\/revisions"}],"wp:featuredmedia":[{"embeddable":true,"href":"https:\/\/noticiasveraces.com\/index.php?rest_route=\/wp\/v2\/media\/46664"}],"wp:attachment":[{"href":"https:\/\/noticiasveraces.com\/index.php?rest_route=%2Fwp%2Fv2%2Fmedia&parent=46662"}],"wp:term":[{"taxonomy":"category","embeddable":true,"href":"https:\/\/noticiasveraces.com\/index.php?rest_route=%2Fwp%2Fv2%2Fcategories&post=46662"},{"taxonomy":"post_tag","embeddable":true,"href":"https:\/\/noticiasveraces.com\/index.php?rest_route=%2Fwp%2Fv2%2Ftags&post=46662"}],"curies":[{"name":"wp","href":"https:\/\/api.w.org\/{rel}","templated":true}]}}