{"id":46636,"date":"2025-10-21T08:16:47","date_gmt":"2025-10-21T12:16:47","guid":{"rendered":"https:\/\/noticiasveraces.com\/?p=46636"},"modified":"2025-10-21T08:16:47","modified_gmt":"2025-10-21T12:16:47","slug":"desmienten-a-javier-fernandez-por-decir-que-es-irremplazable-curiosidades-de-futbol","status":"publish","type":"post","link":"https:\/\/noticiasveraces.com\/?p=46636","title":{"rendered":"Desmienten a Javier Fern\u00e1ndez, por decir que es &#8216;irremplazable&#8217; | Curiosidades de f\u00fatbol"},"content":{"rendered":"<p> \n<br \/><img decoding=\"async\" src=\"https:\/\/www.futbolred.com\/files\/article_graphic\/uploads\/2019\/01\/29\/5c5122b11d9cb.jpeg\" \/><\/p>\n<div id=\"cuerpoArticulo\">\n<p class=\"texto intro cnx-companion-firstparagraph\" id=\"p257304-m363-362-364\">Una gran sorpresa caus\u00f3 en su momento la salida de Javier Fern\u00e1ndez del Canal RCN.<\/p>\n<p class=\"texto contenido-parrafo-articulo cnx-companion-paragraph\" id=\"p257304-m381-2-382\">Quien se presentaba como &#8216;el narrador oficial de la Selecci\u00f3n Colombia&#8217; confirm\u00f3 su salida del canal en sus redes sociales. <\/p>\n<p class=\"texto contenido-parrafo-articulo cnx-companion-paragraph\" id=\"p257304-m445-4-446\"><b>\u00bfFern\u00e1ndez, irremplazable como narrador en el pa\u00eds?<br \/><\/b><br \/>El propio relator arm\u00f3 una pol\u00e9mica recientemente en una entrevista con\u00a0\u2018La Red Viral\u2019 en Youtube, al asegurar, sin falsa modestia, que no tiene reemplazo.<\/p>\n<p>\u201cHablar de reemplazo, te lo voy a decir honestamente y espero que no suene jactante, yo no tengo reemplazo. Yo no tengo reemplazo, as\u00ed de sencillo. El que llega, llega porque yo no estoy, pero que llegue a hacer lo que yo ya hice, es dif\u00edcil\u201d, cont\u00f3 Fern\u00e1ndez.<\/p>\n<p>El llamado &#8216;cantante del gol&#8217; critic\u00f3 a RCN TV, dijo que \u00abest\u00e1n equivocados en varias cosas\u00bb y asegur\u00f3 que Hern\u00e1n Pel\u00e1ez le reforz\u00f3 su idea de que ser \u00abel mejor del mundo\u00bb, no era tan f\u00e1cil de alcanzar. <\/p>\n<p>Sin embargo, desde la Costa le respondieron que estaba equivocado y que antes que \u00e9l hubo otro que hizo historia. <br \/>\u200b<br \/>\u00abReemplazo no tiene y nunca tendr\u00e1 Don EDGAR PEREA ARIAS (Q.E.P.D), con los buenos d\u00edas a \u201cel mejor del mundo\u201d, asegur\u00f3.<\/p>\n<div id=\"p257304-m451-5-452\" class=\"\">\n<blockquote class=\"twitter-tweet\" data-media-max-width=\"560\">\n<p lang=\"es\" dir=\"ltr\">El \u201cEl cantante del gol\u201d: \ud83d\udde3\ufe0f. \u201cHablar de reemplazo, te lo voy a decir honestamente y espero que no suene jactante, yo no tengo reemplazo\u201d . Reemplazo no tiene y nunca tendr\u00e1 Don EDGAR PEREA ARIAS (Q.E.P.D), con los buenos d\u00edas a \u201cel mejor del mundo\u201d<br \/>Tomado de <a href=\"https:\/\/twitter.com\/LAREDVIRAL_?ref_src=twsrc%5Etfw\">@LAREDVIRAL_<\/a> <a href=\"https:\/\/t.co\/U0p7aV7yP7\">pic.twitter.com\/U0p7aV7yP7<\/a><\/p>\n<p>\u2014 Pasi\u00f3n Tiburona (@PTiburona) <a href=\"https:\/\/twitter.com\/PTiburona\/status\/1980243960053281119?ref_src=twsrc%5Etfw\">20 de octubre de 2025<\/a><\/p><\/blockquote><\/div>\n<p class=\"texto contenido-parrafo-articulo cnx-companion-paragraph\" id=\"p257304-m457-6-458\">La discusi\u00f3n ahora queda abierta, pues el propio Fern\u00e1ndez ha alimentado una gran diferencia con Eduardo Luis L\u00f3pez, quien ahora es el narrador de los partidos de la Selecci\u00f3n Colombia. <\/p>\n<\/div>\n<p><script async src=\"https:\/\/platform.twitter.com\/widgets.js\" charset=\"utf-8\"><\/script><br \/>\n<br \/>\n","protected":false},"excerpt":{"rendered":"<p>Una gran sorpresa caus\u00f3 en su momento la salida de Javier Fern\u00e1ndez del Canal RCN. Quien se presentaba como &#8216;el narrador oficial de la Selecci\u00f3n Colombia&#8217; confirm\u00f3 su salida del canal en sus redes sociales. \u00bfFern\u00e1ndez, irremplazable como narrador en el pa\u00eds?El propio relator arm\u00f3 una pol\u00e9mica recientemente en una entrevista con\u00a0\u2018La Red Viral\u2019 en &hellip;<\/p>\n","protected":false},"author":1,"featured_media":46638,"comment_status":"open","ping_status":"open","sticky":false,"template":"","format":"standard","meta":{"fifu_image_url":"https:\/\/www.futbolred.com\/files\/og_thumbnail\/uploads\/2019\/01\/29\/5c5122b11d9cb.jpeg","fifu_image_alt":"","footnotes":""},"categories":[6],"tags":[],"class_list":["post-46636","post","type-post","status-publish","format-standard","has-post-thumbnail","","category-deportes"],"_links":{"self":[{"href":"https:\/\/noticiasveraces.com\/index.php?rest_route=\/wp\/v2\/posts\/46636","targetHints":{"allow":["GET"]}}],"collection":[{"href":"https:\/\/noticiasveraces.com\/index.php?rest_route=\/wp\/v2\/posts"}],"about":[{"href":"https:\/\/noticiasveraces.com\/index.php?rest_route=\/wp\/v2\/types\/post"}],"author":[{"embeddable":true,"href":"https:\/\/noticiasveraces.com\/index.php?rest_route=\/wp\/v2\/users\/1"}],"replies":[{"embeddable":true,"href":"https:\/\/noticiasveraces.com\/index.php?rest_route=%2Fwp%2Fv2%2Fcomments&post=46636"}],"version-history":[{"count":0,"href":"https:\/\/noticiasveraces.com\/index.php?rest_route=\/wp\/v2\/posts\/46636\/revisions"}],"wp:featuredmedia":[{"embeddable":true,"href":"https:\/\/noticiasveraces.com\/index.php?rest_route=\/wp\/v2\/media\/46638"}],"wp:attachment":[{"href":"https:\/\/noticiasveraces.com\/index.php?rest_route=%2Fwp%2Fv2%2Fmedia&parent=46636"}],"wp:term":[{"taxonomy":"category","embeddable":true,"href":"https:\/\/noticiasveraces.com\/index.php?rest_route=%2Fwp%2Fv2%2Fcategories&post=46636"},{"taxonomy":"post_tag","embeddable":true,"href":"https:\/\/noticiasveraces.com\/index.php?rest_route=%2Fwp%2Fv2%2Ftags&post=46636"}],"curies":[{"name":"wp","href":"https:\/\/api.w.org\/{rel}","templated":true}]}}