{"id":46613,"date":"2025-10-21T07:03:27","date_gmt":"2025-10-21T11:03:27","guid":{"rendered":"https:\/\/noticiasveraces.com\/?p=46613"},"modified":"2025-10-21T07:03:27","modified_gmt":"2025-10-21T11:03:27","slug":"lluvias-genero-inundaciones-y-crecidas-de-rios-en-varios-estados-de-venezuela","status":"publish","type":"post","link":"https:\/\/noticiasveraces.com\/?p=46613","title":{"rendered":"Lluvias gener\u00f3 inundaciones y crecidas de r\u00edos en varios estados de Venezuela"},"content":{"rendered":"<p> \n<\/p>\n<div>\n<p>Las <strong>lluvias registradas desde el domingo 19 hasta la tarde del 20 de octubre causaron afectaciones en varios estados de Venezuela<\/strong>con reportes de problemas viales en la Gran Caracas, crecidas de r\u00edos, inundaciones y p\u00e9rdidas materiales en La Guaira, Sucre y Bol\u00edvar. <\/p>\n<p>De acuerdo con varios reportes en la red social X,<strong> se registr\u00f3 tr\u00e1nsito lento en la autopista Gran Mariscal de Ayacucho, con sentido Caracas-Guarenas<\/strong> a la altura del terminal de Oriente, debido a la acumulaci\u00f3n de agua en la v\u00eda.<\/p>\n<p>Asimismo, <strong>se documentaron inundaciones en el estado Miranda, espec\u00edficamente en el municipio Los Teques,<\/strong> donde algunas calles en los sectores Los Lagos y Camatagua resultaron afectadas por las lluvias.<\/p>\n<p><strong>En La Guaira, la crecida del r\u00edo Piedras Azul gener\u00f3 la alarma y posterior activaci\u00f3n de protocolos de seguridad en el sector El Rinc\u00f3n<\/strong>ubicado en Maiquet\u00eda. <\/p>\n<figure class=\"wp-block-image size-large\"><img fetchpriority=\"high\" width=\"1200\" height=\"792\" alt=\"Autoridades confirmaron recuperaci\u00f3n de 12 cuerpos tras la inundaci\u00f3n en una mina en Bol\u00edvar\" sizes=\"(max-width: 1200px) 100vw, 1200px\" srcset=\"https:\/\/eldiario.com\/nitropack_static\/DWpklAePbJBFiBKvuTtiGMLbtJlHUqWt\/assets\/images\/optimized\/rev-4610e21\/eldiario.com\/wp-content\/uploads\/2025\/10\/WhatsApp-Image-2025-10-20-at-5.31.19-PM-1200x792.jpeg 1200w, https:\/\/eldiario.com\/nitropack_static\/DWpklAePbJBFiBKvuTtiGMLbtJlHUqWt\/assets\/images\/optimized\/rev-4610e21\/eldiario.com\/wp-content\/uploads\/2025\/10\/WhatsApp-Image-2025-10-20-at-5.31.19-PM-300x198.jpeg 300w, https:\/\/eldiario.com\/nitropack_static\/DWpklAePbJBFiBKvuTtiGMLbtJlHUqWt\/assets\/images\/optimized\/rev-4610e21\/eldiario.com\/wp-content\/uploads\/2025\/10\/WhatsApp-Image-2025-10-20-at-5.31.19-PM-768x507.jpeg 768w, https:\/\/eldiario.com\/nitropack_static\/DWpklAePbJBFiBKvuTtiGMLbtJlHUqWt\/assets\/images\/optimized\/rev-4610e21\/eldiario.com\/wp-content\/uploads\/2025\/10\/WhatsApp-Image-2025-10-20-at-5.31.19-PM-1536x1014.jpeg 1536w, https:\/\/eldiario.com\/nitropack_static\/DWpklAePbJBFiBKvuTtiGMLbtJlHUqWt\/assets\/images\/optimized\/rev-4610e21\/eldiario.com\/wp-content\/uploads\/2025\/10\/WhatsApp-Image-2025-10-20-at-5.31.19-PM-860x568.jpeg 860w, https:\/\/eldiario.com\/nitropack_static\/DWpklAePbJBFiBKvuTtiGMLbtJlHUqWt\/assets\/images\/optimized\/rev-4610e21\/eldiario.com\/wp-content\/uploads\/2025\/10\/WhatsApp-Image-2025-10-20-at-5.31.19-PM-150x99.jpeg 150w, https:\/\/eldiario.com\/nitropack_static\/DWpklAePbJBFiBKvuTtiGMLbtJlHUqWt\/assets\/images\/optimized\/rev-4610e21\/eldiario.com\/wp-content\/uploads\/2025\/10\/WhatsApp-Image-2025-10-20-at-5.31.19-PM.jpeg 1600w\" src=\"https:\/\/eldiario.com\/nitropack_static\/DWpklAePbJBFiBKvuTtiGMLbtJlHUqWt\/assets\/images\/optimized\/rev-4610e21\/eldiario.com\/wp-content\/uploads\/2025\/10\/WhatsApp-Image-2025-10-20-at-5.31.19-PM-1200x792.jpeg\" class=\"wp-image-823299 nitro-lazy\" decoding=\"async\" nitro-lazy-empty=\"\" id=\"ODAzOjExNjI=-1\"\/><figcaption class=\"wp-element-caption\">Foto: Cortes\u00eda Uni\u00f3n Radio<\/figcaption><\/figure>\n<h2 id=\"afectaciones-en-el-estado-sucre\" class=\"rb-heading-index-0-823295 wp-block-heading\"><strong>Afectaciones en el estado Sucre<\/strong><\/h2>\n<p>El Instituto Nacional de Meteorolog\u00eda e Hidrolog\u00eda <strong>(Inameh) inform\u00f3 el 20 de octubre que las lluvias recientes est\u00e1n asociadas al paso de la onda tropical n\u00famero 48. <\/strong><\/p>\n<p><strong>En el oriente del pa\u00eds provocaron el desbordamiento de los r\u00edos Manzanares y Tataracual en el estado Sucre,<\/strong> lo que result\u00f3 en inundaciones y p\u00e9rdida de enseres en los municipios Montes y Sucre de la entidad oriental.<\/p>\n<p>\u201cEn el eje carretero Cuman\u00e1-Cumanacoa aproximadamente seis comunidades sufrieron algunas afectaciones menores\u201d, dijo el director de Protecci\u00f3n Civil, Luis Villalba, en declaraciones ofrecidas a <em>Uni\u00f3n Radio<\/em>. <\/p>\n<p><strong>La vialidad en Sucre tambi\u00e9n present\u00f3 incidentes al registrarse un hundimiento en el puente de La Fuente<\/strong>estructura que comunica a Cumanacoa con San Salvador. <\/p>\n<p>Adicionalmente, <strong>el municipio Montes experiment\u00f3 el incremento del caudal del r\u00edo Agua Blanc<\/strong>a, lo que gener\u00f3 preocupaci\u00f3n en comunidades cercanas como Los Dos R\u00edos.<\/p>\n<figure class=\"wp-block-image size-large\"><img loading=\"lazy\" width=\"1200\" height=\"731\" alt=\"Autoridades confirmaron recuperaci\u00f3n de 12 cuerpos tras la inundaci\u00f3n en una mina en Bol\u00edvar\" sizes=\"auto, (max-width: 1200px) 100vw, 1200px\" srcset=\"https:\/\/eldiario.com\/nitropack_static\/DWpklAePbJBFiBKvuTtiGMLbtJlHUqWt\/assets\/images\/optimized\/rev-4610e21\/eldiario.com\/wp-content\/uploads\/2025\/10\/G3qm9rDXUAAekfK-768x418-1-1200x731.jpg 1200w, https:\/\/eldiario.com\/nitropack_static\/DWpklAePbJBFiBKvuTtiGMLbtJlHUqWt\/assets\/images\/optimized\/rev-4610e21\/eldiario.com\/wp-content\/uploads\/2025\/10\/G3qm9rDXUAAekfK-768x418-1-300x183.jpg 300w, https:\/\/eldiario.com\/nitropack_static\/DWpklAePbJBFiBKvuTtiGMLbtJlHUqWt\/assets\/images\/optimized\/rev-4610e21\/eldiario.com\/wp-content\/uploads\/2025\/10\/G3qm9rDXUAAekfK-768x418-1-768x468.jpg 768w, https:\/\/eldiario.com\/nitropack_static\/DWpklAePbJBFiBKvuTtiGMLbtJlHUqWt\/assets\/images\/optimized\/rev-4610e21\/eldiario.com\/wp-content\/uploads\/2025\/10\/G3qm9rDXUAAekfK-768x418-1-1536x935.jpg 1536w, https:\/\/eldiario.com\/nitropack_static\/DWpklAePbJBFiBKvuTtiGMLbtJlHUqWt\/assets\/images\/optimized\/rev-4610e21\/eldiario.com\/wp-content\/uploads\/2025\/10\/G3qm9rDXUAAekfK-768x418-1-860x524.jpg 860w, https:\/\/eldiario.com\/nitropack_static\/DWpklAePbJBFiBKvuTtiGMLbtJlHUqWt\/assets\/images\/optimized\/rev-4610e21\/eldiario.com\/wp-content\/uploads\/2025\/10\/G3qm9rDXUAAekfK-768x418-1-150x91.jpg 150w, https:\/\/eldiario.com\/nitropack_static\/DWpklAePbJBFiBKvuTtiGMLbtJlHUqWt\/assets\/images\/optimized\/rev-4610e21\/eldiario.com\/wp-content\/uploads\/2025\/10\/G3qm9rDXUAAekfK-768x418-1.jpg 1600w\" src=\"https:\/\/eldiario.com\/nitropack_static\/DWpklAePbJBFiBKvuTtiGMLbtJlHUqWt\/assets\/images\/optimized\/rev-4610e21\/eldiario.com\/wp-content\/uploads\/2025\/10\/G3qm9rDXUAAekfK-768x418-1-1200x731.jpg\" class=\"wp-image-823301 nitro-lazy\" decoding=\"async\" nitro-lazy-empty=\"\" id=\"ODMxOjEwMTQ=-1\"\/><figcaption class=\"wp-element-caption\">Foto: Cortes\u00eda El Siglo<\/figcaption><\/figure>\n<h2 id=\"muerte-de-mineros-en-el-estado-bolivar-por-inundaciones\" class=\"rb-heading-index-1-823295 wp-block-heading\"><strong>Muerte de mineros en el estado Bol\u00edvar por inundaciones<\/strong><\/h2>\n<p><strong>Las autoridades del estado Bol\u00edvar informaron sobre el rescate de los cuerpos de 12 mineros que murieron tras una inundaci\u00f3n ocurrida en una mina ubicada en El Callao<\/strong>en el municipio de Roscio.<\/p>\n<p>Yulisbeth Garc\u00eda, gobernadora de la regi\u00f3n, inform\u00f3 el 20 de octubre que un equipo multidisciplinario desarroll\u00f3 las labores para la recuperaci\u00f3n de los cuerpos. <\/p>\n<p>Garc\u00eda resalt\u00f3 que los hombres se encontraban desarrollando una actividad minera y quedaron \u201catascados\u201d tras la emergencia provocada por las fuertes lluvias en la entidad.<\/p>\n<figure class=\"wp-block-image size-large\"><img loading=\"lazy\" width=\"1200\" height=\"675\" alt=\"Autoridades confirmaron recuperaci\u00f3n de 12 cuerpos tras la inundaci\u00f3n en una mina en Bol\u00edvar\" sizes=\"auto, (max-width: 1200px) 100vw, 1200px\" srcset=\"https:\/\/eldiario.com\/nitropack_static\/DWpklAePbJBFiBKvuTtiGMLbtJlHUqWt\/assets\/images\/optimized\/rev-4610e21\/eldiario.com\/wp-content\/uploads\/2025\/10\/mineros-1200x675.jpg 1200w, https:\/\/eldiario.com\/nitropack_static\/DWpklAePbJBFiBKvuTtiGMLbtJlHUqWt\/assets\/images\/optimized\/rev-4610e21\/eldiario.com\/wp-content\/uploads\/2025\/10\/mineros-300x169.jpg 300w, https:\/\/eldiario.com\/nitropack_static\/DWpklAePbJBFiBKvuTtiGMLbtJlHUqWt\/assets\/images\/optimized\/rev-4610e21\/eldiario.com\/wp-content\/uploads\/2025\/10\/mineros-768x432.jpg 768w, https:\/\/eldiario.com\/nitropack_static\/DWpklAePbJBFiBKvuTtiGMLbtJlHUqWt\/assets\/images\/optimized\/rev-4610e21\/eldiario.com\/wp-content\/uploads\/2025\/10\/mineros-1536x864.jpg 1536w, https:\/\/eldiario.com\/nitropack_static\/DWpklAePbJBFiBKvuTtiGMLbtJlHUqWt\/assets\/images\/optimized\/rev-4610e21\/eldiario.com\/wp-content\/uploads\/2025\/10\/mineros-860x484.jpg 860w, https:\/\/eldiario.com\/nitropack_static\/DWpklAePbJBFiBKvuTtiGMLbtJlHUqWt\/assets\/images\/optimized\/rev-4610e21\/eldiario.com\/wp-content\/uploads\/2025\/10\/mineros-150x84.jpg 150w, https:\/\/eldiario.com\/nitropack_static\/DWpklAePbJBFiBKvuTtiGMLbtJlHUqWt\/assets\/images\/optimized\/rev-4610e21\/eldiario.com\/wp-content\/uploads\/2025\/10\/mineros.jpg 1600w\" src=\"https:\/\/eldiario.com\/nitropack_static\/DWpklAePbJBFiBKvuTtiGMLbtJlHUqWt\/assets\/images\/optimized\/rev-4610e21\/eldiario.com\/wp-content\/uploads\/2025\/10\/mineros-1200x675.jpg\" class=\"wp-image-823300 nitro-lazy\" decoding=\"async\" nitro-lazy-empty=\"\" id=\"ODUxOjg5MQ==-1\"\/><figcaption class=\"wp-element-caption\">Foto: Cortes\u00eda El Arague\u00f1o<\/figcaption><\/figure>\n<h2 id=\"aumento-del-300-en-las-lluvias-durante-2025-en-venezuela\" class=\"rb-heading-index-2-823295 wp-block-heading\"><strong>Aumento del 300 % en las lluvias durante 2025 en Venezuela<\/strong><\/h2>\n<p>Gabriela Jim\u00e9nez, ministra de Ciencia y Tecnolog\u00eda de Venezuela, inform\u00f3 el 9 de octubre que en el pa\u00eds se han registrado al menos 300 % m\u00e1s de lluvias de lo que se esperaba en 2025. <\/p>\n<p>\u201cProducto de este aumento de lluvias e inundaciones que afectaron a m\u00e1s de 7.000 familias venezolanas, vemos incrementos tambi\u00e9n en la proliferaci\u00f3n de vectores con enfermedades asociadas, como consecuencia de lo que se denomina cambio clim\u00e1tico, crisis clim\u00e1tica, emergencia clim\u00e1tica\u201d, dijo Jim\u00e9nez.<\/p>\n<p>Las precipitaciones, que comenzaron a finales de junio, han dejado da\u00f1os en gran parte del occidente venezolano, entre ellos los estados Barinas, T\u00e1chira, Trujillo, M\u00e9rida y Portuguesa. Tambi\u00e9n han afectado localidades del estado Bol\u00edvar y Gu\u00e1rico.<\/p>\n<p>Estas lluvias fueron provocadas por 45 ondas tropicales que han entrado al territorio venezolano desde mayo de 2025. De acuerdo con el presidente del Inameh, Reidy Zambrano, se esperan entre 50 a 66 ondas tropicales hasta el 30 de noviembre.<\/p>\n<\/p><\/div>\n\n","protected":false},"excerpt":{"rendered":"<p>Las lluvias registradas desde el domingo 19 hasta la tarde del 20 de octubre causaron afectaciones en varios estados de Venezuelacon reportes de problemas viales en la Gran Caracas, crecidas de r\u00edos, inundaciones y p\u00e9rdidas materiales en La Guaira, Sucre y Bol\u00edvar. De acuerdo con varios reportes en la red social X, se registr\u00f3 tr\u00e1nsito &hellip;<\/p>\n","protected":false},"author":1,"featured_media":46615,"comment_status":"open","ping_status":"open","sticky":false,"template":"","format":"standard","meta":{"fifu_image_url":"https:\/\/eldiario.com\/wp-content\/uploads\/2025\/10\/mineros-2.jpg","fifu_image_alt":"","footnotes":""},"categories":[4],"tags":[],"class_list":["post-46613","post","type-post","status-publish","format-standard","has-post-thumbnail","","category-historias-destacadas"],"_links":{"self":[{"href":"https:\/\/noticiasveraces.com\/index.php?rest_route=\/wp\/v2\/posts\/46613","targetHints":{"allow":["GET"]}}],"collection":[{"href":"https:\/\/noticiasveraces.com\/index.php?rest_route=\/wp\/v2\/posts"}],"about":[{"href":"https:\/\/noticiasveraces.com\/index.php?rest_route=\/wp\/v2\/types\/post"}],"author":[{"embeddable":true,"href":"https:\/\/noticiasveraces.com\/index.php?rest_route=\/wp\/v2\/users\/1"}],"replies":[{"embeddable":true,"href":"https:\/\/noticiasveraces.com\/index.php?rest_route=%2Fwp%2Fv2%2Fcomments&post=46613"}],"version-history":[{"count":0,"href":"https:\/\/noticiasveraces.com\/index.php?rest_route=\/wp\/v2\/posts\/46613\/revisions"}],"wp:featuredmedia":[{"embeddable":true,"href":"https:\/\/noticiasveraces.com\/index.php?rest_route=\/wp\/v2\/media\/46615"}],"wp:attachment":[{"href":"https:\/\/noticiasveraces.com\/index.php?rest_route=%2Fwp%2Fv2%2Fmedia&parent=46613"}],"wp:term":[{"taxonomy":"category","embeddable":true,"href":"https:\/\/noticiasveraces.com\/index.php?rest_route=%2Fwp%2Fv2%2Fcategories&post=46613"},{"taxonomy":"post_tag","embeddable":true,"href":"https:\/\/noticiasveraces.com\/index.php?rest_route=%2Fwp%2Fv2%2Ftags&post=46613"}],"curies":[{"name":"wp","href":"https:\/\/api.w.org\/{rel}","templated":true}]}}