{"id":46596,"date":"2025-10-21T02:00:11","date_gmt":"2025-10-21T06:00:11","guid":{"rendered":"https:\/\/noticiasveraces.com\/?p=46596"},"modified":"2025-10-21T02:00:11","modified_gmt":"2025-10-21T06:00:11","slug":"luis-diaz-no-atendio-a-periodista-colombiano-luego-de-bayern-munich-vs-borussia-dortmund-polemica-curiosidades-de-futbol","status":"publish","type":"post","link":"https:\/\/noticiasveraces.com\/?p=46596","title":{"rendered":"Luis D\u00edaz no atendi\u00f3 a periodista colombiano luego de Bayern M\u00fanich vs Borussia Dortmund: pol\u00e9mica | Curiosidades de f\u00fatbol"},"content":{"rendered":"<p> \n<br \/><img decoding=\"async\" src=\"https:\/\/www.futbolred.com\/files\/article_graphic\/uploads\/2025\/08\/30\/68b358b298ce9.jpeg\" \/><\/p>\n<div id=\"cuerpoArticulo\">\n<p class=\"texto intro cnx-companion-firstparagraph\" id=\"p257308-m329-328-330\">Luis D\u00edaz sigue recibiendo buenas calificaciones y reconocimientos por el rendimiento en el Bayer M\u00fanich, equipo al que lleg\u00f3 esta temporada. El extremo colombiano se sigue consolidando en la Bundesliga y en la Champions League.<\/p>\n<p>Sin embargo, hubo una queja por la actitud de Lucho D\u00edaz luego del partido del pasado s\u00e1bado 18 de octubre, en el que el Bayern venci\u00f3 2-1 a Borussia Dortmund en juego correspondiente a la s\u00e9ptima jornada de la Liga alemana.<\/p>\n<p>Luego de disputarse el denominado \u2018Der Klassiker\u2019, los jugadores pasaron por la zona mixta del Allianz Arena. All\u00ed, entre los reporteros que buscaban declaraciones de los futbolistas, estaba un periodista colombiano, que explot\u00f3 con D\u00edaz por el gesto que tuvo con \u00e9l.<\/p>\n<p class=\"texto contenido-parrafo-articulo cnx-companion-paragraph\" id=\"p257308-m379-3-380\">El incidente sucedi\u00f3 con Cristian Mej\u00eda, del medio de comunicaci\u00f3n <i>Claro Deportes<\/i>quien explot\u00f3 en redes sociales y no pudo evitar dejar en evidencia a Lucho D\u00edaz, pues no quiso atenderlo a pesar de que se trataba de un compatriota.<\/p>\n<p>\u201cAs\u00ed quedamos ayer. Luis D\u00edaz no quiso hablar, ni siquiera con los medios de SU pa\u00eds. Tres o cinco minutos, en una zona mixta, no te cambian la vida. Era un poco de respeto por nuestro trabajo. Nada m\u00e1s\u201d, fue la queja de Mej\u00eda, quien fue invitado al cl\u00e1sico del f\u00fatbol alem\u00e1n.<\/p>\n<div id=\"p257308-m385-4-386\" class=\"\">\n<blockquote class=\"twitter-tweet\">\n<p lang=\"es\" dir=\"ltr\">As\u00ed quedamos ayer. Luis D\u00edaz no quiso hablar, ni siquiera con los medios de SU pa\u00eds. Tres o cinco minutos, en una zona mixta, no te cambian la vida. Era un poco de respeto por nuestro trabajo. Nada m\u00e1s. <a href=\"https:\/\/t.co\/Pqot8jVEZv\">pic.twitter.com\/Pqot8jVEZv<\/a><\/p>\n<p>\u2014 Cristian Mej\u00eda (@cmejia26) <a href=\"https:\/\/twitter.com\/cmejia26\/status\/1979860592392597882?ref_src=twsrc%5Etfw\">19 de octubre de 2025<\/a><\/p><\/blockquote><\/div>\n<p class=\"texto contenido-parrafo-articulo cnx-companion-paragraph\" id=\"p257308-m391-5-392\">Su desahogo cre\u00f3 pol\u00e9mica en redes sociales, pues algunos defienden a Luis D\u00edaz y su decisi\u00f3n de no hablar, pues \u201cno est\u00e1 obligado a hacerlo\u201d; sin embargo, hubo hinchas y periodistas que respondieron manifestando solidaridad con Cristian Mej\u00eda, y lamentando la actitud de Lucho.<\/p>\n<\/div>\n<p><script async src=\"https:\/\/platform.twitter.com\/widgets.js\" charset=\"utf-8\"><\/script><br \/>\n<br \/>\n","protected":false},"excerpt":{"rendered":"<p>Luis D\u00edaz sigue recibiendo buenas calificaciones y reconocimientos por el rendimiento en el Bayer M\u00fanich, equipo al que lleg\u00f3 esta temporada. El extremo colombiano se sigue consolidando en la Bundesliga y en la Champions League. Sin embargo, hubo una queja por la actitud de Lucho D\u00edaz luego del partido del pasado s\u00e1bado 18 de octubre, &hellip;<\/p>\n","protected":false},"author":1,"featured_media":46598,"comment_status":"open","ping_status":"open","sticky":false,"template":"","format":"standard","meta":{"fifu_image_url":"https:\/\/www.futbolred.com\/files\/og_thumbnail\/uploads\/2025\/08\/30\/68b358b298ce9.jpeg","fifu_image_alt":"","footnotes":""},"categories":[6],"tags":[],"class_list":["post-46596","post","type-post","status-publish","format-standard","has-post-thumbnail","","category-deportes"],"_links":{"self":[{"href":"https:\/\/noticiasveraces.com\/index.php?rest_route=\/wp\/v2\/posts\/46596","targetHints":{"allow":["GET"]}}],"collection":[{"href":"https:\/\/noticiasveraces.com\/index.php?rest_route=\/wp\/v2\/posts"}],"about":[{"href":"https:\/\/noticiasveraces.com\/index.php?rest_route=\/wp\/v2\/types\/post"}],"author":[{"embeddable":true,"href":"https:\/\/noticiasveraces.com\/index.php?rest_route=\/wp\/v2\/users\/1"}],"replies":[{"embeddable":true,"href":"https:\/\/noticiasveraces.com\/index.php?rest_route=%2Fwp%2Fv2%2Fcomments&post=46596"}],"version-history":[{"count":0,"href":"https:\/\/noticiasveraces.com\/index.php?rest_route=\/wp\/v2\/posts\/46596\/revisions"}],"wp:featuredmedia":[{"embeddable":true,"href":"https:\/\/noticiasveraces.com\/index.php?rest_route=\/wp\/v2\/media\/46598"}],"wp:attachment":[{"href":"https:\/\/noticiasveraces.com\/index.php?rest_route=%2Fwp%2Fv2%2Fmedia&parent=46596"}],"wp:term":[{"taxonomy":"category","embeddable":true,"href":"https:\/\/noticiasveraces.com\/index.php?rest_route=%2Fwp%2Fv2%2Fcategories&post=46596"},{"taxonomy":"post_tag","embeddable":true,"href":"https:\/\/noticiasveraces.com\/index.php?rest_route=%2Fwp%2Fv2%2Ftags&post=46596"}],"curies":[{"name":"wp","href":"https:\/\/api.w.org\/{rel}","templated":true}]}}