{"id":46567,"date":"2025-10-20T22:41:15","date_gmt":"2025-10-21T02:41:15","guid":{"rendered":"https:\/\/noticiasveraces.com\/?p=46567"},"modified":"2025-10-20T22:41:15","modified_gmt":"2025-10-21T02:41:15","slug":"trujillanos-sobre-la-canonizacion-de-jose-gregorio-hernandez-para-nosotros-siempre-fue-un-santo","status":"publish","type":"post","link":"https:\/\/noticiasveraces.com\/?p=46567","title":{"rendered":"Trujillanos sobre la canonizaci\u00f3n de Jos\u00e9 Gregorio Hern\u00e1ndez: \u201cPara nosotros siempre fue un santo\u201d"},"content":{"rendered":"<p> \n<\/p>\n<div>\n<p>La canonizaci\u00f3n de Jos\u00e9 Gregorio Hern\u00e1ndez y Carmen Rendiles fue un sue\u00f1o cumplido para los habitantes de Valera, en el estado Trujillo. Por d\u00e9cadas, en esa ciudad cercana a Isnot\u00fa, donde naci\u00f3 el \u201cm\u00e9dico de los pobres\u201d, su devoci\u00f3n ha estado tan arraigada que, ya se le rend\u00eda culto sin ser todav\u00eda un santo. Ahora, que formalmente fue reconocido por la Iglesia cat\u00f3lica, los trujillanos reciben con orgullo y alegr\u00eda compartir gentilicio con el primer santo de Venezuela.<\/p>\n<p>En la Catedral de Valera, ubicada frente a la plaza Bol\u00edvar, un arco blanco lleno de rosas y ofrendas florales, se corona con la imagen de Jos\u00e9 Gregorio Hern\u00e1ndez, y su figura a pies del altar, contempla junto a la Virgen de Coromoto la oraci\u00f3n que se realiza all\u00ed las 24 horas del d\u00eda. All\u00ed, Milena Hern\u00e1ndez de Cordero acompa\u00f1a al grupo de laicos que se encarga de preparar las misas y rosarios a diferentes horas. En entrevista para <strong>El Diario<\/strong>indic\u00f3 que los trujillanos, el acto presidido el 19 de octubre de 2025 por el papa Le\u00f3n XIV fue la confirmaci\u00f3n de un fen\u00f3meno en el que siempre creyeron.<\/p>\n<figure class=\"wp-block-image size-large\"><img fetchpriority=\"high\" width=\"1200\" height=\"802\" alt=\"Trujillanos sobre la canonizaci\u00f3n de Jos\u00e9 Gregorio Hern\u00e1ndez: \u201cPara nosotros siempre fue un santo\u201d\" sizes=\"(max-width: 1200px) 100vw, 1200px\" srcset=\"https:\/\/eldiario.com\/nitropack_static\/DWpklAePbJBFiBKvuTtiGMLbtJlHUqWt\/assets\/images\/optimized\/rev-4610e21\/eldiario.com\/wp-content\/uploads\/2025\/10\/IMG-6665-1200x802.jpg 1200w, https:\/\/eldiario.com\/nitropack_static\/DWpklAePbJBFiBKvuTtiGMLbtJlHUqWt\/assets\/images\/optimized\/rev-4610e21\/eldiario.com\/wp-content\/uploads\/2025\/10\/IMG-6665-300x200.jpg 300w, https:\/\/eldiario.com\/nitropack_static\/DWpklAePbJBFiBKvuTtiGMLbtJlHUqWt\/assets\/images\/optimized\/rev-4610e21\/eldiario.com\/wp-content\/uploads\/2025\/10\/IMG-6665-768x513.jpg 768w, https:\/\/eldiario.com\/nitropack_static\/DWpklAePbJBFiBKvuTtiGMLbtJlHUqWt\/assets\/images\/optimized\/rev-4610e21\/eldiario.com\/wp-content\/uploads\/2025\/10\/IMG-6665-1536x1027.jpg 1536w, https:\/\/eldiario.com\/nitropack_static\/DWpklAePbJBFiBKvuTtiGMLbtJlHUqWt\/assets\/images\/optimized\/rev-4610e21\/eldiario.com\/wp-content\/uploads\/2025\/10\/IMG-6665-330x220.jpg 330w, https:\/\/eldiario.com\/nitropack_static\/DWpklAePbJBFiBKvuTtiGMLbtJlHUqWt\/assets\/images\/optimized\/rev-4610e21\/eldiario.com\/wp-content\/uploads\/2025\/10\/IMG-6665-420x280.jpg 420w, https:\/\/eldiario.com\/nitropack_static\/DWpklAePbJBFiBKvuTtiGMLbtJlHUqWt\/assets\/images\/optimized\/rev-4610e21\/eldiario.com\/wp-content\/uploads\/2025\/10\/IMG-6665-615x410.jpg 615w, https:\/\/eldiario.com\/nitropack_static\/DWpklAePbJBFiBKvuTtiGMLbtJlHUqWt\/assets\/images\/optimized\/rev-4610e21\/eldiario.com\/wp-content\/uploads\/2025\/10\/IMG-6665-860x575.jpg 860w, https:\/\/eldiario.com\/nitropack_static\/DWpklAePbJBFiBKvuTtiGMLbtJlHUqWt\/assets\/images\/optimized\/rev-4610e21\/eldiario.com\/wp-content\/uploads\/2025\/10\/IMG-6665-150x100.jpg 150w, https:\/\/eldiario.com\/nitropack_static\/DWpklAePbJBFiBKvuTtiGMLbtJlHUqWt\/assets\/images\/optimized\/rev-4610e21\/eldiario.com\/wp-content\/uploads\/2025\/10\/IMG-6665.jpg 1616w\" src=\"https:\/\/eldiario.com\/nitropack_static\/DWpklAePbJBFiBKvuTtiGMLbtJlHUqWt\/assets\/images\/optimized\/rev-4610e21\/eldiario.com\/wp-content\/uploads\/2025\/10\/IMG-6665-1200x802.jpg\" class=\"wp-image-823330 nitro-lazy\" decoding=\"async\" nitro-lazy-empty=\"\" id=\"NzkzOjExNDI=-1\"\/><figcaption class=\"wp-element-caption\">Foto: Mauricio Villarreal<\/figcaption><\/figure>\n<p>\u201cPara nosotros siempre fue santo. No es regionalismo, por tradici\u00f3n o tiempo, sino porque nosotros tenemos testimonios fervientes de su santidad, donde hemos vivido de verdad manifestaciones milagrosas de su intercesi\u00f3n ante nuestro Se\u00f1or para la sanaci\u00f3n de muchas personas\u201d, declar\u00f3.<\/p>\n<h2 id=\"de-generacion-en-generacionnbsp\" class=\"rb-heading-index-0-823325 wp-block-heading\"><strong>De generaci\u00f3n en generaci\u00f3n<\/strong> <\/h2>\n<p>Rosangela Hern\u00e1ndez de Gonz\u00e1lez tiene un altar en su casa, y una de sus reliquias m\u00e1s preciada es una estampa de Jos\u00e9 Gregorio Hern\u00e1ndez que perteneci\u00f3 a su abuela. Cuenta que desde que tiene uso de raz\u00f3n, la devoci\u00f3n por \u00e9l ha estado presente en su familia, como una tradici\u00f3n vigente de generaci\u00f3n en generaci\u00f3n. <\/p>\n<p>Afirma que su intercesi\u00f3n del santo su abuela se recuper\u00f3 de un accidente cerebrovascular (ACV) a los 90 a\u00f1os de edad, y que se mantuvo l\u00facida hasta su \u00faltimo d\u00eda, a los 93 a\u00f1os. Ese, y otros milagros registrados por su familia, le hacen considerar que Hern\u00e1ndez merec\u00eda desde hace muchos a\u00f1os su lugar en los altares.<\/p>\n<p>\u201cFue lo m\u00e1s ansiado por nosotros los trujillanos\u201d, asevera. Sentada frente al altar, reconoce que la cercan\u00eda de Valera con Isnot\u00fa hizo que el culto por Jos\u00e9 Gregorio fuera m\u00e1s potente en la regi\u00f3n, aunque con el tiempo se expandi\u00f3 por toda Venezuela, e incluso internacionalmente por la di\u00e1spora.<\/p>\n<h2 id=\"fervor-religiosonbsp\" class=\"rb-heading-index-1-823325 wp-block-heading\"><strong>Fervor religioso <\/strong><\/h2>\n<figure class=\"wp-block-image size-large\"><img loading=\"lazy\" width=\"1200\" height=\"802\" alt=\"Trujillanos sobre la canonizaci\u00f3n de Jos\u00e9 Gregorio Hern\u00e1ndez: \u201cPara nosotros siempre fue un santo\u201d\" sizes=\"auto, (max-width: 1200px) 100vw, 1200px\" srcset=\"https:\/\/eldiario.com\/nitropack_static\/DWpklAePbJBFiBKvuTtiGMLbtJlHUqWt\/assets\/images\/optimized\/rev-4610e21\/eldiario.com\/wp-content\/uploads\/2025\/10\/IMG-6667-1200x802.jpg 1200w, https:\/\/eldiario.com\/nitropack_static\/DWpklAePbJBFiBKvuTtiGMLbtJlHUqWt\/assets\/images\/optimized\/rev-4610e21\/eldiario.com\/wp-content\/uploads\/2025\/10\/IMG-6667-300x200.jpg 300w, https:\/\/eldiario.com\/nitropack_static\/DWpklAePbJBFiBKvuTtiGMLbtJlHUqWt\/assets\/images\/optimized\/rev-4610e21\/eldiario.com\/wp-content\/uploads\/2025\/10\/IMG-6667-768x513.jpg 768w, https:\/\/eldiario.com\/nitropack_static\/DWpklAePbJBFiBKvuTtiGMLbtJlHUqWt\/assets\/images\/optimized\/rev-4610e21\/eldiario.com\/wp-content\/uploads\/2025\/10\/IMG-6667-1536x1027.jpg 1536w, https:\/\/eldiario.com\/nitropack_static\/DWpklAePbJBFiBKvuTtiGMLbtJlHUqWt\/assets\/images\/optimized\/rev-4610e21\/eldiario.com\/wp-content\/uploads\/2025\/10\/IMG-6667-330x220.jpg 330w, https:\/\/eldiario.com\/nitropack_static\/DWpklAePbJBFiBKvuTtiGMLbtJlHUqWt\/assets\/images\/optimized\/rev-4610e21\/eldiario.com\/wp-content\/uploads\/2025\/10\/IMG-6667-420x280.jpg 420w, https:\/\/eldiario.com\/nitropack_static\/DWpklAePbJBFiBKvuTtiGMLbtJlHUqWt\/assets\/images\/optimized\/rev-4610e21\/eldiario.com\/wp-content\/uploads\/2025\/10\/IMG-6667-615x410.jpg 615w, https:\/\/eldiario.com\/nitropack_static\/DWpklAePbJBFiBKvuTtiGMLbtJlHUqWt\/assets\/images\/optimized\/rev-4610e21\/eldiario.com\/wp-content\/uploads\/2025\/10\/IMG-6667-860x575.jpg 860w, https:\/\/eldiario.com\/nitropack_static\/DWpklAePbJBFiBKvuTtiGMLbtJlHUqWt\/assets\/images\/optimized\/rev-4610e21\/eldiario.com\/wp-content\/uploads\/2025\/10\/IMG-6667-150x100.jpg 150w, https:\/\/eldiario.com\/nitropack_static\/DWpklAePbJBFiBKvuTtiGMLbtJlHUqWt\/assets\/images\/optimized\/rev-4610e21\/eldiario.com\/wp-content\/uploads\/2025\/10\/IMG-6667.jpg 1616w\" src=\"https:\/\/eldiario.com\/nitropack_static\/DWpklAePbJBFiBKvuTtiGMLbtJlHUqWt\/assets\/images\/optimized\/rev-4610e21\/eldiario.com\/wp-content\/uploads\/2025\/10\/IMG-6667-1200x802.jpg\" class=\"wp-image-823331 nitro-lazy\" decoding=\"async\" nitro-lazy-empty=\"\" id=\"ODIzOjExMTU=-1\"\/><figcaption class=\"wp-element-caption\">Foto: Mauricio Villarreal<\/figcaption><\/figure>\n<p>La ciudad de Trujillo, capital del estado, tambi\u00e9n celebr\u00f3 la canonizaci\u00f3n del nuevo santo. El 18 de octubre se inaugur\u00f3 all\u00ed la estatua m\u00e1s grande de Jos\u00e9 Gregorio Hern\u00e1ndez existente hasta ahora, de nueve metros de altura, creada por el artista Josu\u00e9 Benjam\u00edn Figueroa. A su alrededor sigue la tierra removida de lo que ser\u00e1 el parque hom\u00f3nimo del santo.<\/p>\n<p>En la Catedral de Nuestra Se\u00f1ora de la Paz, frente a la plaza Bol\u00edvar, entre sus columnas de madera que datan del siglo XVII, un grupo reza el rosario mientras que en el altar reposa otra figura de Jos\u00e9 Gregorio Hern\u00e1ndez. All\u00ed tambi\u00e9n se hizo una vigilia en la que los feligreses vieron la misa del Vaticano a trav\u00e9s de una pantalla.<\/p>\n<p>Leida Ramos estuvo en esa ceremonia, que tambi\u00e9n cont\u00f3 con una misa especial, y sus ojos brillan al recordar la emoci\u00f3n de ver al papa nombrar a Hern\u00e1ndez y Rendiles. \u201cFue algo maravilloso. Esperamos muchas cosas buenas y de ahora en adelante pasar\u00e1n a\u00fan m\u00e1s cosas buenas. Jos\u00e9 Gregorio es nuestro, es nacido y criado ac\u00e1, es paisano y estamos muy contentos toda la gente de Trujillo de que se nos diera ese gran milagro de su canonizaci\u00f3n\u201d, expresa.<\/p>\n<h2 id=\"procesionnbsp\" class=\"rb-heading-index-2-823325 wp-block-heading\"><strong>Procesi\u00f3n <\/strong><\/h2>\n<figure class=\"wp-block-image size-large\"><img loading=\"lazy\" width=\"1200\" height=\"802\" alt=\"Trujillanos sobre la canonizaci\u00f3n de Jos\u00e9 Gregorio Hern\u00e1ndez: \u201cPara nosotros siempre fue un santo\u201d\" sizes=\"auto, (max-width: 1200px) 100vw, 1200px\" srcset=\"https:\/\/eldiario.com\/nitropack_static\/DWpklAePbJBFiBKvuTtiGMLbtJlHUqWt\/assets\/images\/optimized\/rev-4610e21\/eldiario.com\/wp-content\/uploads\/2025\/10\/IMG-6661-1200x802.jpg 1200w, https:\/\/eldiario.com\/nitropack_static\/DWpklAePbJBFiBKvuTtiGMLbtJlHUqWt\/assets\/images\/optimized\/rev-4610e21\/eldiario.com\/wp-content\/uploads\/2025\/10\/IMG-6661-300x200.jpg 300w, https:\/\/eldiario.com\/nitropack_static\/DWpklAePbJBFiBKvuTtiGMLbtJlHUqWt\/assets\/images\/optimized\/rev-4610e21\/eldiario.com\/wp-content\/uploads\/2025\/10\/IMG-6661-768x513.jpg 768w, https:\/\/eldiario.com\/nitropack_static\/DWpklAePbJBFiBKvuTtiGMLbtJlHUqWt\/assets\/images\/optimized\/rev-4610e21\/eldiario.com\/wp-content\/uploads\/2025\/10\/IMG-6661-1536x1027.jpg 1536w, https:\/\/eldiario.com\/nitropack_static\/DWpklAePbJBFiBKvuTtiGMLbtJlHUqWt\/assets\/images\/optimized\/rev-4610e21\/eldiario.com\/wp-content\/uploads\/2025\/10\/IMG-6661-330x220.jpg 330w, https:\/\/eldiario.com\/nitropack_static\/DWpklAePbJBFiBKvuTtiGMLbtJlHUqWt\/assets\/images\/optimized\/rev-4610e21\/eldiario.com\/wp-content\/uploads\/2025\/10\/IMG-6661-420x280.jpg 420w, https:\/\/eldiario.com\/nitropack_static\/DWpklAePbJBFiBKvuTtiGMLbtJlHUqWt\/assets\/images\/optimized\/rev-4610e21\/eldiario.com\/wp-content\/uploads\/2025\/10\/IMG-6661-615x410.jpg 615w, https:\/\/eldiario.com\/nitropack_static\/DWpklAePbJBFiBKvuTtiGMLbtJlHUqWt\/assets\/images\/optimized\/rev-4610e21\/eldiario.com\/wp-content\/uploads\/2025\/10\/IMG-6661-860x575.jpg 860w, https:\/\/eldiario.com\/nitropack_static\/DWpklAePbJBFiBKvuTtiGMLbtJlHUqWt\/assets\/images\/optimized\/rev-4610e21\/eldiario.com\/wp-content\/uploads\/2025\/10\/IMG-6661-150x100.jpg 150w, https:\/\/eldiario.com\/nitropack_static\/DWpklAePbJBFiBKvuTtiGMLbtJlHUqWt\/assets\/images\/optimized\/rev-4610e21\/eldiario.com\/wp-content\/uploads\/2025\/10\/IMG-6661.jpg 1616w\" src=\"https:\/\/eldiario.com\/nitropack_static\/DWpklAePbJBFiBKvuTtiGMLbtJlHUqWt\/assets\/images\/optimized\/rev-4610e21\/eldiario.com\/wp-content\/uploads\/2025\/10\/IMG-6661-1200x802.jpg\" class=\"wp-image-823332 nitro-lazy\" decoding=\"async\" nitro-lazy-empty=\"\" id=\"ODQzOjExMzY=-1\"\/><figcaption class=\"wp-element-caption\">Foto: Mauricio Villarreal<\/figcaption><\/figure>\n<p>Usualmente, todos los 26 de octubre se realiza una marcha de peregrinaci\u00f3n desde Valera hasta el Santuario del Ni\u00f1o Jes\u00fas, en Isnot\u00fa, por el cumplea\u00f1os de Jos\u00e9 Gregorio Hern\u00e1ndez. Esa tradici\u00f3n se adelant\u00f3 este a\u00f1o, el 19 de octubre, por la ceremonia de canonizaci\u00f3n.<\/p>\n<p>Estudiantes de Medicina, personas pagando promesa y hasta en silla de ruedas andaron por casi 17 kil\u00f3metros hasta el pueblo natal del santo, donde se celebr\u00f3 una misa multitudinaria. Hern\u00e1ndez de Cordero fue una de las devotas que camin\u00f3 por esa ruta, en la carretera de Sabana Libre, y destac\u00f3 la energ\u00eda de cada persona que particip\u00f3 llevando sus plegarias, pero tambi\u00e9n su gratitud con el santo por los favores cumplidos.<\/p>\n<p>\u201cLos que iban marchando no solo eran devotos, sino testimonios de sus milagros, y muchos de esos testimonios no son conocidos, pero la gran mayor\u00eda de la gente ha vivido milagros, peque\u00f1os o grandes\u201d, agreg\u00f3.<\/p>\n<p>Precisa que el 26 de octubre, festividad nacional de Jos\u00e9 Gregorio Hern\u00e1ndez, ser\u00e1 una fecha clave en la que est\u00e1n previstas misas en las que celebrar\u00e1n por primera vez al \u201cm\u00e9dico de los pobres\u201d y a la madre Carmen Rendiles. Tambi\u00e9n el 1\u00b0 de noviembre, D\u00eda de Todos los Santos, cuando habr\u00e1 una misa de acci\u00f3n de gracias presidida por el Nuncio Apost\u00f3lico, monse\u00f1or Alberto Ortega Mar\u00edn.<\/p>\n<p>Leida Ramos espera viajar a Isnot\u00fa ese d\u00eda para celebrar formalmente. Agreg\u00f3 que ahora el pueblo trujillano y venezolano puede pedir por la salud de los enfermos, los ancianos y los ni\u00f1os. \u201cPedimos, primeramente Dios, para que nos ayude a salir adelante y para durar un tiempo m\u00e1s de vida\u201d, apunta.<\/p>\n<\/p><\/div>\n\n","protected":false},"excerpt":{"rendered":"<p>La canonizaci\u00f3n de Jos\u00e9 Gregorio Hern\u00e1ndez y Carmen Rendiles fue un sue\u00f1o cumplido para los habitantes de Valera, en el estado Trujillo. Por d\u00e9cadas, en esa ciudad cercana a Isnot\u00fa, donde naci\u00f3 el \u201cm\u00e9dico de los pobres\u201d, su devoci\u00f3n ha estado tan arraigada que, ya se le rend\u00eda culto sin ser todav\u00eda un santo. Ahora, &hellip;<\/p>\n","protected":false},"author":1,"featured_media":46569,"comment_status":"open","ping_status":"open","sticky":false,"template":"","format":"standard","meta":{"fifu_image_url":"https:\/\/eldiario.com\/wp-content\/uploads\/2025\/10\/FOTO.png","fifu_image_alt":"","footnotes":""},"categories":[13],"tags":[],"class_list":["post-46567","post","type-post","status-publish","format-standard","has-post-thumbnail","","category-mundo"],"_links":{"self":[{"href":"https:\/\/noticiasveraces.com\/index.php?rest_route=\/wp\/v2\/posts\/46567","targetHints":{"allow":["GET"]}}],"collection":[{"href":"https:\/\/noticiasveraces.com\/index.php?rest_route=\/wp\/v2\/posts"}],"about":[{"href":"https:\/\/noticiasveraces.com\/index.php?rest_route=\/wp\/v2\/types\/post"}],"author":[{"embeddable":true,"href":"https:\/\/noticiasveraces.com\/index.php?rest_route=\/wp\/v2\/users\/1"}],"replies":[{"embeddable":true,"href":"https:\/\/noticiasveraces.com\/index.php?rest_route=%2Fwp%2Fv2%2Fcomments&post=46567"}],"version-history":[{"count":0,"href":"https:\/\/noticiasveraces.com\/index.php?rest_route=\/wp\/v2\/posts\/46567\/revisions"}],"wp:featuredmedia":[{"embeddable":true,"href":"https:\/\/noticiasveraces.com\/index.php?rest_route=\/wp\/v2\/media\/46569"}],"wp:attachment":[{"href":"https:\/\/noticiasveraces.com\/index.php?rest_route=%2Fwp%2Fv2%2Fmedia&parent=46567"}],"wp:term":[{"taxonomy":"category","embeddable":true,"href":"https:\/\/noticiasveraces.com\/index.php?rest_route=%2Fwp%2Fv2%2Fcategories&post=46567"},{"taxonomy":"post_tag","embeddable":true,"href":"https:\/\/noticiasveraces.com\/index.php?rest_route=%2Fwp%2Fv2%2Ftags&post=46567"}],"curies":[{"name":"wp","href":"https:\/\/api.w.org\/{rel}","templated":true}]}}