{"id":46562,"date":"2025-10-20T21:38:10","date_gmt":"2025-10-21T01:38:10","guid":{"rendered":"https:\/\/noticiasveraces.com\/?p=46562"},"modified":"2025-10-20T21:38:10","modified_gmt":"2025-10-21T01:38:10","slug":"venezolanos-se-llevan-agua-de-la-fuente-de-la-estatua-de-jose-gregorio-hernandez-la-fe-mueve-montanas","status":"publish","type":"post","link":"https:\/\/noticiasveraces.com\/?p=46562","title":{"rendered":"Venezolanos se llevan agua de la fuente de la estatua de Jos\u00e9 Gregorio Hern\u00e1ndez: \u00abLa fe mueve monta\u00f1as\u00bb"},"content":{"rendered":"<p> \n<\/p>\n<div>\n<article>\n<div class=\"image-featured\">\n<img src=\"data:image\/png;base64,iVBORw0KGgoAAAANSUhEUgAABQAAAAM0AQAAAADMpLLbAAAAAnRSTlMAAHaTzTgAAACXSURBVHja7cEBDQAAAMKg909tDjegAAAAAAAAAAAAAAAAAAAAAAAAAAAAAAAAAAAAAAAAAAAAAAAAAAAAAAAAAAAAAAAAAAAAAAAAAAAAAAAAAAAAAAAAAAAAAAAAAAAAAAAAAAAAAAAAAAAAAAAAAAAAAAAAAAAAAAAAAAAAAAAAAAAAAAAAAAAAAAAAAAAAAAAAAIBHAwPSAAE+faf2AAAAAElFTkSuQmCC\" alt=\"Jos\u00e9-Gregorio-Hern\u00e1ndez- (2)\" data-src=\"https:\/\/elnacional-uploads.nyc3.digitaloceanspaces.com\/wp-content\/uploads\/2025\/10\/20203902\/Jose-Gregorio-Hernandez-2-3-1280x820.jpg\" decoding=\"async\" class=\"lazyload\" data-eio-rwidth=\"1280\" data-eio-rheight=\"820\"\/><img decoding=\"async\" src=\"https:\/\/elnacional-uploads.nyc3.digitaloceanspaces.com\/wp-content\/uploads\/2025\/10\/20203902\/Jose-Gregorio-Hernandez-2-3-1280x820.jpg\" alt=\"Jos\u00e9-Gregorio-Hern\u00e1ndez- (2)\" data-eio=\"l\"\/><figcaption>Jos\u00e9 Gregorio Hern\u00e1ndez: escultura en la plaza La Candelaria. Foto: Ezequiel Car\u00edas y captura de pantalla | Composici\u00f3n El Nacional<\/figcaption><\/div>\n<p>Luego de la canonizaci\u00f3n de<strong> Jos\u00e9 Gregorio Hern\u00e1ndez y Carmen Rendiles<\/strong>algunos venezolanos que han visitado la plaza de La Candelaria se llevan agua de la fuente que est\u00e1 en la base de la estatua dedicada al m\u00e9dico de los pobres.<\/p>\n<p>En videos que han publicado en las redes sociales se ve c\u00f3mo una gran cantidad de personas llena recipientes con el l\u00edquido que sale de la base de la estatua en honor al trujillano.<\/p>\n<blockquote class=\"instagram-media\" data-instgrm-captioned=\"\" data-instgrm-permalink=\"https:\/\/www.instagram.com\/reel\/DQB6ws7jItJ\/?utm_source=ig_embed&amp;utm_campaign=loading\" data-instgrm-version=\"14\" style=\" background:#FFF; border:0; border-radius:3px; box-shadow:0 0 1px 0 rgba(0,0,0,0.5),0 1px 10px 0 rgba(0,0,0,0.15); margin: 1px; max-width:540px; min-width:326px; padding:0; width:99.375%; width:-webkit-calc(100% - 2px); width:calc(100% - 2px);\"\/>\n<p>Muchos consideran que est\u00e1 bendita y por eso han decidido guardarla. \u00abLa fe mueve monta\u00f1as y si ellos creen que es agua bendita, bendecidos ser\u00e1n\u00bb, <strong>\u00abSolo veo personas con fe, mi mam\u00e1 siempre recog\u00eda agua en el santuario de Betania\u00bb<\/strong>\u00abSe llama fe y cualquier agua puede ser bendecida con tan solo desearlo y pedirlo y si nuestro santo doctor Jos\u00e9 Gregorio Hern\u00e1ndez est\u00e1 ah\u00ed esa agua es bendita, si pueden que se ba\u00f1en y se sanen\u00bb.<\/p>\n<p>Sin embargo, hay quienes consideran que no est\u00e1 bien esta acci\u00f3n, pues podr\u00edan causar deterioro a la obra.<\/p>\n<p>La plaza frente a la Iglesia Nuestra Se\u00f1ora de la Candelaria ha sido un punto concurrido desde el fin de semana, pues los actos en Caracas por la canonizaci\u00f3n se centraron en este lugar y en La Pastora, en donde vivi\u00f3 durante a\u00f1os el tambi\u00e9n profesor universitario.<\/p>\n<p>El ascenso a los altares de estos dos venezolanos ha sido celebrado por una gran cantidad de devotos, que creen en la intercesi\u00f3n milagrosa en causas imposibles por parte de estos Hern\u00e1ndez y Rendiles.<\/p>\n<h2 class=\"wp-block-heading\" id=\"h-\"\/><\/article>\n<\/div>\n<p><script async src=\"\/\/www.instagram.com\/embed.js\"><\/script><br \/>\n<br \/>\n","protected":false},"excerpt":{"rendered":"<p>Jos\u00e9 Gregorio Hern\u00e1ndez: escultura en la plaza La Candelaria. Foto: Ezequiel Car\u00edas y captura de pantalla | Composici\u00f3n El Nacional Luego de la canonizaci\u00f3n de Jos\u00e9 Gregorio Hern\u00e1ndez y Carmen Rendilesalgunos venezolanos que han visitado la plaza de La Candelaria se llevan agua de la fuente que est\u00e1 en la base de la estatua dedicada &hellip;<\/p>\n","protected":false},"author":1,"featured_media":46564,"comment_status":"open","ping_status":"open","sticky":false,"template":"","format":"standard","meta":{"fifu_image_url":"https:\/\/elnacional-uploads.nyc3.digitaloceanspaces.com\/wp-content\/uploads\/2025\/10\/20203902\/Jose-Gregorio-Hernandez-2-3.jpg","fifu_image_alt":"","footnotes":""},"categories":[13],"tags":[],"class_list":["post-46562","post","type-post","status-publish","format-standard","has-post-thumbnail","","category-mundo"],"_links":{"self":[{"href":"https:\/\/noticiasveraces.com\/index.php?rest_route=\/wp\/v2\/posts\/46562","targetHints":{"allow":["GET"]}}],"collection":[{"href":"https:\/\/noticiasveraces.com\/index.php?rest_route=\/wp\/v2\/posts"}],"about":[{"href":"https:\/\/noticiasveraces.com\/index.php?rest_route=\/wp\/v2\/types\/post"}],"author":[{"embeddable":true,"href":"https:\/\/noticiasveraces.com\/index.php?rest_route=\/wp\/v2\/users\/1"}],"replies":[{"embeddable":true,"href":"https:\/\/noticiasveraces.com\/index.php?rest_route=%2Fwp%2Fv2%2Fcomments&post=46562"}],"version-history":[{"count":0,"href":"https:\/\/noticiasveraces.com\/index.php?rest_route=\/wp\/v2\/posts\/46562\/revisions"}],"wp:featuredmedia":[{"embeddable":true,"href":"https:\/\/noticiasveraces.com\/index.php?rest_route=\/wp\/v2\/media\/46564"}],"wp:attachment":[{"href":"https:\/\/noticiasveraces.com\/index.php?rest_route=%2Fwp%2Fv2%2Fmedia&parent=46562"}],"wp:term":[{"taxonomy":"category","embeddable":true,"href":"https:\/\/noticiasveraces.com\/index.php?rest_route=%2Fwp%2Fv2%2Fcategories&post=46562"},{"taxonomy":"post_tag","embeddable":true,"href":"https:\/\/noticiasveraces.com\/index.php?rest_route=%2Fwp%2Fv2%2Ftags&post=46562"}],"curies":[{"name":"wp","href":"https:\/\/api.w.org\/{rel}","templated":true}]}}