{"id":46560,"date":"2025-10-20T20:37:12","date_gmt":"2025-10-21T00:37:12","guid":{"rendered":"https:\/\/noticiasveraces.com\/?p=46560"},"modified":"2025-10-20T20:37:12","modified_gmt":"2025-10-21T00:37:12","slug":"presidente-maduro-conmemora-el-13-o-aniversario-del-golpe-de-timon-reafirmando-el-legado-comunal-de-chavez-correo-del-orinoco","status":"publish","type":"post","link":"https:\/\/noticiasveraces.com\/?p=46560","title":{"rendered":"Presidente Maduro conmemora el 13.\u00ba aniversario del Golpe de Tim\u00f3n reafirmando el legado comunal de Ch\u00e1vez &#8211; Correo del Orinoco"},"content":{"rendered":"<p> \n<\/p>\n<div>\n<p>En el marco del OBRAT\u00d3N y al cumplirse trece a\u00f1os del hist\u00f3rico \u00abGolpe de Tim\u00f3n\u00bb, el presidente Nicol\u00e1s Maduro record\u00f3 el momento en que el comandante Hugo Ch\u00e1vez traz\u00f3 un nuevo rumbo para la Revoluci\u00f3n Bolivariana.<\/p>\n<p>Desde la autocr\u00edtica, el comandante Hugo Ch\u00e1vez pronunci\u00f3 la consigna: \u00abComuna o Nada\u00bb, marcando as\u00ed el inicio de una etapa decisiva en la construcci\u00f3n del modelo de pa\u00eds basado en el gobierno del poder popular.<\/p>\n<p>Durante el acto conmemorativo, el Jefe de Estado destac\u00f3 la visi\u00f3n prof\u00e9tica del l\u00edder revolucionario, quien \u2014seg\u00fan sus palabras\u2014 supo anticipar los desaf\u00edos y orientar con claridad el camino hacia el Estado comunal como eje transversal del proyecto socialista. \u00abEl Golpe de Tim\u00f3n fue un parteaguas, una nueva historia\u00bb, afirm\u00f3 el mandatario.<\/p>\n<p>Maduro tambi\u00e9n rememor\u00f3 el contexto en el que Ch\u00e1vez obtuvo la victoria en las elecciones del 7 de octubre de 2012. Ese mismo d\u00eda, se celebr\u00f3 un Consejo de Ministros en el que el Comandante deline\u00f3 la nueva etapa del pa\u00eds, haciendo \u00e9nfasis en la necesidad de profundizar la organizaci\u00f3n comunal.<\/p>\n<p>En ese encuentro, Ch\u00e1vez fue enf\u00e1tico al dirigirse a Maduro: \u00abNicol\u00e1s, he insistido muchas veces. Perm\u00edtanme ser lo m\u00e1s duro que pueda en esta autocr\u00edtica: \u00a1Independencia o Nada, Comuna o Nada! Si no entendemos esto, ser\u00edamos nosotros quienes liquidar\u00edamos este proyecto. Las Comunas son la m\u00e9dula\u00bb.<\/p>\n<p>El presidente tambi\u00e9n resalt\u00f3 el car\u00e1cter autocr\u00edtico de Ch\u00e1vez, quien siempre busc\u00f3 perfeccionar sus decisiones en funci\u00f3n del bienestar colectivo. Denunci\u00f3 la burocracia y la ineficiencia, y promovi\u00f3 la expansi\u00f3n del socialismo territorial. Gracias a ese impulso, bajo la gesti\u00f3n del presidente Maduro se han realizado cinco Consultas Populares que han beneficiado a m\u00e1s de 24.800 proyectos comunales en todo el pa\u00eds, fortaleciendo la democracia participativa y el desarrollo comunitario.<\/p>\n<\/p><\/div>\n\n","protected":false},"excerpt":{"rendered":"<p>En el marco del OBRAT\u00d3N y al cumplirse trece a\u00f1os del hist\u00f3rico \u00abGolpe de Tim\u00f3n\u00bb, el presidente Nicol\u00e1s Maduro record\u00f3 el momento en que el comandante Hugo Ch\u00e1vez traz\u00f3 un nuevo rumbo para la Revoluci\u00f3n Bolivariana. Desde la autocr\u00edtica, el comandante Hugo Ch\u00e1vez pronunci\u00f3 la consigna: \u00abComuna o Nada\u00bb, marcando as\u00ed el inicio de una &hellip;<\/p>\n","protected":false},"author":1,"featured_media":46561,"comment_status":"open","ping_status":"open","sticky":false,"template":"","format":"standard","meta":{"fifu_image_url":"http:\/\/190.202.124.19\/wp-content\/uploads\/2025\/10\/20_ZC__9035_P-1-1536x1024-1.jpg","fifu_image_alt":"","footnotes":""},"categories":[13],"tags":[],"class_list":["post-46560","post","type-post","status-publish","format-standard","has-post-thumbnail","","category-mundo"],"_links":{"self":[{"href":"https:\/\/noticiasveraces.com\/index.php?rest_route=\/wp\/v2\/posts\/46560","targetHints":{"allow":["GET"]}}],"collection":[{"href":"https:\/\/noticiasveraces.com\/index.php?rest_route=\/wp\/v2\/posts"}],"about":[{"href":"https:\/\/noticiasveraces.com\/index.php?rest_route=\/wp\/v2\/types\/post"}],"author":[{"embeddable":true,"href":"https:\/\/noticiasveraces.com\/index.php?rest_route=\/wp\/v2\/users\/1"}],"replies":[{"embeddable":true,"href":"https:\/\/noticiasveraces.com\/index.php?rest_route=%2Fwp%2Fv2%2Fcomments&post=46560"}],"version-history":[{"count":0,"href":"https:\/\/noticiasveraces.com\/index.php?rest_route=\/wp\/v2\/posts\/46560\/revisions"}],"wp:featuredmedia":[{"embeddable":true,"href":"https:\/\/noticiasveraces.com\/index.php?rest_route=\/wp\/v2\/media\/46561"}],"wp:attachment":[{"href":"https:\/\/noticiasveraces.com\/index.php?rest_route=%2Fwp%2Fv2%2Fmedia&parent=46560"}],"wp:term":[{"taxonomy":"category","embeddable":true,"href":"https:\/\/noticiasveraces.com\/index.php?rest_route=%2Fwp%2Fv2%2Fcategories&post=46560"},{"taxonomy":"post_tag","embeddable":true,"href":"https:\/\/noticiasveraces.com\/index.php?rest_route=%2Fwp%2Fv2%2Ftags&post=46560"}],"curies":[{"name":"wp","href":"https:\/\/api.w.org\/{rel}","templated":true}]}}