{"id":46551,"date":"2025-10-20T18:46:18","date_gmt":"2025-10-20T22:46:18","guid":{"rendered":"https:\/\/noticiasveraces.com\/?p=46551"},"modified":"2025-10-20T18:46:18","modified_gmt":"2025-10-20T22:46:18","slug":"mas-de-20-cineastas-nacionales-se-suman-al-festival-de-cine-yaracuy-correo-del-orinoco","status":"publish","type":"post","link":"https:\/\/noticiasveraces.com\/?p=46551","title":{"rendered":"M\u00e1s de 20 cineastas nacionales se suman al Festival de Cine Yaracuy &#8211; Correo del Orinoco"},"content":{"rendered":"<p> \n<\/p>\n<div>\n<p>La primera edici\u00f3n del Festival de Cine Yaracuy: Cine y Monta\u00f1a avanza con amplia participaci\u00f3n de realizadores nacionales, quienes han inscrito m\u00e1s de 20 obras audiovisuales en las categor\u00edas de ficci\u00f3n y documental. La recepci\u00f3n de trabajos culmina el pr\u00f3ximo 25 de octubre, que busca consolidar el inter\u00e9s por visibilizar las expresiones cinematogr\u00e1ficas vinculadas al territorio.<\/p>\n<p>El evento, previsto del 21 al 23 de noviembre, contar\u00e1 con m\u00faltiples salas habilitadas para la proyecci\u00f3n de cortometrajes que superen los 30 minutos de duraci\u00f3n, as\u00ed lo inform\u00f3 la autoridad \u00fanica de cultura del estado Yaracuy, Juan Manuel Parada.<\/p>\n<p>\u201cEl p\u00fablico podr\u00e1 disfrutar de producciones que reflejan la identidad regional, con enfoques narrativos que van desde lo hist\u00f3rico hasta lo ambiental. La programaci\u00f3n incluir\u00e1 obras de cineastas emergentes y consolidados, en formatos que fortalecen el v\u00ednculo entre imagen y territorio\u201d, precis\u00f3 Parada.<\/p>\n<p>Las inscripciones se realizan a trav\u00e9s del perfil oficial en Instagram del Festival de Cine Yaracuy: Cine y Monta\u00f1a, donde se encuentra disponible el enlace para el registro de participantes. La plataforma digital facilita el acceso a cineastas de todo el pa\u00eds interesados en formar parte de esta iniciativa cultural.<\/p>\n<\/p>\n<h6>T y F\/VTV<\/h6>\n<\/p><\/div>\n\n","protected":false},"excerpt":{"rendered":"<p>La primera edici\u00f3n del Festival de Cine Yaracuy: Cine y Monta\u00f1a avanza con amplia participaci\u00f3n de realizadores nacionales, quienes han inscrito m\u00e1s de 20 obras audiovisuales en las categor\u00edas de ficci\u00f3n y documental. La recepci\u00f3n de trabajos culmina el pr\u00f3ximo 25 de octubre, que busca consolidar el inter\u00e9s por visibilizar las expresiones cinematogr\u00e1ficas vinculadas al &hellip;<\/p>\n","protected":false},"author":1,"featured_media":46552,"comment_status":"open","ping_status":"open","sticky":false,"template":"","format":"standard","meta":{"fifu_image_url":"http:\/\/www.correodelorinoco.gob.ve\/wp-content\/uploads\/2025\/10\/6034202715149679240.jpg","fifu_image_alt":"","footnotes":""},"categories":[4],"tags":[],"class_list":["post-46551","post","type-post","status-publish","format-standard","has-post-thumbnail","","category-historias-destacadas"],"_links":{"self":[{"href":"https:\/\/noticiasveraces.com\/index.php?rest_route=\/wp\/v2\/posts\/46551","targetHints":{"allow":["GET"]}}],"collection":[{"href":"https:\/\/noticiasveraces.com\/index.php?rest_route=\/wp\/v2\/posts"}],"about":[{"href":"https:\/\/noticiasveraces.com\/index.php?rest_route=\/wp\/v2\/types\/post"}],"author":[{"embeddable":true,"href":"https:\/\/noticiasveraces.com\/index.php?rest_route=\/wp\/v2\/users\/1"}],"replies":[{"embeddable":true,"href":"https:\/\/noticiasveraces.com\/index.php?rest_route=%2Fwp%2Fv2%2Fcomments&post=46551"}],"version-history":[{"count":0,"href":"https:\/\/noticiasveraces.com\/index.php?rest_route=\/wp\/v2\/posts\/46551\/revisions"}],"wp:featuredmedia":[{"embeddable":true,"href":"https:\/\/noticiasveraces.com\/index.php?rest_route=\/wp\/v2\/media\/46552"}],"wp:attachment":[{"href":"https:\/\/noticiasveraces.com\/index.php?rest_route=%2Fwp%2Fv2%2Fmedia&parent=46551"}],"wp:term":[{"taxonomy":"category","embeddable":true,"href":"https:\/\/noticiasveraces.com\/index.php?rest_route=%2Fwp%2Fv2%2Fcategories&post=46551"},{"taxonomy":"post_tag","embeddable":true,"href":"https:\/\/noticiasveraces.com\/index.php?rest_route=%2Fwp%2Fv2%2Ftags&post=46551"}],"curies":[{"name":"wp","href":"https:\/\/api.w.org\/{rel}","templated":true}]}}