{"id":46543,"date":"2025-10-20T16:47:35","date_gmt":"2025-10-20T20:47:35","guid":{"rendered":"https:\/\/noticiasveraces.com\/?p=46543"},"modified":"2025-10-20T16:47:35","modified_gmt":"2025-10-20T20:47:35","slug":"la-causa-de-la-muerte-de-jane-goodall-fue-un-paro-cardiaco-a-los-91-anos","status":"publish","type":"post","link":"https:\/\/noticiasveraces.com\/?p=46543","title":{"rendered":"La causa de la muerte de Jane Goodall fue un paro card\u00edaco a los 91 a\u00f1os."},"content":{"rendered":"<p> \n<\/p>\n<div>\n<div id=\"beyondwords-wrapper\" class=\"beyondwords-wrapper\">\n<p><span class=\"label-bg\">NUEVO<\/span>\u00a1Ahora puedes escuchar los art\u00edculos de Fox News!\n  <\/p>\n<\/div>\n<p class=\"speakable\">Se ha revelado la causa de la muerte de Jane Goodall.<\/p>\n<p class=\"speakable\">Semanas despu\u00e9s de la muerte de la primat\u00f3loga a los 91 a\u00f1os, han surgido informes de que muri\u00f3 de un \u00abparo cardiopulmonar\u00bb o paro card\u00edaco. <u>seg\u00fan TMZ<\/u>quien cit\u00f3 su certificado de defunci\u00f3n. <\/p>\n<p>El certificado, emitido por el Departamento de Salud P\u00fablica del Condado de Los \u00c1ngeles, tambi\u00e9n indicaba que la conservacionista tambi\u00e9n ten\u00eda epilepsia, aunque no est\u00e1 claro si eso fue un factor en su muerte.<\/p>\n<p><strong><u>CAUSAS OCULTAS DE ATAQUES CARD\u00cdACOS A MENUDO PASADAS POR ALTO O MAL DIAGNOSTICADAS, ENCUENTRA UN ESTUDIO<\/u><\/strong><\/p>\n<p>Goodall falleci\u00f3 el 1 de octubre en California durante una gira de conferencias por Estados Unidos, como inform\u00f3 anteriormente Fox News Digital.<\/p>\n<p>El Instituto Jane Goodall (JGI) inform\u00f3 inicialmente que falleci\u00f3 \u00abpor causas naturales\u00bb. Fox News Digital se acerc\u00f3 a JGI solicitando comentarios.<\/p>\n<div class=\"image-ct inline\">\n<div class=\"m\"><picture><source media=\"(max-width: 767px)\" srcset=\"https:\/\/a57.foxnews.com\/static.foxnews.com\/foxnews.com\/content\/uploads\/2025\/10\/343\/192\/jane-goodall-death-certificate-scaled.jpg?ve=1&amp;tl=1, https:\/\/a57.foxnews.com\/static.foxnews.com\/foxnews.com\/content\/uploads\/2025\/10\/686\/384\/jane-goodall-death-certificate-scaled.jpg?ve=1&amp;tl=1 2x\" height=\"192\" width=\"343\"><source media=\"(min-width: 768px) and (max-width: 1023px)\" srcset=\"https:\/\/a57.foxnews.com\/static.foxnews.com\/foxnews.com\/content\/uploads\/2025\/10\/672\/378\/jane-goodall-death-certificate-scaled.jpg?ve=1&amp;tl=1, https:\/\/a57.foxnews.com\/static.foxnews.com\/foxnews.com\/content\/uploads\/2025\/10\/1344\/756\/jane-goodall-death-certificate-scaled.jpg?ve=1&amp;tl=1 2x\" height=\"378\" width=\"672\"><source media=\"(min-width: 1024px) and (max-width: 1279px)\" srcset=\"https:\/\/a57.foxnews.com\/static.foxnews.com\/foxnews.com\/content\/uploads\/2025\/10\/931\/523\/jane-goodall-death-certificate-scaled.jpg?ve=1&amp;tl=1, https:\/\/a57.foxnews.com\/static.foxnews.com\/foxnews.com\/content\/uploads\/2025\/10\/1862\/1046\/jane-goodall-death-certificate-scaled.jpg?ve=1&amp;tl=1 2x\" height=\"523\" width=\"931\"><source media=\"(min-width: 1280px)\" srcset=\"https:\/\/a57.foxnews.com\/static.foxnews.com\/foxnews.com\/content\/uploads\/2025\/10\/720\/405\/jane-goodall-death-certificate-scaled.jpg?ve=1&amp;tl=1, https:\/\/a57.foxnews.com\/static.foxnews.com\/foxnews.com\/content\/uploads\/2025\/10\/1440\/810\/jane-goodall-death-certificate-scaled.jpg?ve=1&amp;tl=1 2x\" height=\"405\" width=\"720\"><img loading=\"lazy\" decoding=\"async\" src=\"https:\/\/a57.foxnews.com\/static.foxnews.com\/foxnews.com\/content\/uploads\/2025\/10\/1200\/675\/jane-goodall-death-certificate-scaled.jpg?ve=1&amp;tl=1\" alt=\"Certificado de defunci\u00f3n de Jane Goodall\" width=\"1200\" height=\"675\"\/><\/source><\/source><\/source><\/source><\/picture><\/div>\n<div class=\"info\">\n<div class=\"caption\">\n<p><span>El certificado de defunci\u00f3n de Jane Goodall, emitido por el Departamento de Salud P\u00fablica del condado de Los \u00c1ngeles, indicaba que la causa de su muerte era \u00abparo cardiopulmonar\u00bb.<\/span> <span>(Departamento de Salud P\u00fablica del Condado de Los \u00c1ngeles)<\/span><\/p>\n<\/div>\n<\/div>\n<\/div>\n<p>El paro card\u00edaco ocurre cuando un problema el\u00e9ctrico hace que el coraz\u00f3n deje de latir, confirman los expertos en salud.<\/p>\n<p>Cuando el coraz\u00f3n ya no bombea sangre, la persona pierde el conocimiento y puede provocar la muerte en cuesti\u00f3n de minutos.<\/p>\n<p><strong><u>\u00bfQUIERES UNA MEJOR SALUD DEL CORAZ\u00d3N? COMIENCE ABORDANDO SU ESLAB\u00d3N M\u00c1S D\u00c9BIL, DICE UN CIRUJANO CARD\u00cdACO<\/u><\/strong><\/p>\n<p>Antes de perder el conocimiento, alguien que experimenta un paro card\u00edaco puede tener s\u00edntomas que incluyen palpitaciones, dolor en el pecho, n\u00e1useas, v\u00f3mitos, dificultad para respirar, mareos, aturdimiento y debilidad, seg\u00fan la Cl\u00ednica Cleveland.<\/p>\n<p>Esto es diferente de un ataque card\u00edaco (infarto de miocardio), que ocurre cuando se bloquea una arteria coronaria, lo que corta el suministro de sangre y causa una lesi\u00f3n en el m\u00fasculo card\u00edaco, seg\u00fan la Asociaci\u00f3n Estadounidense del Coraz\u00f3n.<\/p>\n<div class=\"image-ct inline\">\n<div class=\"m\"><picture><source media=\"(max-width: 767px)\" srcset=\"https:\/\/a57.foxnews.com\/static.foxnews.com\/foxnews.com\/content\/uploads\/2025\/10\/343\/192\/jane-goodall-cause-of-death.jpg?ve=1&amp;tl=1, https:\/\/a57.foxnews.com\/static.foxnews.com\/foxnews.com\/content\/uploads\/2025\/10\/686\/384\/jane-goodall-cause-of-death.jpg?ve=1&amp;tl=1 2x\" height=\"192\" width=\"343\"><source media=\"(min-width: 768px) and (max-width: 1023px)\" srcset=\"https:\/\/a57.foxnews.com\/static.foxnews.com\/foxnews.com\/content\/uploads\/2025\/10\/672\/378\/jane-goodall-cause-of-death.jpg?ve=1&amp;tl=1, https:\/\/a57.foxnews.com\/static.foxnews.com\/foxnews.com\/content\/uploads\/2025\/10\/1344\/756\/jane-goodall-cause-of-death.jpg?ve=1&amp;tl=1 2x\" height=\"378\" width=\"672\"><source media=\"(min-width: 1024px) and (max-width: 1279px)\" srcset=\"https:\/\/a57.foxnews.com\/static.foxnews.com\/foxnews.com\/content\/uploads\/2025\/10\/931\/523\/jane-goodall-cause-of-death.jpg?ve=1&amp;tl=1, https:\/\/a57.foxnews.com\/static.foxnews.com\/foxnews.com\/content\/uploads\/2025\/10\/1862\/1046\/jane-goodall-cause-of-death.jpg?ve=1&amp;tl=1 2x\" height=\"523\" width=\"931\"><source media=\"(min-width: 1280px)\" srcset=\"https:\/\/a57.foxnews.com\/static.foxnews.com\/foxnews.com\/content\/uploads\/2025\/10\/720\/405\/jane-goodall-cause-of-death.jpg?ve=1&amp;tl=1, https:\/\/a57.foxnews.com\/static.foxnews.com\/foxnews.com\/content\/uploads\/2025\/10\/1440\/810\/jane-goodall-cause-of-death.jpg?ve=1&amp;tl=1 2x\" height=\"405\" width=\"720\"><img loading=\"lazy\" decoding=\"async\" src=\"https:\/\/a57.foxnews.com\/static.foxnews.com\/foxnews.com\/content\/uploads\/2025\/10\/1200\/675\/jane-goodall-cause-of-death.jpg?ve=1&amp;tl=1\" alt=\"Jane Goodall con binoculares\" width=\"1200\" height=\"675\"\/><\/source><\/source><\/source><\/source><\/picture><\/div>\n<div class=\"info\">\n<div class=\"caption\">\n<p><span>Goodall, fotografiado en 1965, falleci\u00f3 el 1 de octubre en California durante una gira de conferencias por Estados Unidos, inform\u00f3 anteriormente Fox News Digital.<\/span> <span>(Im\u00e1genes falsas)<\/span><\/p>\n<\/div>\n<\/div>\n<\/div>\n<p>Ciertos grupos enfrentan un mayor riesgo de sufrir un paro cardiopulmonar, incluidas las personas mayores, los hombres y las personas que tienen otros factores de riesgo cardiovascular, como colesterol alto, presi\u00f3n arterial y diabetes. <\/p>\n<p><strong><u>HAGA CLIC AQU\u00cd PARA SUSCRIBIRSE A NUESTRO BOLET\u00cdN DE SALUD<\/u><\/strong><\/p>\n<p>Seg\u00fan la Cl\u00ednica Mayo, las personas obesas, inactivas o fumadoras tambi\u00e9n corren un mayor riesgo.<\/p>\n<p>Otros grupos de mayor riesgo incluyen aquellos con defectos o trastornos card\u00edacos cong\u00e9nitos, problemas card\u00edacos estructurales o antecedentes de enfermedad de las arterias coronarias o insuficiencia card\u00edaca.<\/p>\n<div class=\"image-ct inline\">\n<div class=\"m\"><picture><source media=\"(max-width: 767px)\" srcset=\"https:\/\/a57.foxnews.com\/static.foxnews.com\/foxnews.com\/content\/uploads\/2025\/10\/343\/192\/jane-goodall_03.jpg?ve=1&amp;tl=1, https:\/\/a57.foxnews.com\/static.foxnews.com\/foxnews.com\/content\/uploads\/2025\/10\/686\/384\/jane-goodall_03.jpg?ve=1&amp;tl=1 2x\" height=\"192\" width=\"343\"><source media=\"(min-width: 768px) and (max-width: 1023px)\" srcset=\"https:\/\/a57.foxnews.com\/static.foxnews.com\/foxnews.com\/content\/uploads\/2025\/10\/672\/378\/jane-goodall_03.jpg?ve=1&amp;tl=1, https:\/\/a57.foxnews.com\/static.foxnews.com\/foxnews.com\/content\/uploads\/2025\/10\/1344\/756\/jane-goodall_03.jpg?ve=1&amp;tl=1 2x\" height=\"378\" width=\"672\"><source media=\"(min-width: 1024px) and (max-width: 1279px)\" srcset=\"https:\/\/a57.foxnews.com\/static.foxnews.com\/foxnews.com\/content\/uploads\/2025\/10\/931\/523\/jane-goodall_03.jpg?ve=1&amp;tl=1, https:\/\/a57.foxnews.com\/static.foxnews.com\/foxnews.com\/content\/uploads\/2025\/10\/1862\/1046\/jane-goodall_03.jpg?ve=1&amp;tl=1 2x\" height=\"523\" width=\"931\"><source media=\"(min-width: 1280px)\" srcset=\"https:\/\/a57.foxnews.com\/static.foxnews.com\/foxnews.com\/content\/uploads\/2025\/10\/720\/405\/jane-goodall_03.jpg?ve=1&amp;tl=1, https:\/\/a57.foxnews.com\/static.foxnews.com\/foxnews.com\/content\/uploads\/2025\/10\/1440\/810\/jane-goodall_03.jpg?ve=1&amp;tl=1 2x\" height=\"405\" width=\"720\"><img loading=\"lazy\" decoding=\"async\" src=\"https:\/\/a57.foxnews.com\/static.foxnews.com\/foxnews.com\/content\/uploads\/2025\/10\/1200\/675\/jane-goodall_03.jpg?ve=1&amp;tl=1\" alt=\"Jane Goodall\" width=\"1200\" height=\"675\"\/><\/source><\/source><\/source><\/source><\/picture><\/div>\n<div class=\"info\">\n<div class=\"caption\">\n<p><span>Goodall, primat\u00f3loga, et\u00f3loga y antrop\u00f3loga inglesa, aparece fotografiada con un chimpanc\u00e9 en brazos en 1995.<\/span> <span>(Foto de Apic\/Getty Images)<\/span><\/p>\n<\/div>\n<\/div>\n<\/div>\n<p>Despu\u00e9s de la muerte de Jane Goodall, JGI emiti\u00f3 un comunicado que dec\u00eda: \u00abLos descubrimientos de la Dra. Goodall como et\u00f3loga revolucionaron la ciencia y fue una defensora incansable de la protecci\u00f3n y restauraci\u00f3n de nuestro mundo natural\u00bb.<\/p>\n<p><strong><u>HAGA CLIC AQU\u00cd PARA OBTENER LA APLICACI\u00d3N FOX NEWS<\/u><\/strong><\/p>\n<p>La fascinaci\u00f3n de Goodall por los primates comenz\u00f3 a una edad temprana. Obtuvo un doctorado en etolog\u00eda de la Universidad de Cambridge a mediados de la d\u00e9cada de 1960, siendo una de los pocos estudiantes admitidos sin tener una licenciatura previa.<\/p>\n<p><strong><u>PRUEBA CON NUESTRO \u00daLTIMO QUIZ DE ESTILO DE VIDA<\/u><\/strong><\/p>\n<p>En 1960 descubri\u00f3 <u>que chimpanc\u00e9s<\/u> puede utilizar y fabricar herramientas, lo que el JGI llam\u00f3 \u00abuno de los mayores logros de la erudici\u00f3n del siglo XX\u00bb. Fund\u00f3 su instituto, que se ha convertido en una destacada ONG conservacionista, en 1977.<\/p>\n<div class=\"image-ct inline\">\n<div class=\"m\"><picture><source media=\"(max-width: 767px)\" srcset=\"https:\/\/a57.foxnews.com\/static.foxnews.com\/foxnews.com\/content\/uploads\/2023\/09\/343\/192\/heart-health.jpg?ve=1&amp;tl=1, https:\/\/a57.foxnews.com\/static.foxnews.com\/foxnews.com\/content\/uploads\/2023\/09\/686\/384\/heart-health.jpg?ve=1&amp;tl=1 2x\" height=\"192\" width=\"343\"><source media=\"(min-width: 768px) and (max-width: 1023px)\" srcset=\"https:\/\/a57.foxnews.com\/static.foxnews.com\/foxnews.com\/content\/uploads\/2023\/09\/672\/378\/heart-health.jpg?ve=1&amp;tl=1, https:\/\/a57.foxnews.com\/static.foxnews.com\/foxnews.com\/content\/uploads\/2023\/09\/1344\/756\/heart-health.jpg?ve=1&amp;tl=1 2x\" height=\"378\" width=\"672\"><source media=\"(min-width: 1024px) and (max-width: 1279px)\" srcset=\"https:\/\/a57.foxnews.com\/static.foxnews.com\/foxnews.com\/content\/uploads\/2023\/09\/931\/523\/heart-health.jpg?ve=1&amp;tl=1, https:\/\/a57.foxnews.com\/static.foxnews.com\/foxnews.com\/content\/uploads\/2023\/09\/1862\/1046\/heart-health.jpg?ve=1&amp;tl=1 2x\" height=\"523\" width=\"931\"><source media=\"(min-width: 1280px)\" srcset=\"https:\/\/a57.foxnews.com\/static.foxnews.com\/foxnews.com\/content\/uploads\/2023\/09\/720\/405\/heart-health.jpg?ve=1&amp;tl=1, https:\/\/a57.foxnews.com\/static.foxnews.com\/foxnews.com\/content\/uploads\/2023\/09\/1440\/810\/heart-health.jpg?ve=1&amp;tl=1 2x\" height=\"405\" width=\"720\"><img loading=\"lazy\" decoding=\"async\" src=\"https:\/\/a57.foxnews.com\/static.foxnews.com\/foxnews.com\/content\/uploads\/2023\/09\/1200\/675\/heart-health.jpg?ve=1&amp;tl=1\" alt=\"ilustraci\u00f3n de ataque al coraz\u00f3n\" width=\"1200\" height=\"675\"\/><\/source><\/source><\/source><\/source><\/picture><\/div>\n<div class=\"info\">\n<div class=\"caption\">\n<p><span>El paro card\u00edaco ocurre cuando un problema el\u00e9ctrico hace que el coraz\u00f3n deje de latir.<\/span> <span>(iStock)<\/span><\/p>\n<\/div>\n<\/div>\n<\/div>\n<p>\u00abElla adopt\u00f3 un enfoque poco ortodoxo en su investigaci\u00f3n de campo, sumergi\u00e9ndose en su h\u00e1bitat y sus vidas para experimentar su <u>sociedad compleja<\/u> como un vecino en lugar de un observador distante y llegar a entenderlos no s\u00f3lo como una especie, sino tambi\u00e9n como individuos con emociones y v\u00ednculos a largo plazo\u00bb, se\u00f1ala el sitio del JGI.<\/p>\n<p>En 1991 fund\u00f3 el programa Roots &#038; Shoots, un movimiento juvenil centrado <u>sobre conservaci\u00f3n<\/u> y humanitarismo. <\/p>\n<p><strong><u>HAGA CLIC AQU\u00cd PARA M\u00c1S HISTORIAS DE SALUD<\/u><\/strong><\/p>\n<p>M\u00e1s recientemente, Goodall recibi\u00f3 la Medalla Presidencial de la Libertad de manos del ex Presidente <u>joe biden<\/u> a principios de 2025.<\/p>\n<p><i>Brooke Curto de Fox News Digital contribuy\u00f3 con el reportaje.<\/i><\/p>\n<p> <!----> <\/p>\n<div class=\"article-meta\">\n<div class=\"author-bio\">\n<p>Melissa Rudy es editora senior de salud y miembro del equipo de estilo de vida de Fox News Digital. Se pueden enviar consejos sobre historias a melissa.rudy@fox.com.<\/p>\n<\/div>\n<\/div>\n<\/div>\n\n","protected":false},"excerpt":{"rendered":"<p>NUEVO\u00a1Ahora puedes escuchar los art\u00edculos de Fox News! Se ha revelado la causa de la muerte de Jane Goodall. Semanas despu\u00e9s de la muerte de la primat\u00f3loga a los 91 a\u00f1os, han surgido informes de que muri\u00f3 de un \u00abparo cardiopulmonar\u00bb o paro card\u00edaco. seg\u00fan TMZquien cit\u00f3 su certificado de defunci\u00f3n. El certificado, emitido por &hellip;<\/p>\n","protected":false},"author":1,"featured_media":46545,"comment_status":"open","ping_status":"open","sticky":false,"template":"","format":"standard","meta":{"fifu_image_url":"https:\/\/a57.foxnews.com\/static.foxnews.com\/foxnews.com\/content\/uploads\/2025\/10\/1200\/675\/jane-goodall-death-certificate-scaled.jpg?ve=1&tl=1","fifu_image_alt":"","footnotes":""},"categories":[8],"tags":[],"class_list":["post-46543","post","type-post","status-publish","format-standard","has-post-thumbnail","","category-salud"],"_links":{"self":[{"href":"https:\/\/noticiasveraces.com\/index.php?rest_route=\/wp\/v2\/posts\/46543","targetHints":{"allow":["GET"]}}],"collection":[{"href":"https:\/\/noticiasveraces.com\/index.php?rest_route=\/wp\/v2\/posts"}],"about":[{"href":"https:\/\/noticiasveraces.com\/index.php?rest_route=\/wp\/v2\/types\/post"}],"author":[{"embeddable":true,"href":"https:\/\/noticiasveraces.com\/index.php?rest_route=\/wp\/v2\/users\/1"}],"replies":[{"embeddable":true,"href":"https:\/\/noticiasveraces.com\/index.php?rest_route=%2Fwp%2Fv2%2Fcomments&post=46543"}],"version-history":[{"count":0,"href":"https:\/\/noticiasveraces.com\/index.php?rest_route=\/wp\/v2\/posts\/46543\/revisions"}],"wp:featuredmedia":[{"embeddable":true,"href":"https:\/\/noticiasveraces.com\/index.php?rest_route=\/wp\/v2\/media\/46545"}],"wp:attachment":[{"href":"https:\/\/noticiasveraces.com\/index.php?rest_route=%2Fwp%2Fv2%2Fmedia&parent=46543"}],"wp:term":[{"taxonomy":"category","embeddable":true,"href":"https:\/\/noticiasveraces.com\/index.php?rest_route=%2Fwp%2Fv2%2Fcategories&post=46543"},{"taxonomy":"post_tag","embeddable":true,"href":"https:\/\/noticiasveraces.com\/index.php?rest_route=%2Fwp%2Fv2%2Ftags&post=46543"}],"curies":[{"name":"wp","href":"https:\/\/api.w.org\/{rel}","templated":true}]}}