{"id":46527,"date":"2025-10-20T15:11:27","date_gmt":"2025-10-20T19:11:27","guid":{"rendered":"https:\/\/noticiasveraces.com\/?p=46527"},"modified":"2025-10-20T15:11:27","modified_gmt":"2025-10-20T19:11:27","slug":"odio-porno-y-engagement-las-redes-que-normalizan-la-violencia-sexual-digital","status":"publish","type":"post","link":"https:\/\/noticiasveraces.com\/?p=46527","title":{"rendered":"Odio, porno y engagement: las redes que normalizan la violencia sexual digital"},"content":{"rendered":"<p> \n<\/p>\n<div>\n<p>Pero las consecuencias son reales. Como explica la psic\u00f3loga Alba \u00c1guila Otero, investigadora de la Universidad de Barcelona y coautora de un estudio sobre la victimizaci\u00f3n sexual en la adolescencia en Espa\u00f1a, la p\u00e9rdida de privacidad y reputaci\u00f3n pueden llevar al aislamiento social o hacer que la v\u00edctima sufra otras agresiones.<\/p>\n<p>La violencia <em>en l\u00ednea<\/em> tiende a estar muy vinculada a otras formas de violencia <em>desconectado,<\/em> como agresiones f\u00edsicas alentadas por el discurso del odio, o la trata de personas con fines de explotaci\u00f3n sexual, explica Garc\u00eda-Mingo<\/p>\n<p>El informe <em>Violencia viral<\/em> de Save the Children describe una larga lista de consecuencias psicol\u00f3gicas: Depresi\u00f3n, ansiedad, sensaci\u00f3n de persecuci\u00f3n, aislamiento, culpa, indefensi\u00f3n. Adem\u00e1s, en casos severos, la v\u00edctima puede llegar a sufrir un trastorno de estr\u00e9s postraum\u00e1tico o incluso presentar conducta suicida, explica \u00c1guila Otero.<\/p>\n<aside aria-hidden=\"true\" class=\"PullQuoteEmbedWrapper-sc-TKIUW iXNYkj\" data-testid=\"pullquote-embed\">\n<div class=\"PullQuoteEmbedContent-sc-lixSTo fIFzPG\">\n<p>\u201cYa ni siquiera hace falta que te hagas una foto desnuda o que la subas a internet. Pueden sacar una foto de tu cara en la calle y ser capaces de desnudarte\u201d.<\/p>\n<\/div>\n<p><span>Silvia Semenzin, soci\u00f3loga de AI Forensics.<\/span><\/p>\n<\/aside>\n<p>En adultos, las consecuencias tambi\u00e9n pueden ser devastadoras. \u201cPuede llegar a manos de tus familiares, de tus empleadores, de tus amigos\u201d, explica la soci\u00f3loga Silvia D\u00edaz Fern\u00e1ndez, de la Universidad Complutense de Madrid, que cree que estas violencias buscan expulsar a las mujeres del \u00e1mbito p\u00fablico y profesional, convirtiendo el entorno digital en un medio hostil. \u201cEs otro espacio que nos est\u00e1n robando\u201d, coincide Garc\u00eda-Mingo.<\/p>\n<p>Pero, m\u00e1s all\u00e1 de la p\u00e9rdida de trabajo \u2014y por tanto, de libertad y dinero\u2014, a D\u00edaz Fern\u00e1ndez, le preocupa el disciplinamiento social y sexual que suele sufrir la v\u00edctima como consecuencia de estos abusos. \u201cNo puedes ser una mujer que disfrute del sexo, que quiera mantener relaciones sexuales facilitadas por la tecnolog\u00eda\u201d, explica la investigadora. \u201cSi lo haces, se te va a castigar difundiendo estas im\u00e1genes, y se te va a tildar de puta\u201d, remarca.<\/p>\n<p>El af\u00e1n por encontrar a las afectadas para castigarlas y humillarlas es algo habitual en plataformas como Hispasexy. \u201c\u00bfPero t\u00fa eres consciente de que por mucho que denuncies los hilos vamos a seguir abri\u00e9ndolos, no?\u201d, dec\u00eda la conversaci\u00f3n que daba nombre al estudio de Garc\u00eda-Mingo, \u201cTe voy a dejar deberes, que sepas que te hemos subido tambi\u00e9n a otras p\u00e1ginas. Busca, busca, perrita\u201d.<\/p>\n<p>Pero ese disciplinamiento no solo lo ejercen los perpetradores (que en algunos casos tambi\u00e9n son mujeres, aunque es muy minoritario). El af\u00e1n por proteger a las v\u00edctimas, sobre todo cuando son menores, a menudo fomenta un puritanismo digital que tambi\u00e9n roba libertad y ejerce control sobre las v\u00edctimas.<\/p>\n<p>\u201cSi no quieres que te pase nada, \u00bfpor qu\u00e9 vas en ese vestido? \u00bfPor qu\u00e9 vendes estas fotos? Si ya sabes lo que hay en Twitter, \u00bfpara qu\u00e9 te metes?\u201d, ejemplifica D\u00edaz Fern\u00e1ndez, que cree que esos reproches a menudo derivan en sentimientos de culpa y verg\u00fcenza que a\u00edslan a las v\u00edctimas. \u201cNo compartes c\u00f3mo te sientes porque la culpa es tuya. Y si compartes, te van a volver a recordar que la culpa es tuya\u201d, dice la especialista.<\/p>\n<hr\/>\n<div class=\"ContentCardEmbedWrapper-kFpFGN dpdjmB content-card-embed content-card-embed--stacked\" data-testid=\"ContentCardEmbedWrapper\">\n<div class=\"ContentCardEmbedImage-iBIXcR jiOHKG content-card-embed__image\" data-testid=\"ContentCardEmbedImage\"><span class=\"SpanWrapper-zEXFr koTknX responsive-asset\"><picture class=\"ResponsiveImagePicture-cGZhnX jwYQWO responsive-image\"><img decoding=\"async\" alt=\"Olimpia IA\" loading=\"lazy\" class=\"ResponsiveImageContainer-eNxvmU cfBbTk responsive-image__image\" srcset=\"https:\/\/media.es.wired.com\/photos\/68671e9310703f8ca70cded8\/master\/w_120,c_limit\/olimpia1.jpg 120w, https:\/\/media.es.wired.com\/photos\/68671e9310703f8ca70cded8\/master\/w_240,c_limit\/olimpia1.jpg 240w, https:\/\/media.es.wired.com\/photos\/68671e9310703f8ca70cded8\/master\/w_320,c_limit\/olimpia1.jpg 320w, https:\/\/media.es.wired.com\/photos\/68671e9310703f8ca70cded8\/master\/w_640,c_limit\/olimpia1.jpg 640w\" sizes=\"100vw\" src=\"https:\/\/media.es.wired.com\/photos\/68671e9310703f8ca70cded8\/master\/w_775%2Cc_limit\/olimpia1.jpg\"\/><\/picture><\/span><\/div>\n<div class=\"ContentCardEmbedInfo-bSBhwc IbulD\">\n<div class=\"BaseWrap-sc-gzmcOU BaseText-eqOrNE ContentCardEmbedHed-kuAbUL deqABF jkWAvF fPZrfS content-card-embed__hed\" data-testid=\"ContentCardEmbedHed\">As\u00ed funciona \u2018OlimpIA\u2019: el primer <em>chatbot<\/em> creado por mujeres para atender a v\u00edctimas de violencia digital<\/div>\n<p>Con 37 modelos de inteligencia artificial integrados, OlimpIA es una plataforma que brinda atenci\u00f3n inmediata, gratuita y an\u00f3nima a mujeres que han sido v\u00edctimas de violencia digital.<\/p>\n<\/div>\n<\/div>\n<hr\/>\n<p>El acoso <em>en l\u00ednea<\/em> es una de las formas m\u00e1s habituales de violencia sexual facilitada por la tecnolog\u00eda, y no se limita solo a este tipo de p\u00e1ginas. \u201cEncontramos violencia sexual en Vinted, en BlaBlaCar, en Wallapop\u201d, apunta Garc\u00eda-Mingo. De hecho, las violencias suelen ir encadenadas. Adem\u00e1s de hacer un <em>profundo<\/em> pornogr\u00e1fico, por ejemplo, se difunden im\u00e1genes \u00edntimas (<em>sexspreading<\/em>) o datos personales (<em>doxing<\/em>) para incitar campa\u00f1as de acoso, humillaci\u00f3n o extorsi\u00f3n, que pueden durar a\u00f1os.<\/p>\n<h2>Capitalismo digital y misoginia: una mala combinaci\u00f3n<\/h2>\n<p>Es dif\u00edcil se\u00f1alar una sola causa, pero D\u00edaz Fern\u00e1ndez, que estudia la misoginia <em>en l\u00ednea<\/em> desde una perspectiva pol\u00edtica y sociol\u00f3gica, considera que hay dos problemas de fondo: la educaci\u00f3n y las oligarqu\u00edas tecnol\u00f3gicas que controlan las plataformas digitales.<\/p>\n<p>La experta considera que las grandes empresas tecnol\u00f3gicas, como Meta, Amazon o TikTok, no est\u00e1n haciendo lo suficiente para evitar que este tipo de delitos se reproduzcan.<\/p>\n<\/div>\n\n","protected":false},"excerpt":{"rendered":"<p>Pero las consecuencias son reales. Como explica la psic\u00f3loga Alba \u00c1guila Otero, investigadora de la Universidad de Barcelona y coautora de un estudio sobre la victimizaci\u00f3n sexual en la adolescencia en Espa\u00f1a, la p\u00e9rdida de privacidad y reputaci\u00f3n pueden llevar al aislamiento social o hacer que la v\u00edctima sufra otras agresiones. La violencia en l\u00ednea &hellip;<\/p>\n","protected":false},"author":1,"featured_media":46529,"comment_status":"open","ping_status":"open","sticky":false,"template":"","format":"standard","meta":{"fifu_image_url":"https:\/\/media.es.wired.com\/photos\/68f5072b5b250c071463ec73\/16:9\/w_1280,c_limit\/Wr-Violencia.jpg","fifu_image_alt":"","footnotes":""},"categories":[763],"tags":[],"class_list":["post-46527","post","type-post","status-publish","format-standard","has-post-thumbnail","","category-estilo-de-vida"],"_links":{"self":[{"href":"https:\/\/noticiasveraces.com\/index.php?rest_route=\/wp\/v2\/posts\/46527","targetHints":{"allow":["GET"]}}],"collection":[{"href":"https:\/\/noticiasveraces.com\/index.php?rest_route=\/wp\/v2\/posts"}],"about":[{"href":"https:\/\/noticiasveraces.com\/index.php?rest_route=\/wp\/v2\/types\/post"}],"author":[{"embeddable":true,"href":"https:\/\/noticiasveraces.com\/index.php?rest_route=\/wp\/v2\/users\/1"}],"replies":[{"embeddable":true,"href":"https:\/\/noticiasveraces.com\/index.php?rest_route=%2Fwp%2Fv2%2Fcomments&post=46527"}],"version-history":[{"count":0,"href":"https:\/\/noticiasveraces.com\/index.php?rest_route=\/wp\/v2\/posts\/46527\/revisions"}],"wp:featuredmedia":[{"embeddable":true,"href":"https:\/\/noticiasveraces.com\/index.php?rest_route=\/wp\/v2\/media\/46529"}],"wp:attachment":[{"href":"https:\/\/noticiasveraces.com\/index.php?rest_route=%2Fwp%2Fv2%2Fmedia&parent=46527"}],"wp:term":[{"taxonomy":"category","embeddable":true,"href":"https:\/\/noticiasveraces.com\/index.php?rest_route=%2Fwp%2Fv2%2Fcategories&post=46527"},{"taxonomy":"post_tag","embeddable":true,"href":"https:\/\/noticiasveraces.com\/index.php?rest_route=%2Fwp%2Fv2%2Ftags&post=46527"}],"curies":[{"name":"wp","href":"https:\/\/api.w.org\/{rel}","templated":true}]}}