{"id":46503,"date":"2025-10-20T10:40:33","date_gmt":"2025-10-20T14:40:33","guid":{"rendered":"https:\/\/noticiasveraces.com\/?p=46503"},"modified":"2025-10-20T10:40:33","modified_gmt":"2025-10-20T14:40:33","slug":"que-desafios-tiene-rodrigo-paz-tras-ganar-la-presidencia-de-bolivia","status":"publish","type":"post","link":"https:\/\/noticiasveraces.com\/?p=46503","title":{"rendered":"\u00bfQu\u00e9 desaf\u00edos tiene Rodrigo Paz tras ganar la presidencia de Bolivia?"},"content":{"rendered":"<p> \n<\/p>\n<div data-article-content=\"\">\n<div class=\"t-content__main-media\" data-media-video-789e92fd-a3a7-4271-8e31-1718b89a0cea=\"\" data-wrapper-video-player=\"\" data-show-hidden-video-player=\"789E92FD-A3A7-4271-8E31-1718B89A0CEA\" data-autoplay-video-link=\"\" data-youtube-script=\"\">\n<div class=\"o-em-consent \">\n<div class=\"o-em-consent__content\">\n<p class=\"o-em-consent__content__text\">Para mostrar este contenido de YouTube, debe autorizar las cookies de medici\u00f3n de audiencia y publicidad.<\/p>\n<p>        <button class=\"a-master-button a-master-button--dark\" data-action=\"accept\">Aceptar<i class=\"a-svg a-svg--icon-check\"\/><\/button><br \/>\n        <button class=\"a-link\" data-action=\"manage\">Gestionar mis opciones<i class=\"a-svg a-svg--icon-edit\"\/><\/button>\n    <\/div>\n<\/div>\n<div class=\"o-em-adblock\" data-adblock-content=\"\">\n<div class=\"o-em-adblock__content\">\n<p class=\"o-em-adblock__content__text\">Una extensi\u00f3n de tu navegador parece estar bloqueando la carga del reproductor de video. Para poder ver este contenido, debes desactivarla en este sitio.<\/p>\n<p>            <button class=\"a-master-button a-master-button--dark\" data-action=\"reload\">Reintentar<\/button>\n    <\/div>\n<\/div>\n<figure class=\"m-item-image m-item-image--16x9 m-item-image--has-caption\">\n<picture class=\"a-picture a-picture--16x9\"><source type=\"image\/webp\" srcset=\"https:\/\/s.france24.com\/media\/display\/5a3498da-adc2-11f0-aa4d-005056a97e36\/w:388\/p:16x9\/capture-125171647868f6493cd514f5-82184166.webp 388w,https:\/\/s.france24.com\/media\/display\/5a3498da-adc2-11f0-aa4d-005056a97e36\/w:720\/p:16x9\/capture-125171647868f6493cd514f5-82184166.webp 720w,https:\/\/s.france24.com\/media\/display\/5a3498da-adc2-11f0-aa4d-005056a97e36\/w:1024\/p:16x9\/capture-125171647868f6493cd514f5-82184166.webp 1024w,https:\/\/s.france24.com\/media\/display\/5a3498da-adc2-11f0-aa4d-005056a97e36\/w:1280\/p:16x9\/capture-125171647868f6493cd514f5-82184166.webp 1280w\" sizes=\"(max-width: 1076px) 100vw, 1012px\"><img decoding=\"async\" fetchpriority=\"high\" src=\"https:\/\/s.france24.com\/media\/display\/5a3498da-adc2-11f0-aa4d-005056a97e36\/w:1280\/p:16x9\/capture-125171647868f6493cd514f5-82184166.jpg\" srcset=\"https:\/\/s.france24.com\/media\/display\/5a3498da-adc2-11f0-aa4d-005056a97e36\/w:388\/p:16x9\/capture-125171647868f6493cd514f5-82184166.jpg 388w,https:\/\/s.france24.com\/media\/display\/5a3498da-adc2-11f0-aa4d-005056a97e36\/w:720\/p:16x9\/capture-125171647868f6493cd514f5-82184166.jpg 720w,https:\/\/s.france24.com\/media\/display\/5a3498da-adc2-11f0-aa4d-005056a97e36\/w:1024\/p:16x9\/capture-125171647868f6493cd514f5-82184166.jpg 1024w,https:\/\/s.france24.com\/media\/display\/5a3498da-adc2-11f0-aa4d-005056a97e36\/w:1280\/p:16x9\/capture-125171647868f6493cd514f5-82184166.jpg 1280w\" sizes=\"(max-width: 1076px) 100vw, 1012px\" width=\"1280\" height=\"720\" alt=\"\u00bfQu\u00e9 desaf\u00edos tiene Rodrigo Paz tras ganar la presidencia de Bolivia?\" loading=\"eager\" class=\"a-img \"\/><\/source><\/picture><figcaption class=\"a-figcaption\">\n                <span>\u00bfQu\u00e9 desaf\u00edos tiene Rodrigo Paz tras ganar la presidencia de Bolivia?<\/span>                <span>\u00a9 Francia 24<\/span>            <\/figcaption><\/figure>\n<\/p><\/div>\n<div class=\"t-content__metadata\">\n<div class=\"t-content__dates\">\n<p class=\"m-pub-dates\"><span class=\"m-pub-dates__date\">Primera modificaci\u00f3n: <time datetime=\"2025-10-20T14:38:13+00:00\" pubdate=\"pubdate\">20\/10\/2025 &#8211; 16:38<\/time><\/span><\/p>\n<\/p><\/div>\n<p>\n                            <span class=\"a-svg a-svg--icon-replay\"\/><\/p>\n<p>                            16:17 minutos\n                        <\/p>\n<\/p><\/div>\n<p>Viene del show<\/p>\n<p>                        <i class=\"a-svg a-svg--icon-caret-right\"\/><\/p>\n<picture class=\"a-picture a-picture--original\">\n    <img decoding=\"async\" fetchpriority=\"low\" src=\"https:\/\/s.france24.com\/media\/display\/6457996e-102d-11ee-b07f-005056bf30b7\/ES-invita-del-dia.svg\" srcset=\"https:\/\/s.france24.com\/media\/display\/6457996e-102d-11ee-b07f-005056bf30b7\/ES-invita-del-dia.svg\" alt=\"Invitad@ del d\u00eda\" loading=\"lazy\" class=\"a-img  a-img--svg\"\/><\/picture>\n<p>\n                        <span class=\"a-svg a-svg--icon-clock\"\/><br \/>\n                        <span class=\"t-content__reading-time__label\">Tiempo de lectura<\/span><br \/>\n                        1 minuto<\/p>\n<p class=\"t-content__chapo\">\n<p>                                                Rodrigo Paz fue el ganador de las elecciones presidenciales en Bolivia, lo que pone fin a 20 a\u00f1os de hegemon\u00eda del izquierdista Movimiento al Socialismo (MAS) y marca el inicio de un nuevo ciclo pol\u00edtico. En el #InvitadoDelD\u00edaF24 abordamos con Susana Bejarano, polit\u00f3loga y analista,\u00a0los retos inmediatos y de largo plazo que vienen para el nuevo presidente de los bolivianos, inmersos en una compleja crisis econ\u00f3mica.                     <\/p>\n<div class=\"t-content__authors\">\n<div class=\"m-from-author\">\n                    <span class=\"m-from-author__by-label\"><\/p>\n<p>                Por:<br \/>\n            <\/span><\/p>\n<div class=\"m-author m-author--small m-author--has-image\">\n<div class=\"m-author__image\">\n<picture class=\"a-picture a-picture--1x1\"><source type=\"image\/webp\" srcset=\"https:\/\/s.france24.com\/media\/display\/88de3c52-e78b-11ef-a2e9-005056bf30b7\/w:177\/p:1x1\/logo_france24_RVB-circlesafe.webp 177w,https:\/\/s.france24.com\/media\/display\/88de3c52-e78b-11ef-a2e9-005056bf30b7\/w:388\/p:1x1\/logo_france24_RVB-circlesafe.webp 388w\" sizes=\"(max-width: 639px) 100px, 170px\"><img decoding=\"async\" fetchpriority=\"low\" src=\"https:\/\/s.france24.com\/media\/display\/88de3c52-e78b-11ef-a2e9-005056bf30b7\/w:388\/p:1x1\/logo_france24_RVB-circlesafe.png\" srcset=\"https:\/\/s.france24.com\/media\/display\/88de3c52-e78b-11ef-a2e9-005056bf30b7\/w:177\/p:1x1\/logo_france24_RVB-circlesafe.png 177w,https:\/\/s.france24.com\/media\/display\/88de3c52-e78b-11ef-a2e9-005056bf30b7\/w:388\/p:1x1\/logo_france24_RVB-circlesafe.png 388w\" sizes=\"auto, (max-width: 639px) 100px, 170px\" width=\"388\" height=\"388\" alt=\"Logotipo de Francia 24\" loading=\"lazy\" class=\"a-img \"\/><\/source><\/picture>\n                        <\/div>\n<\/p><\/div>\n<\/p><\/div>\n<\/p><\/div>\n<\/p><\/div>\n\n","protected":false},"excerpt":{"rendered":"<p>Para mostrar este contenido de YouTube, debe autorizar las cookies de medici\u00f3n de audiencia y publicidad. Aceptar Gestionar mis opciones Una extensi\u00f3n de tu navegador parece estar bloqueando la carga del reproductor de video. Para poder ver este contenido, debes desactivarla en este sitio. Reintentar \u00bfQu\u00e9 desaf\u00edos tiene Rodrigo Paz tras ganar la presidencia de &hellip;<\/p>\n","protected":false},"author":1,"featured_media":46505,"comment_status":"open","ping_status":"open","sticky":false,"template":"","format":"standard","meta":{"fifu_image_url":"https:\/\/s.france24.com\/media\/display\/5a3498da-adc2-11f0-aa4d-005056a97e36\/w:1280\/p:16x9\/capture-125171647868f6493cd514f5-82184166.jpg","fifu_image_alt":"","footnotes":""},"categories":[13],"tags":[],"class_list":["post-46503","post","type-post","status-publish","format-standard","has-post-thumbnail","","category-mundo"],"_links":{"self":[{"href":"https:\/\/noticiasveraces.com\/index.php?rest_route=\/wp\/v2\/posts\/46503","targetHints":{"allow":["GET"]}}],"collection":[{"href":"https:\/\/noticiasveraces.com\/index.php?rest_route=\/wp\/v2\/posts"}],"about":[{"href":"https:\/\/noticiasveraces.com\/index.php?rest_route=\/wp\/v2\/types\/post"}],"author":[{"embeddable":true,"href":"https:\/\/noticiasveraces.com\/index.php?rest_route=\/wp\/v2\/users\/1"}],"replies":[{"embeddable":true,"href":"https:\/\/noticiasveraces.com\/index.php?rest_route=%2Fwp%2Fv2%2Fcomments&post=46503"}],"version-history":[{"count":0,"href":"https:\/\/noticiasveraces.com\/index.php?rest_route=\/wp\/v2\/posts\/46503\/revisions"}],"wp:featuredmedia":[{"embeddable":true,"href":"https:\/\/noticiasveraces.com\/index.php?rest_route=\/wp\/v2\/media\/46505"}],"wp:attachment":[{"href":"https:\/\/noticiasveraces.com\/index.php?rest_route=%2Fwp%2Fv2%2Fmedia&parent=46503"}],"wp:term":[{"taxonomy":"category","embeddable":true,"href":"https:\/\/noticiasveraces.com\/index.php?rest_route=%2Fwp%2Fv2%2Fcategories&post=46503"},{"taxonomy":"post_tag","embeddable":true,"href":"https:\/\/noticiasveraces.com\/index.php?rest_route=%2Fwp%2Fv2%2Ftags&post=46503"}],"curies":[{"name":"wp","href":"https:\/\/api.w.org\/{rel}","templated":true}]}}