{"id":46478,"date":"2025-10-20T07:13:11","date_gmt":"2025-10-20T11:13:11","guid":{"rendered":"https:\/\/noticiasveraces.com\/?p=46478"},"modified":"2025-10-20T07:13:11","modified_gmt":"2025-10-20T11:13:11","slug":"venezuela-tierra-de-fe-y-santos","status":"publish","type":"post","link":"https:\/\/noticiasveraces.com\/?p=46478","title":{"rendered":"Venezuela: tierra de fe y santos"},"content":{"rendered":"<p> \n<\/p>\n<div>\n<p>Ya es oficial: Venezuela tiene sus dos santos cat\u00f3licos. En primer lugar, nada m\u00e1s y nada menos que el doctor Jos\u00e9 Gregorio Hern\u00e1ndez, el M\u00e9dico de los Pobres, el Santo del Pueblo, que toda Venezuela venera desde hace un siglo y solo le faltaba el \u201ct\u00edtulo\u201d. Tambi\u00e9n est\u00e1 la madre Carmen Rendiles, la fundadora de la congregaci\u00f3n de Siervas de Jes\u00fas de Venezuela.<\/p>\n<figure class=\"wp-block-image\"><img decoding=\"async\" class=\"lazyload\" src=\"https:\/\/substackcdn.com\/image\/fetch\/$s_!zcvI!,w_1456,c_limit,f_auto,q_auto:good,fl_progressive:steep\/https%3A%2F%2Fsubstack-post-media.s3.amazonaws.com%2Fpublic%2Fimages%2Fc290a211-3a32-4396-90a7-c11e1f878072_992x661.jpeg\" alt=\"\"\/><img decoding=\"async\" class=\"lazyload\" src=\"https:\/\/substackcdn.com\/image\/fetch\/$s_!zcvI!,w_1456,c_limit,f_auto,q_auto:good,fl_progressive:steep\/https%3A%2F%2Fsubstack-post-media.s3.amazonaws.com%2Fpublic%2Fimages%2Fc290a211-3a32-4396-90a7-c11e1f878072_992x661.jpeg\" alt=\"\"\/><\/figure>\n<p>Durante la ceremonia en la Plaza San Pedro del Vaticano, el papa Le\u00f3n XIV dijo que Jos\u00e9 Gregorio es un \u201cbenefactor de la humanidad con un coraz\u00f3n encendido de devoci\u00f3n\u201d y Carmen Rendiles fue una \u201ccarism\u00e1tica fundadora que dedic\u00f3 su vida a la educaci\u00f3n y al servicio de los dem\u00e1s\u201d.<\/p>\n<p>Junto a los nuestros, fueron canonizados cinco personajes m\u00e1s:<\/p>\n<ul class=\"wp-block-list\">\n<li>Ignacio Choukrallah Maloyan, de Turqu\u00eda<\/li>\n<li>Peter To Rot, de Papua Nueva Guinea<\/li>\n<li>Vincenza Mar\u00eda Poloni, Mar\u00eda Troncatti y Bartolo Longo, de Italia<\/li>\n<\/ul>\n<p>Le\u00f3n XIV, adem\u00e1s, se lanz\u00f3 unas palabras interesantes para pensar en los que fueron declarados santos: no son h\u00e9roes ni paladines de un ideal cualquiera, sino \u201chombres y mujeres aut\u00e9nticos\u201d.<\/p>\n<h2 class=\"wp-block-heading\">Venezuela toda de fiesta<\/h2>\n<p>Eso fue en el Vaticano, donde hab\u00eda un gent\u00edo. Pero aqu\u00ed en el pa\u00eds la cosa estuvo buena. Por todas partes hubo celebraci\u00f3n. En Caracas, hubo vigilias, con m\u00fasica, rezo y dem\u00e1s en la Iglesia de la Candelaria y en La Pastora.<\/p>\n<h4 class=\"wp-block-heading\">Lee m\u00e1s<\/h4>\n<p><strong>\ud83d\udc40 <\/strong><strong>Procesi\u00f3n desde La Pastora acompa\u00f1\u00f3 a los dos santos venezolanos<\/strong><\/p>\n<figure class=\"wp-block-image\"><img decoding=\"async\" class=\"lazyload\" src=\"https:\/\/substackcdn.com\/image\/fetch\/$s_!_W6L!,w_1456,c_limit,f_auto,q_auto:good,fl_progressive:steep\/https%3A%2F%2Fsubstack-post-media.s3.amazonaws.com%2Fpublic%2Fimages%2F913bafed-0aaf-40af-b925-a8cea4fcc4f7_1000x666.jpeg\" alt=\"\"\/><img decoding=\"async\" class=\"lazyload\" src=\"https:\/\/substackcdn.com\/image\/fetch\/$s_!_W6L!,w_1456,c_limit,f_auto,q_auto:good,fl_progressive:steep\/https%3A%2F%2Fsubstack-post-media.s3.amazonaws.com%2Fpublic%2Fimages%2F913bafed-0aaf-40af-b925-a8cea4fcc4f7_1000x666.jpeg\" alt=\"\"\/><\/figure>\n<p><strong>\ud83d\udc49 <\/strong><strong>Lee aqu\u00ed c\u00f3mo estuvieron las festividades en los diferentes estados del pa\u00eds<\/strong><\/p>\n<p>En Caracas hay un mont\u00f3n de murales con la imagen de Jos\u00e9 Gregorio y de la madre Carmen. Mira la obra que luce en el Barrio Alcabala de Petare:<\/p>\n<figure class=\"wp-block-image size-full\"><img decoding=\"async\" data-attachment-id=\"3002411\" data-permalink=\"https:\/\/ultimasnoticias.com.ve\/mas-vida\/caracas-se-engalana-con-murales-de-sus-primeros-santos\/attachment\/artistas-pintan-el-rostro-de-jose-gregorio-hernandez-en-caracas\/\" data-orig-file=\"https:\/\/ultimasnoticias.com.ve\/wp-content\/uploads\/2025\/10\/8b30ddddeb61b29dde4c98dcd3e02b48ec2c2c53miniw.jpg\" data-orig-size=\"900,600\" data-comments-opened=\"1\" data-image-meta=\"{&quot;aperture&quot;:&quot;0&quot;,&quot;credit&quot;:&quot;EFE&quot;,&quot;camera&quot;:&quot;&quot;,&quot;caption&quot;:&quot;AME9116. CARACAS (VENEZUELA), 17\\\/10\\\/2025.- Fotograf\\u00eda donde se observa un mural con el rostro del m\\u00e9dico Jos\\u00e9 Gregorio Hern\\u00e1ndez este viernes, en la zona de Petare en Caracas (Venezuela). Con motivo de la inminente canonizaci\\u00f3n del \\&quot;m\\u00e9dico de los pobres\\&quot;, Jos\\u00e9 Gregorio Hern\\u00e1ndez, prevista para el pr\\u00f3ximo domingo 19 de octubre, varios artistas han pintado su rostro como s\\u00edmbolo de fe y esperanza en las fachadas de distintas casas de Petare, una de las barriadas m\\u00e1s emblem\\u00e1ticas de Caracas. EFE\\\/ Ronald Pe\\u00f1a R&quot;,&quot;created_timestamp&quot;:&quot;1760736976&quot;,&quot;copyright&quot;:&quot;&quot;,&quot;focal_length&quot;:&quot;0&quot;,&quot;iso&quot;:&quot;0&quot;,&quot;shutter_speed&quot;:&quot;0&quot;,&quot;title&quot;:&quot;Artistas pintan el rostro de Jos\\u00e9 Gregorio Hern\\u00e1ndez en Caracas&quot;,&quot;orientation&quot;:&quot;0&quot;}\" data-image-title=\"Artistas pintan el rostro de Jos\u00e9 Gregorio Hern\u00e1ndez en Caracas\" data-image-description=\"\" data-image-caption=\"&lt;p&gt;El rostro del Santo recubre casas de Petare, una de las barriadas m\u00e1s emblem\u00e1ticas de Caracas. EFE\/ Ronald Pe\u00f1a R&lt;\/p&gt;&#10;\" data-medium-file=\"https:\/\/ultimasnoticias.com.ve\/wp-content\/uploads\/2025\/10\/8b30ddddeb61b29dde4c98dcd3e02b48ec2c2c53miniw-300x200.jpg\" data-large-file=\"https:\/\/ultimasnoticias.com.ve\/wp-content\/uploads\/2025\/10\/8b30ddddeb61b29dde4c98dcd3e02b48ec2c2c53miniw.jpg\" src=\"https:\/\/ultimasnoticias.com.ve\/wp-content\/uploads\/2025\/10\/8b30ddddeb61b29dde4c98dcd3e02b48ec2c2c53miniw.jpg\" alt=\"\" class=\"wp-image-3002411 lazyload\"\/><img fetchpriority=\"high\" decoding=\"async\" width=\"900\" height=\"600\" data-attachment-id=\"3002411\" data-permalink=\"https:\/\/ultimasnoticias.com.ve\/mas-vida\/caracas-se-engalana-con-murales-de-sus-primeros-santos\/attachment\/artistas-pintan-el-rostro-de-jose-gregorio-hernandez-en-caracas\/\" data-orig-file=\"https:\/\/ultimasnoticias.com.ve\/wp-content\/uploads\/2025\/10\/8b30ddddeb61b29dde4c98dcd3e02b48ec2c2c53miniw.jpg\" data-orig-size=\"900,600\" data-comments-opened=\"1\" data-image-meta=\"{&quot;aperture&quot;:&quot;0&quot;,&quot;credit&quot;:&quot;EFE&quot;,&quot;camera&quot;:&quot;&quot;,&quot;caption&quot;:&quot;AME9116. CARACAS (VENEZUELA), 17\\\/10\\\/2025.- Fotograf\\u00eda donde se observa un mural con el rostro del m\\u00e9dico Jos\\u00e9 Gregorio Hern\\u00e1ndez este viernes, en la zona de Petare en Caracas (Venezuela). Con motivo de la inminente canonizaci\\u00f3n del \\&quot;m\\u00e9dico de los pobres\\&quot;, Jos\\u00e9 Gregorio Hern\\u00e1ndez, prevista para el pr\\u00f3ximo domingo 19 de octubre, varios artistas han pintado su rostro como s\\u00edmbolo de fe y esperanza en las fachadas de distintas casas de Petare, una de las barriadas m\\u00e1s emblem\\u00e1ticas de Caracas. EFE\\\/ Ronald Pe\\u00f1a R&quot;,&quot;created_timestamp&quot;:&quot;1760736976&quot;,&quot;copyright&quot;:&quot;&quot;,&quot;focal_length&quot;:&quot;0&quot;,&quot;iso&quot;:&quot;0&quot;,&quot;shutter_speed&quot;:&quot;0&quot;,&quot;title&quot;:&quot;Artistas pintan el rostro de Jos\\u00e9 Gregorio Hern\\u00e1ndez en Caracas&quot;,&quot;orientation&quot;:&quot;0&quot;}\" data-image-title=\"Artistas pintan el rostro de Jos\u00e9 Gregorio Hern\u00e1ndez en Caracas\" data-image-description=\"\" data-image-caption=\"&lt;p&gt;El rostro del Santo recubre casas de Petare, una de las barriadas m\u00e1s emblem\u00e1ticas de Caracas. EFE\/ Ronald Pe\u00f1a R&lt;\/p&gt;&#10;\" data-medium-file=\"https:\/\/ultimasnoticias.com.ve\/wp-content\/uploads\/2025\/10\/8b30ddddeb61b29dde4c98dcd3e02b48ec2c2c53miniw-300x200.jpg\" data-large-file=\"https:\/\/ultimasnoticias.com.ve\/wp-content\/uploads\/2025\/10\/8b30ddddeb61b29dde4c98dcd3e02b48ec2c2c53miniw.jpg\" src=\"https:\/\/ultimasnoticias.com.ve\/wp-content\/uploads\/2025\/10\/8b30ddddeb61b29dde4c98dcd3e02b48ec2c2c53miniw.jpg\" alt=\"\" class=\"wp-image-3002411 lazyload\" srcset=\"https:\/\/ultimasnoticias.com.ve\/wp-content\/uploads\/2025\/10\/8b30ddddeb61b29dde4c98dcd3e02b48ec2c2c53miniw.jpg 900w, https:\/\/ultimasnoticias.com.ve\/wp-content\/uploads\/2025\/10\/8b30ddddeb61b29dde4c98dcd3e02b48ec2c2c53miniw-300x200.jpg 300w, https:\/\/ultimasnoticias.com.ve\/wp-content\/uploads\/2025\/10\/8b30ddddeb61b29dde4c98dcd3e02b48ec2c2c53miniw-768x512.jpg 768w, https:\/\/ultimasnoticias.com.ve\/wp-content\/uploads\/2025\/10\/8b30ddddeb61b29dde4c98dcd3e02b48ec2c2c53miniw-150x100.jpg 150w, https:\/\/ultimasnoticias.com.ve\/wp-content\/uploads\/2025\/10\/8b30ddddeb61b29dde4c98dcd3e02b48ec2c2c53miniw-696x464.jpg 696w\" sizes=\"(max-width: 900px) 100vw, 900px\"\/><figcaption class=\"wp-element-caption\">El rostro del Santo recubre casas de Petare, una de las barriadas m\u00e1s emblem\u00e1ticas de Caracas. EFE\/ Ronald Pe\u00f1a R<\/figcaption><\/figure>\n<p>\ud83d\udc40 Aqu\u00ed puedes ver c\u00f3mo estuvo la celebraci\u00f3n en Isnot\u00fa, la tierra natal de Jos\u00e9 Gregorio.<\/p>\n<p>El presidente Nicol\u00e1s Maduro particip\u00f3 en la vigilia realizada en la Casa Museo de Jos\u00e9 Gregorio Hern\u00e1ndez en La Pastora. Dijo que con la canonizaci\u00f3n de los santos criollos se reivindic\u00f3 la venezolanidad.<\/p>\n<h2 class=\"wp-block-heading\">Un exitazo<\/h2>\n<p>El general Vladimir Padrino L\u00f3pez dijo ayer que la Operaci\u00f3n Independencia 200 fue \u201cun exitazo\u201d. Este fin de semana se complet\u00f3 el ciclo de activaci\u00f3n de todos los estados del pa\u00eds frente a la amenaza gringa. \u201cCon este cierre de ciclo, hemos alcanzado el punto \u00f3ptimo de preparaci\u00f3n del pueblo y de nuestras fuerzas, en unidad y compromiso con la defensa de Venezuela\u201d, dijo Padrino.<\/p>\n<h2 class=\"wp-block-heading\">Petro se la juega y planta cara a Trump<\/h2>\n<p>Despu\u00e9s de la canonizaci\u00f3n de nuestros santos, lo m\u00e1s importante de este fin de semana es el desaf\u00edo que le ha hecho el presidente colombiano Gustavo Petro a Donald Trump. Y lo ha hecho con nada m\u00e1s que la verdad. Primero confirm\u00f3 la denuncia que hab\u00eda hecho antes: la lancha que Trump bombarde\u00f3 el 16 de septiembre era colombiana, pero adem\u00e1s ahora se dice que estaba en aguas colombianas, no internacionales. Y hay un pescador con nombre y apellido, Alejandro Carranza, que puede haber resultado asesinado por Trump en ese evento. Y denunci\u00f3 claro y raspao: \u201cEEUU ha violado nuestra soberan\u00eda en aguas territoriales\u201d.<\/p>\n<p><strong>No es cualquier cosa esto: <\/strong>estos aparentemente simples detalles le desbaratan toda la narrativa a Trump de las lanchas con droga que supuestamente salen de Venezuela y con la que trata de justificar la agresi\u00f3n militar contra nuestro pa\u00eds.<\/p>\n<p>A esto se suma el hecho confirmado del viernes, cuando los gringos bombardearon un bote sumergible (que llaman \u201csubmarino\u201d) y quedaron dos hombres vivos. Los gringos se los llevaron, pero despu\u00e9s los deportaron a sus pa\u00edses, uno para Colombia y otro para Ecuador. L\u00e9ase: ninguno para Venezuela.<\/p>\n<p>Bueno, as\u00ed ser\u00e1 de importante lo que hizo Petro, que el mism\u00edsimo Donald Trump le respondi\u00f3 muy violentamente: lo acus\u00f3 de ser un \u201cl\u00edder del narcotr\u00e1fico\u201d, lo amenaz\u00f3 y adem\u00e1s le suspendi\u00f3 todas las ayudas econ\u00f3micas que por convenio tiene EEUU con Colombia. Tambi\u00e9n anunci\u00f3 subirle los aranceles de importaci\u00f3n a Colombia como represalia. \u00bfRepresalia por qu\u00e9? Bueno, por tener el valor de decirle la verdad en su cara, desmentirlo y dejarlo en evidencia.<\/p>\n<h3 class=\"wp-block-heading\">\ud83d\udc40Lee tambi\u00e9n<\/h3>\n<p>\ud83d\udc49El ala socialista del Partido Dem\u00f3crata se pronuncia contra agresi\u00f3n de Trump a Venezuela<\/p>\n<h2 class=\"wp-block-heading\">Actos de fe<\/h2>\n<p>No te pierdas c\u00f3mo, de una vez, la fuente que est\u00e1 bajo los pies de la nueva estatua de Jos\u00e9 Gregorio en la Candelaria se convirti\u00f3 para la gente en una fuente de agua bendita. Mira c\u00f3mo una tras otra las personas buscan tocar esa agua y hasta recogerla en envases para llev\u00e1rsela:<\/p>\n<figure class=\"wp-block-video\"><video controls=\"\" src=\"https:\/\/ultimasnoticias.com.ve\/wp-content\/uploads\/2025\/10\/fieles-fuente.mp4\"\/><\/figure>\n<h2 class=\"wp-block-heading\">Tipo de cambio<\/h2>\n<p>El Banco Central de Venezuela inform\u00f3 que las mesas de cambio del viernes arrojaron un promedio de<strong> 205,67 bol\u00edvares por d\u00f3lar.<\/strong> Recuerda que esta es la \u00fanica tasa v\u00e1lida para cualquier transacci\u00f3n del d\u00eda de hoy.<\/p>\n<figure class=\"wp-block-image\"><img decoding=\"async\" class=\"lazyload\" src=\"https:\/\/substackcdn.com\/image\/fetch\/$s_!i8yi!,w_1456,c_limit,f_auto,q_auto:good,fl_progressive:steep\/https%3A%2F%2Fsubstack-post-media.s3.amazonaws.com%2Fpublic%2Fimages%2Fd248b064-5976-4280-8535-916245cc4dbd_1440x1440.webp\" alt=\"Puede ser una imagen de texto que diga \" bcv=\"\" banco=\"\" central=\"\" de=\"\" venezuela=\"\" tipo=\"\" camblo=\"\" referencla=\"\" el=\"\" cambio=\"\" publicado=\"\" por=\"\" es=\"\" promedio=\"\" ponderado=\"\" resultante=\"\" las=\"\" operaciones=\"\" diarias=\"\" mesas=\"\" activas=\"\" instituciones=\"\" bancarias=\"\" participantes.=\"\" p=\"\" bs=\"\" eur=\"\" cny=\"\" try=\"\" rub=\"\" usd=\"\" fecha=\"\" valor:=\"\" lunes=\"\" octubre=\"\" www.bcv.org.ve=\"\" ve=\"\" banca=\"\" venczuela=\"\" https=\"\" https:=\"\" title=\"Puede ser una imagen de texto que diga \"\/><img decoding=\"async\" class=\"lazyload\" src=\"https:\/\/substackcdn.com\/image\/fetch\/$s_!i8yi!,w_1456,c_limit,f_auto,q_auto:good,fl_progressive:steep\/https%3A%2F%2Fsubstack-post-media.s3.amazonaws.com%2Fpublic%2Fimages%2Fd248b064-5976-4280-8535-916245cc4dbd_1440x1440.webp\" alt=\"Puede ser una imagen de texto que diga \" bcv=\"\" banco=\"\" central=\"\" de=\"\" venezuela=\"\" tipo=\"\" camblo=\"\" referencla=\"\" el=\"\" cambio=\"\" publicado=\"\" por=\"\" es=\"\" promedio=\"\" ponderado=\"\" resultante=\"\" las=\"\" operaciones=\"\" diarias=\"\" mesas=\"\" activas=\"\" instituciones=\"\" bancarias=\"\" participantes.=\"\" p=\"\" bs=\"\" eur=\"\" cny=\"\" try=\"\" rub=\"\" usd=\"\" fecha=\"\" valor:=\"\" lunes=\"\" octubre=\"\" www.bcv.org.ve=\"\" ve=\"\" banca=\"\" venczuela=\"\" https=\"\" https:=\"\" title=\"Puede ser una imagen de texto que diga \"\/><\/figure>\n<h2 class=\"wp-block-heading\">El sionismo sigue matando<\/h2>\n<p>Como no pueden estar sin matar, los sicarios del r\u00e9gimen sionista, asesino, genocida, terrorista, racista, fascista, torturador, cobarde y criminal de Israel rompieron el alto el fuego y bombardearon ayer el sur de Gaza. Ese fue el evento m\u00e1s grande, pero los genocidas han violado la tregua 47 veces, seg\u00fan el gobierno de Gaza, con un saldo de 38 muertos y 143 heridos.<\/p>\n<h2 class=\"wp-block-heading\">Gringos se levantan contra Trump<\/h2>\n<p>El s\u00e1bado se dio una de las manifestaciones m\u00e1s grandes de los \u00faltimos tiempos en Estados Unidos. En unas 2.500 ciudades, multitudes marcharon para protestar contra el autoritarismo fascista de Donald Trump. El lema es \u201cNo Kings\u201d, que suena algo as\u00ed como que aqu\u00ed no hay reyes o \u201csin reyes\u201d, en alusi\u00f3n a la deriva mon\u00e1rquica y totalitaria del presidente gringo que se cree emperador del mundo. Mira c\u00f3mo estuvo la cosa:<\/p>\n<figure class=\"wp-block-video\"><video controls=\"\" src=\"https:\/\/ultimasnoticias.com.ve\/wp-content\/uploads\/2025\/10\/no-kings-day.mp4\"\/><\/figure>\n<p>El alcalde de Chicago, Brandon Johnson, coron\u00f3 una de las concentraciones m\u00e1s grandes que hubo ese d\u00eda con un llamado a huelga general contra Trump y los superrricos.<\/p>\n<h3 class=\"wp-block-heading\">\ud83d\udc40 M\u00e1s noticias<\/h3>\n<p>\ud83d\udc49Rodrigo Paz gana las elecciones en Bolivia<\/p>\n<p>\ud83d\udc49Atracan el Museo Louvre y se llevan joyas de Napole\u00f3n y de los reyes franceses<\/p>\n<h2 class=\"wp-block-heading\">\ud83d\udcfa Con\u00e9ctate ya con la nueva televisi\u00f3n<\/h2>\n<p>Y para que no te pierdas de nada, aqu\u00ed te dejo el enlace al noticiero de <strong><em>un24.tv, tu canal streaming con Venezuela en directo.<\/em><\/strong><\/p>\n<figure class=\"wp-block-embed is-type-video is-provider-youtube wp-block-embed-youtube wp-embed-aspect-16-9 wp-has-aspect-ratio\">\n<p> <iframe loading=\"lazy\" title=\"Noticiero UN24\" width=\"618\" height=\"348\" src=\"https:\/\/www.youtube.com\/embed\/RwWADkRq4kw?feature=oembed\" frameborder=\"0\" allow=\"accelerometer; autoplay; clipboard-write; encrypted-media; gyroscope; picture-in-picture; web-share\" referrerpolicy=\"strict-origin-when-cross-origin\" allowfullscreen><\/iframe><\/p>\n<\/figure>\n<h4 class=\"wp-block-heading\">\ud83d\udc49 Suscr\u00edbete aqu\u00ed al nuevo canal de Telegram de El Informante \ud83d\udcf2<\/h4>\n<p>Feliz semana, mi gente. Recuerda que para mantenerte al d\u00eda, todo el d\u00eda, lo \u00fanico que tienes que hacer es conectarte con ultimasnoticias.com.ve, (@UNoticias) en X, TikTok, Threads, Facebook, Instagram, LinkedIn y tambi\u00e9n en nuestro canal de Telegram (@UNoticias). Te invito adem\u00e1s a \u00a1leer el diario impreso! Busca ya tu ejemplar de <strong>\u00daltimas Noticias.<\/strong><\/p>\n<p><strong>Y no te olvides de que la nueva televisi\u00f3n<\/strong> est\u00e1 en <strong>ONU24<\/strong><strong>,<\/strong> en directo por YouTube, NetUno Go, Inter Go, Aba TV Go, Roku, FireTV, Rumble, Twitch, Facebook y Telegram, o baj\u00e1ndote la app para Android.<\/p>\n<p>Nos leemos de nuevo el lunes por la ma\u00f1ana.<\/p>\n<h4 class=\"wp-block-heading\">\u00c1ngel <strong>\u270c<\/strong><\/h4>\n<\/div>\n<p><script async src=\"\/\/www.instagram.com\/embed.js\"><\/script><script async src=\"\/\/www.tiktok.com\/embed.js\"><\/script><br \/>\n<br \/>\n","protected":false},"excerpt":{"rendered":"<p>Ya es oficial: Venezuela tiene sus dos santos cat\u00f3licos. En primer lugar, nada m\u00e1s y nada menos que el doctor Jos\u00e9 Gregorio Hern\u00e1ndez, el M\u00e9dico de los Pobres, el Santo del Pueblo, que toda Venezuela venera desde hace un siglo y solo le faltaba el \u201ct\u00edtulo\u201d. Tambi\u00e9n est\u00e1 la madre Carmen Rendiles, la fundadora de &hellip;<\/p>\n","protected":false},"author":1,"featured_media":46480,"comment_status":"open","ping_status":"open","sticky":false,"template":"","format":"standard","meta":{"fifu_image_url":"https:\/\/ultimasnoticias.com.ve\/wp-content\/uploads\/2025\/10\/santos-para-todos-1024x778.png","fifu_image_alt":"","footnotes":""},"categories":[13],"tags":[],"class_list":["post-46478","post","type-post","status-publish","format-standard","has-post-thumbnail","","category-mundo"],"_links":{"self":[{"href":"https:\/\/noticiasveraces.com\/index.php?rest_route=\/wp\/v2\/posts\/46478","targetHints":{"allow":["GET"]}}],"collection":[{"href":"https:\/\/noticiasveraces.com\/index.php?rest_route=\/wp\/v2\/posts"}],"about":[{"href":"https:\/\/noticiasveraces.com\/index.php?rest_route=\/wp\/v2\/types\/post"}],"author":[{"embeddable":true,"href":"https:\/\/noticiasveraces.com\/index.php?rest_route=\/wp\/v2\/users\/1"}],"replies":[{"embeddable":true,"href":"https:\/\/noticiasveraces.com\/index.php?rest_route=%2Fwp%2Fv2%2Fcomments&post=46478"}],"version-history":[{"count":0,"href":"https:\/\/noticiasveraces.com\/index.php?rest_route=\/wp\/v2\/posts\/46478\/revisions"}],"wp:featuredmedia":[{"embeddable":true,"href":"https:\/\/noticiasveraces.com\/index.php?rest_route=\/wp\/v2\/media\/46480"}],"wp:attachment":[{"href":"https:\/\/noticiasveraces.com\/index.php?rest_route=%2Fwp%2Fv2%2Fmedia&parent=46478"}],"wp:term":[{"taxonomy":"category","embeddable":true,"href":"https:\/\/noticiasveraces.com\/index.php?rest_route=%2Fwp%2Fv2%2Fcategories&post=46478"},{"taxonomy":"post_tag","embeddable":true,"href":"https:\/\/noticiasveraces.com\/index.php?rest_route=%2Fwp%2Fv2%2Ftags&post=46478"}],"curies":[{"name":"wp","href":"https:\/\/api.w.org\/{rel}","templated":true}]}}