{"id":46464,"date":"2025-10-20T06:12:07","date_gmt":"2025-10-20T10:12:07","guid":{"rendered":"https:\/\/noticiasveraces.com\/?p=46464"},"modified":"2025-10-20T06:12:07","modified_gmt":"2025-10-20T10:12:07","slug":"saime-anuncio-que-no-prestara-servicio-el-lunes-20-de-octubre","status":"publish","type":"post","link":"https:\/\/noticiasveraces.com\/?p=46464","title":{"rendered":"Saime anunci\u00f3 que no prestar\u00e1 servicio el lunes 20 de octubre"},"content":{"rendered":"<p> \n<\/p>\n<div>\n<p>El Servicio Administrativo de Identificaci\u00f3n, Migraci\u00f3n y Extranjer\u00eda (Saime) anunci\u00f3 que<strong> no prestar\u00e1 servicio en sus oficinas el lunes 20 de octubre debido al decreto del gobierno de Nicol\u00e1s Maduro, <\/strong>quien declar\u00f3 como<strong> d\u00edas no laborables el 19 y 20 de octubre <\/strong>por la canonizaci\u00f3n de Jos\u00e9 Gregorio Hern\u00e1ndez y Carmen Rendiles,<\/p>\n<div class=\"ruby-table-contents rbtoc table-fw\">\n<ul class=\"toc-content h5\">\n<li>Suspensi\u00f3n de clases<\/li>\n<li>Decreto de d\u00eda no laborable<\/li>\n<\/ul>\n<\/div>\n<p>\u00abReanudaremos nuestras actividades el d\u00eda martes 21 de octubre del presente a\u00f1o\u00bb, precis\u00f3 el organismo en un mensaje publicado en sus redes sociales. <\/p>\n<p>De igual forma, el Saime pidi\u00f3 a los usuarios mantenerse informados a trav\u00e9s de sus canales oficiales en redes sociales. <\/p>\n<p>Normalmente, el horario habitual de atenci\u00f3n al p\u00fablico del Saime es<strong> de lunes a viernes, desde las 8:00 a m. hasta las 4:30 pm. <\/strong><\/p>\n<blockquote data-service=\"instagram\" data-category=\"marketing\" data-placeholder-image=\"https:\/\/eldiario.com\/wp-content\/plugins\/complianz-gdpr\/assets\/images\/placeholders\/instagram-minimal.jpg\" class=\"cmplz-placeholder-element instagram-media\" data-instgrm-captioned=\"\" data-instgrm-permalink=\"https:\/\/www.instagram.com\/p\/DP99wLDj0qP\/?utm_source=ig_embed&amp;utm_campaign=loading\" data-instgrm-version=\"14\" style=\"background:#fff;border:0;border-radius:3px;box-shadow:0 0 1px 0 rgba(0,0,0,.5),0 1px 10px 0 rgba(0,0,0,.15);margin:1px;max-width:540px;min-width:326px;padding:0;width:99.375%;width:-webkit-calc(100% - 2px);width:calc(100% - 2px);\"\/>\n<h2 id=\"suspension-de-clases\" class=\"rb-heading-index-0-823129 wp-block-heading\"><strong>Suspensi\u00f3n de clases <\/strong><\/h2>\n<p>Los colegios y universidades venezolanas tambi\u00e9n anunciaron la suspensi\u00f3n de clases y dem\u00e1s actividades escolares para el lunes 20 de octubre en respuesta al decreto presidencial de d\u00eda no laborable.<\/p>\n<p>Las instituciones de educaci\u00f3n b\u00e1sica y secundaria le indicaron a los representantes el viernes 17 y s\u00e1bado 18 de octubre que <strong>la medida fue tomada por el Ministerio de Educaci\u00f3n. <\/strong><\/p>\n<figure class=\"wp-block-image size-large is-resized\"><picture fetchpriority=\"high\" decoding=\"async\" class=\"wp-image-582833\" style=\"width:840px;height:auto;\"><source type=\"image\/webp\" sizes=\"(max-width: 760px) 100vw, 760px\" nitro-lazy-srcset=\"https:\/\/eldiario.com\/nitropack_static\/DWpklAePbJBFiBKvuTtiGMLbtJlHUqWt\/assets\/images\/optimized\/rev-4610e21\/eldiario.com\/wp-content\/uploads\/2023\/10\/38-Recorrido-regreso-a-clases-en-Caracas-El-Diario-Jose-Daniel-Ramos-760x507.jpg.webp 760w, https:\/\/eldiario.com\/nitropack_static\/DWpklAePbJBFiBKvuTtiGMLbtJlHUqWt\/assets\/images\/optimized\/rev-4610e21\/eldiario.com\/wp-content\/uploads\/2023\/10\/38-Recorrido-regreso-a-clases-en-Caracas-El-Diario-Jose-Daniel-Ramos-300x200.jpg.webp 300w, https:\/\/eldiario.com\/nitropack_static\/DWpklAePbJBFiBKvuTtiGMLbtJlHUqWt\/assets\/images\/optimized\/rev-4610e21\/eldiario.com\/wp-content\/uploads\/2023\/10\/38-Recorrido-regreso-a-clases-en-Caracas-El-Diario-Jose-Daniel-Ramos-768x512.jpg.webp 768w, https:\/\/eldiario.com\/nitropack_static\/DWpklAePbJBFiBKvuTtiGMLbtJlHUqWt\/assets\/images\/optimized\/rev-4610e21\/eldiario.com\/wp-content\/uploads\/2023\/10\/38-Recorrido-regreso-a-clases-en-Caracas-El-Diario-Jose-Daniel-Ramos-1536x1024.jpg.webp 1536w, https:\/\/eldiario.com\/nitropack_static\/DWpklAePbJBFiBKvuTtiGMLbtJlHUqWt\/assets\/images\/optimized\/rev-4610e21\/eldiario.com\/wp-content\/uploads\/2023\/10\/38-Recorrido-regreso-a-clases-en-Caracas-El-Diario-Jose-Daniel-Ramos-150x100.jpg.webp 150w, https:\/\/eldiario.com\/nitropack_static\/DWpklAePbJBFiBKvuTtiGMLbtJlHUqWt\/assets\/images\/optimized\/rev-4610e21\/eldiario.com\/wp-content\/uploads\/2023\/10\/38-Recorrido-regreso-a-clases-en-Caracas-El-Diario-Jose-Daniel-Ramos.jpg.webp 1600w\" nitro-lazy-empty=\"\" id=\"ODI0OjkxMQ==-1\" srcset=\"data:image\/svg+xml;nitro-empty-id=ODI0OjkxMQ==-1;base64,PHN2ZyB2aWV3Qm94PSIwIDAgNzYwIDUwNyIgd2lkdGg9Ijc2MCIgaGVpZ2h0PSI1MDciIHhtbG5zPSJodHRwOi8vd3d3LnczLm9yZy8yMDAwL3N2ZyI+PC9zdmc+\"\/><img fetchpriority=\"high\" width=\"760\" height=\"507\" alt=\"Anunciaron la fecha del regreso a clases para el a\u00f1o escolar 2025-2026\" sizes=\"(max-width: 760px) 100vw, 760px\" srcset=\"https:\/\/eldiario.com\/nitropack_static\/DWpklAePbJBFiBKvuTtiGMLbtJlHUqWt\/assets\/images\/optimized\/rev-4610e21\/eldiario.com\/wp-content\/uploads\/2023\/10\/38-Recorrido-regreso-a-clases-en-Caracas-El-Diario-Jose-Daniel-Ramos-760x507.jpg 760w, https:\/\/eldiario.com\/nitropack_static\/DWpklAePbJBFiBKvuTtiGMLbtJlHUqWt\/assets\/images\/optimized\/rev-4610e21\/eldiario.com\/wp-content\/uploads\/2023\/10\/38-Recorrido-regreso-a-clases-en-Caracas-El-Diario-Jose-Daniel-Ramos-300x200.jpg 300w, https:\/\/eldiario.com\/nitropack_static\/DWpklAePbJBFiBKvuTtiGMLbtJlHUqWt\/assets\/images\/optimized\/rev-4610e21\/eldiario.com\/wp-content\/uploads\/2023\/10\/38-Recorrido-regreso-a-clases-en-Caracas-El-Diario-Jose-Daniel-Ramos-768x512.jpg 768w, https:\/\/eldiario.com\/nitropack_static\/DWpklAePbJBFiBKvuTtiGMLbtJlHUqWt\/assets\/images\/optimized\/rev-4610e21\/eldiario.com\/wp-content\/uploads\/2023\/10\/38-Recorrido-regreso-a-clases-en-Caracas-El-Diario-Jose-Daniel-Ramos-1536x1024.jpg 1536w, https:\/\/eldiario.com\/nitropack_static\/DWpklAePbJBFiBKvuTtiGMLbtJlHUqWt\/assets\/images\/optimized\/rev-4610e21\/eldiario.com\/wp-content\/uploads\/2023\/10\/38-Recorrido-regreso-a-clases-en-Caracas-El-Diario-Jose-Daniel-Ramos-150x100.jpg 150w, https:\/\/eldiario.com\/nitropack_static\/DWpklAePbJBFiBKvuTtiGMLbtJlHUqWt\/assets\/images\/optimized\/rev-4610e21\/eldiario.com\/wp-content\/uploads\/2023\/10\/38-Recorrido-regreso-a-clases-en-Caracas-El-Diario-Jose-Daniel-Ramos.jpg 1600w\" src=\"https:\/\/eldiario.com\/nitropack_static\/DWpklAePbJBFiBKvuTtiGMLbtJlHUqWt\/assets\/images\/optimized\/rev-4610e21\/eldiario.com\/wp-content\/uploads\/2023\/10\/38-Recorrido-regreso-a-clases-en-Caracas-El-Diario-Jose-Daniel-Ramos-760x507.jpg\" class=\"nitro-lazy\" decoding=\"async\" nitro-lazy-empty=\"\" id=\"ODI1OjExMzY=-1\"\/> <\/picture><figcaption class=\"wp-element-caption\">Foto: Jos\u00e9 Daniel Ramos @danielj2511<\/figcaption><\/figure>\n<p>Las instituciones explicaron que las actividades escolares <strong>se reanudar\u00e1n con normalidad el martes 21 de octubre. <\/strong><\/p>\n<p>Por su parte, la<strong> banca privada tampoco prestar\u00e1 servicio el lunes <\/strong>mientras que los bancos propiedad del Estado s\u00ed abrir\u00e1n sus agencias normalmente. <\/p>\n<h2 id=\"decreto-de-dia-no-laborable\" class=\"rb-heading-index-1-823129 wp-block-heading\"><strong>Decreto de d\u00eda no laborable<\/strong><\/h2>\n<p>El presidente Nicol\u00e1s Maduro\u00a0decret\u00f3 el <strong>domingo 19 de octubre y lunes 20 de octubre como d\u00edas de j\u00fabilo nacional no laborables<\/strong> por la canonizaci\u00f3n de Jos\u00e9 Gregorio Hern\u00e1ndez y Carmen Rendiles.<\/p>\n<figure class=\"wp-block-image size-large\"><img loading=\"lazy\" width=\"1200\" height=\"800\" alt=\"Canonizaci\u00f3n de Jos\u00e9 Gregorio Hern\u00e1ndez desde Caracas\" sizes=\"auto, (max-width: 1200px) 100vw, 1200px\" srcset=\"https:\/\/eldiario.com\/nitropack_static\/DWpklAePbJBFiBKvuTtiGMLbtJlHUqWt\/assets\/images\/optimized\/rev-4610e21\/eldiario.com\/wp-content\/uploads\/2025\/10\/96739a3d6d47b4b9ec8cce50fedf9c27ffdb27ba-1200x800.jpg 1200w, https:\/\/eldiario.com\/nitropack_static\/DWpklAePbJBFiBKvuTtiGMLbtJlHUqWt\/assets\/images\/optimized\/rev-4610e21\/eldiario.com\/wp-content\/uploads\/2025\/10\/96739a3d6d47b4b9ec8cce50fedf9c27ffdb27ba-300x200.jpg 300w, https:\/\/eldiario.com\/nitropack_static\/DWpklAePbJBFiBKvuTtiGMLbtJlHUqWt\/assets\/images\/optimized\/rev-4610e21\/eldiario.com\/wp-content\/uploads\/2025\/10\/96739a3d6d47b4b9ec8cce50fedf9c27ffdb27ba-768x512.jpg 768w, https:\/\/eldiario.com\/nitropack_static\/DWpklAePbJBFiBKvuTtiGMLbtJlHUqWt\/assets\/images\/optimized\/rev-4610e21\/eldiario.com\/wp-content\/uploads\/2025\/10\/96739a3d6d47b4b9ec8cce50fedf9c27ffdb27ba-1536x1024.jpg 1536w, https:\/\/eldiario.com\/nitropack_static\/DWpklAePbJBFiBKvuTtiGMLbtJlHUqWt\/assets\/images\/optimized\/rev-4610e21\/eldiario.com\/wp-content\/uploads\/2025\/10\/96739a3d6d47b4b9ec8cce50fedf9c27ffdb27ba-330x220.jpg 330w, https:\/\/eldiario.com\/nitropack_static\/DWpklAePbJBFiBKvuTtiGMLbtJlHUqWt\/assets\/images\/optimized\/rev-4610e21\/eldiario.com\/wp-content\/uploads\/2025\/10\/96739a3d6d47b4b9ec8cce50fedf9c27ffdb27ba-420x280.jpg 420w, https:\/\/eldiario.com\/nitropack_static\/DWpklAePbJBFiBKvuTtiGMLbtJlHUqWt\/assets\/images\/optimized\/rev-4610e21\/eldiario.com\/wp-content\/uploads\/2025\/10\/96739a3d6d47b4b9ec8cce50fedf9c27ffdb27ba-615x410.jpg 615w, https:\/\/eldiario.com\/nitropack_static\/DWpklAePbJBFiBKvuTtiGMLbtJlHUqWt\/assets\/images\/optimized\/rev-4610e21\/eldiario.com\/wp-content\/uploads\/2025\/10\/96739a3d6d47b4b9ec8cce50fedf9c27ffdb27ba-860x574.jpg 860w, https:\/\/eldiario.com\/nitropack_static\/DWpklAePbJBFiBKvuTtiGMLbtJlHUqWt\/assets\/images\/optimized\/rev-4610e21\/eldiario.com\/wp-content\/uploads\/2025\/10\/96739a3d6d47b4b9ec8cce50fedf9c27ffdb27ba-150x100.jpg 150w, https:\/\/eldiario.com\/nitropack_static\/DWpklAePbJBFiBKvuTtiGMLbtJlHUqWt\/assets\/images\/optimized\/rev-4610e21\/eldiario.com\/wp-content\/uploads\/2025\/10\/96739a3d6d47b4b9ec8cce50fedf9c27ffdb27ba.jpg 1600w\" src=\"https:\/\/eldiario.com\/nitropack_static\/DWpklAePbJBFiBKvuTtiGMLbtJlHUqWt\/assets\/images\/optimized\/rev-4610e21\/eldiario.com\/wp-content\/uploads\/2025\/10\/96739a3d6d47b4b9ec8cce50fedf9c27ffdb27ba-1200x800.jpg\" class=\"wp-image-823033 nitro-lazy\" decoding=\"async\" nitro-lazy-empty=\"\" id=\"ODQ3OjE0MTg=-1\"\/><figcaption class=\"wp-element-caption\">Foto: EFE\/ Miguel Guti\u00e9rrez<\/figcaption><\/figure>\n<p>\u201cQuisiera proceder aqu\u00ed, en este urbanismo, a firmar el decreto con que declaro en todo el territorio nacional, el domingo 19 de octubre, d\u00eda de la <strong>canonizaci\u00f3n del doctor Jos\u00e9 Gregorio Hern\u00e1ndez y de la madre Carmen Rendiles<\/strong>domingo 19 y lunes 20, d\u00eda de j\u00fabilo nacional no laborable para que todo el pueblo, en una sola oraci\u00f3n, salga a celebrar este hecho hist\u00f3rico de nuestra Iglesia cat\u00f3lica\u201d, anunci\u00f3 el viernes 17 de octubre.<\/p>\n<p>Maduro se\u00f1al\u00f3 que el objetivo del decreto es que los ciudadanos<strong> salgan a celebrar \u201cen una sola oraci\u00f3n\u201d este hecho hist\u00f3rico de la Iglesia cat\u00f3lica.<\/strong><\/p>\n<p>\u201cDigo desde el coraz\u00f3n, gracias papa Francisco, elevar\u00e9 una oraci\u00f3n junto al pueblo por ti cuando le est\u00e9n entregando el t\u00edtulo de santo a quien ha sido nuestro santo por m\u00e1s de 70 a\u00f1os, doctor Jos\u00e9 Gregorio Hern\u00e1ndez\u201d, a\u00f1adi\u00f3.<\/p>\n<\/p><\/div>\n<p><script async src=\"\/\/www.instagram.com\/embed.js\"><\/script><br \/>\n<br \/>\n","protected":false},"excerpt":{"rendered":"<p>El Servicio Administrativo de Identificaci\u00f3n, Migraci\u00f3n y Extranjer\u00eda (Saime) anunci\u00f3 que no prestar\u00e1 servicio en sus oficinas el lunes 20 de octubre debido al decreto del gobierno de Nicol\u00e1s Maduro, quien declar\u00f3 como d\u00edas no laborables el 19 y 20 de octubre por la canonizaci\u00f3n de Jos\u00e9 Gregorio Hern\u00e1ndez y Carmen Rendiles, Suspensi\u00f3n de clases &hellip;<\/p>\n","protected":false},"author":1,"featured_media":46466,"comment_status":"open","ping_status":"open","sticky":false,"template":"","format":"standard","meta":{"fifu_image_url":"https:\/\/eldiario.com\/wp-content\/uploads\/2022\/08\/10-Travesia-pasaporte-cedula-oficinas-saime-El-Diario-Jose-Daniel-Ramos.jpg","fifu_image_alt":"","footnotes":""},"categories":[13],"tags":[],"class_list":["post-46464","post","type-post","status-publish","format-standard","has-post-thumbnail","","category-mundo"],"_links":{"self":[{"href":"https:\/\/noticiasveraces.com\/index.php?rest_route=\/wp\/v2\/posts\/46464","targetHints":{"allow":["GET"]}}],"collection":[{"href":"https:\/\/noticiasveraces.com\/index.php?rest_route=\/wp\/v2\/posts"}],"about":[{"href":"https:\/\/noticiasveraces.com\/index.php?rest_route=\/wp\/v2\/types\/post"}],"author":[{"embeddable":true,"href":"https:\/\/noticiasveraces.com\/index.php?rest_route=\/wp\/v2\/users\/1"}],"replies":[{"embeddable":true,"href":"https:\/\/noticiasveraces.com\/index.php?rest_route=%2Fwp%2Fv2%2Fcomments&post=46464"}],"version-history":[{"count":0,"href":"https:\/\/noticiasveraces.com\/index.php?rest_route=\/wp\/v2\/posts\/46464\/revisions"}],"wp:featuredmedia":[{"embeddable":true,"href":"https:\/\/noticiasveraces.com\/index.php?rest_route=\/wp\/v2\/media\/46466"}],"wp:attachment":[{"href":"https:\/\/noticiasveraces.com\/index.php?rest_route=%2Fwp%2Fv2%2Fmedia&parent=46464"}],"wp:term":[{"taxonomy":"category","embeddable":true,"href":"https:\/\/noticiasveraces.com\/index.php?rest_route=%2Fwp%2Fv2%2Fcategories&post=46464"},{"taxonomy":"post_tag","embeddable":true,"href":"https:\/\/noticiasveraces.com\/index.php?rest_route=%2Fwp%2Fv2%2Ftags&post=46464"}],"curies":[{"name":"wp","href":"https:\/\/api.w.org\/{rel}","templated":true}]}}