{"id":46461,"date":"2025-10-20T05:11:10","date_gmt":"2025-10-20T09:11:10","guid":{"rendered":"https:\/\/noticiasveraces.com\/?p=46461"},"modified":"2025-10-20T05:11:10","modified_gmt":"2025-10-20T09:11:10","slug":"del-desorden-criminal-al-orden-de-la-paz-lo-que-silencia-perez-esquivel","status":"publish","type":"post","link":"https:\/\/noticiasveraces.com\/?p=46461","title":{"rendered":"Del desorden criminal al orden de la paz: lo que silencia P\u00e9rez Esquivel"},"content":{"rendered":"<p> \n<\/p>\n<div id=\"\">\n<div class=\"image-featured\">\n<img src=\"data:image\/png;base64,iVBORw0KGgoAAAANSUhEUgAAA34AAAJLAQAAAACQknkTAAAAAnRSTlMAAHaTzTgAAABXSURBVHja7cGBAAAAAMOg+VOf4AZVAQAAAAAAAAAAAAAAAAAAAAAAAAAAAAAAAAAAAAAAAAAAAAAAAAAAAAAAAAAAAAAAAAAAAAAAAAAAAAAAAAAAAHAMAyoAATOSsAcAAAAASUVORK5CYII=\" alt=\"Captura de pantalla 2025-10-19 203912\" data-src=\"https:\/\/elnacional-uploads.nyc3.digitaloceanspaces.com\/wp-content\/uploads\/2025\/10\/19203955\/Captura-de-pantalla-2025-10-19-203912.png\" decoding=\"async\" class=\"lazyload\" data-eio-rwidth=\"894\" data-eio-rheight=\"587\"\/><img decoding=\"async\" src=\"https:\/\/elnacional-uploads.nyc3.digitaloceanspaces.com\/wp-content\/uploads\/2025\/10\/19203955\/Captura-de-pantalla-2025-10-19-203912.png\" alt=\"Captura de pantalla 2025-10-19 203912\" data-eio=\"l\"\/><\/div>\n<p>La lista de los atentados a la dignidad humana de los venezolanos es interminable, clama al cielo. Habr\u00e1 de ordenarse una memoria para que la libertad y la paz que se logren alcanzar sean estables, es decir, obra de la justicia. Las violaciones sistem\u00e1ticas ocurridas tienen como g\u00e9nesis, es lo in\u00e9dito y uno de los problemas centrales a resolver, el pacto celebrado con las FARC por Hugo Ch\u00e1vez Fr\u00edas en 1999. Desde entonces transform\u00f3 a Venezuela en un territorio sin ley, que no sea la de la violencia y el desorden colectivos.<\/p>\n<p>Incidi\u00f3 lo \u00faltimo en la transformaci\u00f3n progresiva de su gobierno en un narcogobierno terrorista \u2013hoy llama la CIDH a su causahabiente, Nicol\u00e1s Maduro Moros, practicante del \u00abterrorismo de Estado\u00bb\u2013 abonando ello en el incremento demencial de las muertes por homicidio, como de la corrupci\u00f3n en el mundo militar y judicial. De los homicidios acontecidos en 1998, que frisaban 4.500, bajo la nueva realidad del Estado criminal alcanzaron 24.980 en 2014 e iniciada la di\u00e1spora fueron 16.506 los homicidios, en 2019.<\/p>\n<p>A esa ominosa cifra le acompa\u00f1aron, sucesivamente, la confiscaci\u00f3n de los fundos agr\u00edcolas y pecuarios (2001); la Masacre del 11 de abril o Masacre de Miraflores, a la que se le junta la de la plaza Altamira (2002); las Listas Tasc\u00f3n y Maisanta, que declaran la \u201cmuerte civil\u201d de millones de venezolanos (2003-2004), tal como lo confirma la Corte Interamericana; la expulsi\u00f3n televisada de casi 20.000 trabajadores de Pdvsa y el desalojo militar de sus familias de las casas que habitaban en los campos petroleros (2003); la represi\u00f3n popular por las firmas que peticionan el refer\u00e9ndum revocatorio y recopila Mar\u00eda Corina Machado (2004); el caso de los soldados calcinados en Fuerte Mara (2004); el cierre y captura de los medios de comunicaci\u00f3n, entre estos RCTV y Globovisi\u00f3n como la persecuci\u00f3n de sus periodistas (2005 en adelante); la Masacre de Turumb\u00e1n o de los mineros del estado Bol\u00edvar (2006); las inhabilitaciones pol\u00edticas masivas impuestas por la Contralor\u00eda contra la oposici\u00f3n (2007-2008); la decisi\u00f3n del TSJ de no acatar las decisiones de la Comisi\u00f3n ni las sentencias de la Corte Interamericana de Derechos Humanos (2009); la condena arbitraria e ilegal de los comisarios de la PM, entre ellos Iv\u00e1n Simonovis (2010); la expropiaci\u00f3n sistem\u00e1tica \u2013el \u00a1expr\u00f3piese!\u2013 de los bienes de quienes el r\u00e9gimen tacha como capitalistas desafectos a su credo (2010); la Masacre de El Rodeo y el pacto de Diosdado Cabello con los \u201cpranes\u201d, mientras se ordena la excarcelaci\u00f3n de 20.000 presos comunes, incluidos narcotraficantes, por la ministro penitenciaria, Iris Varela (2011); la extradici\u00f3n del mascar\u00f3n empresarial del narcotr\u00e1fico, Walid Makled y el descubrimiento del C\u00e1rtel de los Soles (2011).<\/p>\n<p>En el a\u00f1o en que fallece Ch\u00e1vez Fr\u00edas se suman las declaraciones de los magistrados supremos Aponte Aponte y Vel\u00e1squez Alvaray, reveladoras de la colusi\u00f3n del Ejecutivo con el narcotr\u00e1fico al que protege judicialmente (2012); la tragedia de Amuay (2012); el caso de las narcomaletas de Air France y la declaraci\u00f3n del mismo magistrado Aponte, admitiendo haber condenado a empresarios inocentes por enemigos del r\u00e9gimen y liberado a narcotraficantes por \u00f3rdenes del Palacio de Miraflores (2013); la Masacre del 14 de Febrero o D\u00eda de la Juventud (2014) elevada a la Corte Penal Internacional; la expulsi\u00f3n masiva de la poblaci\u00f3n civil colombiana, mediante una inconstitucional suspensi\u00f3n de garant\u00edas (2015); la Masacre de Barlovento, la de los pescadores de Cariaco, la Masacre de El Valle, la de Trujillo o de la familia Azuaje, la Masacre de mineros de Tumeremo (2016); la Masacre de los Escuderos (2017); la Masacre de El Junquito y de \u00d3scar P\u00e9rez, y la Masacre de las Galdonas (2018); las v\u00edctimas del Primero de Mayo y las Masacres de Kumarakapay, San F\u00e9lix e Icabar\u00fa (2019); la Masacre de Macuto u Operaci\u00f3n Gede\u00f3n y la Masacre de la C\u00e1rcel de los Llanos (2020); la Masacre de La Vega y la de El Ripial en Apure (2021). <\/p>\n<p>A partir de 2014 hasta 2020 le fueron levantadas sus inmunidades a 32 parlamentarios de oposici\u00f3n a fin de criminalizarlos y encarcelarlos, am\u00e9n de acontecer la muerte de 22 presos pol\u00edticos entre 2015 y 2025, bajo cuidado del Estado. La Misi\u00f3n Independiente de la ONU constata que, a ra\u00edz de las elecciones de 2024 desconocidas por el r\u00e9gimen, ocurrieron 25 asesinatos, decenas de heridos y casi 2.000 presos por razones pol\u00edticas bajo la operaci\u00f3n gubernamental llamada Tun-Tun, con la complicidad de los jueces.<\/p>\n<p>Escandalizar\u00e1n los \u00abajustes de cuenta\u00bb del propio Estado ocurridos, en no pocos casos originados por la mutaci\u00f3n de este en una organizaci\u00f3n narcocriminal estructurada y que silencia vidas a prop\u00f3sito, las tira en fosa com\u00fan confundi\u00e9ndolas con despojos. Cuando se abran los expedientes hasta las piedras llorar\u00e1n. La lista de los asesinatos presuntos y por investigar es extensa. <\/p>\n<p>He aqu\u00ed algunos nombres. El fiscal Danilo Anderson, Antonio L\u00f3pez Castillo y Juan Carlos S\u00e1nchez (2004); el ex fiscal nacional de aduanas, Gamal Richani, quien investiga a Makled, cabeza visible del narcotr\u00e1fico oficial (2005); Arturo Erlich y Freddy Farf\u00e1n, tras el \u201cextrav\u00edo\u201d de 45 millones de d\u00f3lares que se dice proven\u00edan de Fogade (2006 y 2009); los sindicalistas del r\u00e9gimen Richard Gallardo y Luis Hern\u00e1ndez (2008); el periodista Orel Zambrano y el veterinario Francisco Larraz\u00e1bal, testigos en la causa contra Makled (2009); el gobernador de Gu\u00e1rico, Willian Lara (2010); la \u201ccomandante\u201d Lina Ron (2011); Nelly Calles Rivas, jefe del PSUV en el estado Sucre (2011); el ex gobernador de Apure y capit\u00e1n Jes\u00fas Aguilarte (2012); la embajadora Olga Fonseca, asesinada por la narcodiplomacia (2012); el general Wilmer Moreno, subdirector de inteligencia militar (2012); la familia P\u00e9rez Pacheco, ejecutada en Falc\u00f3n (2013); el diputado Omar Guararima, jefe del PSUV en el estado Anzo\u00e1tegui (2013); Juan Montoya, jefe del colectivo Secretariado Revolucionario (2014); el estudiante Bassil Da Costa (2014); el capit\u00e1n Eliezer Otaiza, exjefe de la polic\u00eda pol\u00edtica (2014); el diputado Robert Serra (2014); Jos\u00e9 Miguel Odrem\u00e1n, l\u00edder del colectivo 5 de Marzo (2014); el estudiante Cliver Roa, de la Universidad Cat\u00f3lica del T\u00e1chira (2015); el candidato opositor Luis Manuel D\u00edaz (2015); el activista Neomar Lander (2017); el concejal Fernando Alb\u00e1n (2018); el capit\u00e1n Rafael Acosta Ar\u00e9valo (2019); el dirigente oficialista Carlos Lanz y el candidato opositor trujillano Waldo Santeliz (2020); el periodista Jos\u00e9 Gregorio Urbina (2022), el teniente Ronald Ojeda ejecutado en Chile (2024); el general Ra\u00fal Baduel y el \u201ctiktoker Gabriel Sarmiento (2025).<\/p>\n<p>El mal absoluto, en suma, se instal\u00f3 en Venezuela. Es el desorden del orden humano y el desconocimiento de los principios de humanidad, de las leyes b\u00e1sicas de la convivencia. Por lo que, para salir del desorden y lograr que la naci\u00f3n trasvase hacia un orden de justicia, por lo pronto queda, lo dec\u00eda en vida Carlos Nino (<em>El mal radical a prueba<\/em>Yale University, 1996), el convencimiento colectivo del \u00a1nunca m\u00e1s! Es lo que simboliza el Premio Nobel de la Paz otorgado a Mar\u00eda Corina Machado, madre protectora de los venezolanos y \u201cunificadora\u201d de un pa\u00eds dividido por el miedo. Es el orden tras el desorden, del que denuesta Adolfo P\u00e9rez Esquivel, Nobel de la izquierda protofidelista. <\/p>\n<p>Preparar la memoria, fijar la verdad, hacer justicia y castigar a los autores materiales e intelectuales de tanta maldad junta, y reparar de modo integral a las v\u00edctimas y sus familiares habr\u00e1 de ser prioritario. Mas decirlo as\u00ed es bastante, pero todav\u00eda muy simple. Han de desatarse y resolverse sobre todo algunos nudos culturales, los de la inmadurez democr\u00e1tica producto de mitos e hipotecas hist\u00f3ricas, a fin de que se asegure lo ya dicho, el paso del desorden al orden de la Justicia. <\/p>\n<p><strong>Justicia no es venganza<\/strong><\/p>\n<p>Enhorabuena, la actual di\u00e1spora millonaria de venezolanos, para sortear la incertidumbre ha tenido que despojarse de sus taras hist\u00f3ricas: el mito de El Dorado \u2013todo me lo deben, soy hijo de pa\u00eds rico\u2013 y el del Cesarismo, el del padre bueno y fuerte que debe resolver sobre el destino de todos y castigar severamente a quienes nos da\u00f1an como individuos. Y de no hacerlo o de equivocarse se le lapida, como si fuese el responsable del conjunto de nuestros yerros colectivos y como pueblo. Mas para avanzar en el marco de las culturas extranjeras que la han acogido, renunci\u00f3 la di\u00e1spora al mito de S\u00edsifo, al de la tarea que se inicia y no se termina para recomenzarla en cada d\u00eda: \u00a1como vaya viniendo vamos viendo!<\/p>\n<p>As\u00ed, para salir del desorden y volver al orden contar\u00e1 Venezuela con una migraci\u00f3n similar a aquellas otras que nos trajeron modernizaci\u00f3n, comenzando por la canaria, la de mayor tradici\u00f3n, reclamada por Jos\u00e9 Antonio P\u00e1ez en 1830 para poblar otra vez a nuestro territorio, luego de perder 30% de su poblaci\u00f3n tras las guerras fratricidas por la Independencia. Y tal ha vuelto a ocurrir, al perder Venezuela su independencia a manos de satrap\u00edas extranjeras desde 1999. <\/p>\n<p>Sobre el \u00a1nunca m\u00e1s!, saltar\u00e1n otras cuestiones que atender. Una es vertebral, a saber, que es razonablemente humano que cada v\u00edctima, presa de la indignidad a la que se viese sometida, tanto ella como su familia y sus m\u00e1s pr\u00f3ximos afectos, reclame una respuesta equivalente a la ley del tali\u00f3n, ojo por ojo, diente por diente. \u00bfEs eso posible? No lo creo. La historia, no s\u00f3lo la del Derecho, nos muestra a tal pr\u00e1ctica o aspiraci\u00f3n como inherente a comunidades primitivos y los juicios populares. <\/p>\n<p>La idea de la justicia es ajena a la noci\u00f3n de la venganza. A las instituciones a las que les toque juzgar, si bien habr\u00e1n de hacerlo con vistas a cada caso, o al conjunto trat\u00e1ndose de la actuaci\u00f3n esperada por la Corte Penal Internacional para los cr\u00edmenes de lesa humanidad, en la hip\u00f3tesis de lo venezolano se trata de que tal tarea deber\u00e1 asumirla una institucionalidad en cierne, de restablecimiento, de paso del desorden hacia el orden, y que ha de asegurarse en su continuidad. No podr\u00e1 volv\u00e9rsele un amago de justicia, condenado al fracaso por su ideologizaci\u00f3n o yerro de sentido com\u00fan. <\/p>\n<p>La historia tambi\u00e9n no los muestra. El \u00a1nunca m\u00e1s! como bien p\u00fablico \u2013vuelvo a la reflexi\u00f3n de Nino\u2013 ha de mirar cada caso o al conjunto en sus contextos, como los efectos personales y sociales de cada decisi\u00f3n restablecedora del orden que fije la justicia democr\u00e1tica. La cuesti\u00f3n es muy compleja. Exige de sind\u00e9resis \u2013 buscar el bien, evitar el mal \u2013 y no solo de virtud republicana. La justicia se habr\u00e1 de administrar de acuerdo con la ley, nunca seg\u00fan el estado de \u00e1nimo o de animosidad, por muy legitima que sea, sea de la v\u00edctima o de quienes act\u00faen como acusadores fiscales. <\/p>\n<p>R\u00f3mulo Betancourt, en 1959 y lo recordaba en 1964, tras la radicalidad y el sectarismo de 1945, a ra\u00edz del 18 de octubre, ten\u00eda presente que jug\u00f3 en contra de la estabilidad de la Revoluci\u00f3n de Octubre el haber abierto el ventilador acusando y persiguiendo indiscriminadamente a gomecistas, lopecistas, medinistas, padres, esposas e hijos. Ya con canas y esquilmado supo, al igual que Rafael Caldera y J\u00f3vito Villalba, que la democracia civil no tendr\u00eda destino mientras prevaleciese la \u00absa\u00f1a cainita\u00bb.<\/p>\n<p>La ense\u00f1anza de recoger nos la ofrece papa Benedicto XVI, apelando a san Agust\u00edn, carisma del actual Pont\u00edfice, Le\u00f3n XIV: \u201cQuita el derecho y, entonces, \u00bfqu\u00e9 distingue el Estado de una gran banda de bandidos?\u201d, dec\u00eda. Y relataba su experiencia de alem\u00e1n bajo el nazismo: \u201cHemos experimentado c\u00f3mo el poder se separ\u00f3 del derecho, se enfrent\u00f3 contra \u00e9l; c\u00f3mo se pisote\u00f3 el derecho, de manera que el Estado se convirti\u00f3 en el instrumento para la destrucci\u00f3n del derecho; se transform\u00f3 en una cuadrilla de bandidos muy bien organizada, que pod\u00eda amenazar el mundo entero y llevarlo hasta el borde del abismo. Servir al derecho y combatir el dominio de la injusticia es y sigue siendo el deber fundamental del pol\u00edtico.\u201d \u00bfC\u00f3mo hacerlo?, he aqu\u00ed la cuesti\u00f3n. <\/p>\n<\/div>\n\n","protected":false},"excerpt":{"rendered":"<p>La lista de los atentados a la dignidad humana de los venezolanos es interminable, clama al cielo. Habr\u00e1 de ordenarse una memoria para que la libertad y la paz que se logren alcanzar sean estables, es decir, obra de la justicia. Las violaciones sistem\u00e1ticas ocurridas tienen como g\u00e9nesis, es lo in\u00e9dito y uno de los &hellip;<\/p>\n","protected":false},"author":1,"featured_media":46463,"comment_status":"open","ping_status":"open","sticky":false,"template":"","format":"standard","meta":{"fifu_image_url":"https:\/\/elnacional-uploads.nyc3.digitaloceanspaces.com\/wp-content\/uploads\/2025\/10\/19203955\/Captura-de-pantalla-2025-10-19-203912.png","fifu_image_alt":"","footnotes":""},"categories":[13],"tags":[],"class_list":["post-46461","post","type-post","status-publish","format-standard","has-post-thumbnail","","category-mundo"],"_links":{"self":[{"href":"https:\/\/noticiasveraces.com\/index.php?rest_route=\/wp\/v2\/posts\/46461","targetHints":{"allow":["GET"]}}],"collection":[{"href":"https:\/\/noticiasveraces.com\/index.php?rest_route=\/wp\/v2\/posts"}],"about":[{"href":"https:\/\/noticiasveraces.com\/index.php?rest_route=\/wp\/v2\/types\/post"}],"author":[{"embeddable":true,"href":"https:\/\/noticiasveraces.com\/index.php?rest_route=\/wp\/v2\/users\/1"}],"replies":[{"embeddable":true,"href":"https:\/\/noticiasveraces.com\/index.php?rest_route=%2Fwp%2Fv2%2Fcomments&post=46461"}],"version-history":[{"count":0,"href":"https:\/\/noticiasveraces.com\/index.php?rest_route=\/wp\/v2\/posts\/46461\/revisions"}],"wp:featuredmedia":[{"embeddable":true,"href":"https:\/\/noticiasveraces.com\/index.php?rest_route=\/wp\/v2\/media\/46463"}],"wp:attachment":[{"href":"https:\/\/noticiasveraces.com\/index.php?rest_route=%2Fwp%2Fv2%2Fmedia&parent=46461"}],"wp:term":[{"taxonomy":"category","embeddable":true,"href":"https:\/\/noticiasveraces.com\/index.php?rest_route=%2Fwp%2Fv2%2Fcategories&post=46461"},{"taxonomy":"post_tag","embeddable":true,"href":"https:\/\/noticiasveraces.com\/index.php?rest_route=%2Fwp%2Fv2%2Ftags&post=46461"}],"curies":[{"name":"wp","href":"https:\/\/api.w.org\/{rel}","templated":true}]}}