{"id":46457,"date":"2025-10-20T02:57:08","date_gmt":"2025-10-20T06:57:08","guid":{"rendered":"https:\/\/noticiasveraces.com\/?p=46457"},"modified":"2025-10-20T02:57:08","modified_gmt":"2025-10-20T06:57:08","slug":"rodrigo-paz-gana-segunda-vuelta-presidencial-en-bolivia-correo-del-caroni","status":"publish","type":"post","link":"https:\/\/noticiasveraces.com\/?p=46457","title":{"rendered":"Rodrigo Paz gana segunda vuelta presidencial en Bolivia \u2013 Correo del Caron\u00ed"},"content":{"rendered":"<p> \n<\/p>\n<div data-id=\"494a3404\" data-element_type=\"widget\" id=\"texto\" data-widget_type=\"theme-post-content.default\">\n<div class=\"elementor-widget-container\">\n<p>El senador opositor centrista Rodrigo Paz Pereira gan\u00f3 la segunda vuelta de este domingo con el 54,57% de los votos, seg\u00fan la informaci\u00f3n preliminar difundida por el Tribunal Supremo Electoral (TSE) de Bolivia con poco m\u00e1s de 97% de las actas procesadas.<\/p>\n<p>Paz obtuvo ese porcentaje frente a 45,43% del exmandatario conservador Jorge <em>\u00c9ste<\/em> Quiroga (2001-2002), seg\u00fan los datos del Sistema de Transmisi\u00f3n de Resultados Preliminares (Sirepre) ofrecidos esta noche por el TSE, con el 97,68% de las actas computadas.<\/p>\n<p>Los votos v\u00e1lidos alcanzan el 94,56%, los blancos un 0,75% y los nulos un 4,69%, de acuerdo a la informaci\u00f3n preliminar que no es el c\u00f3mputo oficial, aunque el presidente en funciones del TSE, Oscar Hassenteufel, indic\u00f3 que estos resultados muestran \u201cuna tendencia\u201d que \u201cparece ser irreversible\u201d.<\/p>\n<p>El nivel de participaci\u00f3n ciudadana en la segunda vuelta estuvo entre el 85 y 89%, un dato que se confirmar\u00e1 \u201cuna vez que se concluya el c\u00f3mputo oficial\u201d, seg\u00fan Hassenteufel.<\/p>\n<p>El vocal valor\u00f3 que el Sirepre, \u201cque ya dio muy buenos resultados en la primera ronda\u201d realizada el pasado 17 de agosto, \u201ctambi\u00e9n hoy ha cumplido eficazmente su funci\u00f3n\u201d.<\/p>\n<p>Ratific\u00f3 que la jornada de votaci\u00f3n fue \u201ctranquila\u201d, transcurri\u00f3 \u201csin incidentes mayores\u201d y permiti\u00f3 que todos los ciudadanos ejerzan su derecho al voto.<\/p>\n<p>Paz y Quiroga fueron los dos candidatos m\u00e1s votados en las elecciones generales de agosto, en las que tambi\u00e9n se renov\u00f3 al Parlamento nacional para el pr\u00f3ximo quinquenio, aunque ninguno obtuvo el porcentaje suficiente para proclamarse vencedor en la primera vuelta.<\/p>\n<p>Por eso este domingo los bolivianos volvieron a las urnas para elegir por primera vez en su historia a su presidente y vicepresidente en una segunda vuelta, mecanismo establecido en la Constituci\u00f3n vigente desde 2009.<\/p>\n<p>Paz es candidato por el Partido Dem\u00f3crata Cristiano (PDC) junto al expolic\u00eda Edman Lara y Quiroga representa a la alianza Libre junto al emprendedor tecnol\u00f3gico Juan Pablo Velasco.<\/p>\n<p>El ganador tomar\u00e1 juramento como nuevo presidente del pa\u00eds el 8 de noviembre, lo que supondr\u00e1 tambi\u00e9n el fin de los 20 a\u00f1os de los gobiernos del izquierdista Movimiento al Socialismo (MAS).<\/p>\n<\/p><\/div>\n<\/p><\/div>\n\n","protected":false},"excerpt":{"rendered":"<p>El senador opositor centrista Rodrigo Paz Pereira gan\u00f3 la segunda vuelta de este domingo con el 54,57% de los votos, seg\u00fan la informaci\u00f3n preliminar difundida por el Tribunal Supremo Electoral (TSE) de Bolivia con poco m\u00e1s de 97% de las actas procesadas. Paz obtuvo ese porcentaje frente a 45,43% del exmandatario conservador Jorge \u00c9ste Quiroga &hellip;<\/p>\n","protected":false},"author":1,"featured_media":46458,"comment_status":"open","ping_status":"open","sticky":false,"template":"","format":"standard","meta":{"fifu_image_url":"https:\/\/correodelcaroni.com\/wp-content\/uploads\/2025\/10\/RODRIGOP_Bolivia.jpg","fifu_image_alt":"","footnotes":""},"categories":[13],"tags":[],"class_list":["post-46457","post","type-post","status-publish","format-standard","has-post-thumbnail","","category-mundo"],"_links":{"self":[{"href":"https:\/\/noticiasveraces.com\/index.php?rest_route=\/wp\/v2\/posts\/46457","targetHints":{"allow":["GET"]}}],"collection":[{"href":"https:\/\/noticiasveraces.com\/index.php?rest_route=\/wp\/v2\/posts"}],"about":[{"href":"https:\/\/noticiasveraces.com\/index.php?rest_route=\/wp\/v2\/types\/post"}],"author":[{"embeddable":true,"href":"https:\/\/noticiasveraces.com\/index.php?rest_route=\/wp\/v2\/users\/1"}],"replies":[{"embeddable":true,"href":"https:\/\/noticiasveraces.com\/index.php?rest_route=%2Fwp%2Fv2%2Fcomments&post=46457"}],"version-history":[{"count":0,"href":"https:\/\/noticiasveraces.com\/index.php?rest_route=\/wp\/v2\/posts\/46457\/revisions"}],"wp:featuredmedia":[{"embeddable":true,"href":"https:\/\/noticiasveraces.com\/index.php?rest_route=\/wp\/v2\/media\/46458"}],"wp:attachment":[{"href":"https:\/\/noticiasveraces.com\/index.php?rest_route=%2Fwp%2Fv2%2Fmedia&parent=46457"}],"wp:term":[{"taxonomy":"category","embeddable":true,"href":"https:\/\/noticiasveraces.com\/index.php?rest_route=%2Fwp%2Fv2%2Fcategories&post=46457"},{"taxonomy":"post_tag","embeddable":true,"href":"https:\/\/noticiasveraces.com\/index.php?rest_route=%2Fwp%2Fv2%2Ftags&post=46457"}],"curies":[{"name":"wp","href":"https:\/\/api.w.org\/{rel}","templated":true}]}}