{"id":46449,"date":"2025-10-20T00:48:12","date_gmt":"2025-10-20T04:48:12","guid":{"rendered":"https:\/\/noticiasveraces.com\/?p=46449"},"modified":"2025-10-20T00:48:12","modified_gmt":"2025-10-20T04:48:12","slug":"jorge-tuto-quiroga-reconocio-la-derrota-y-felicito-a-rodrigo-paz-por-ganar-la-presidencia-de-bolivia","status":"publish","type":"post","link":"https:\/\/noticiasveraces.com\/?p=46449","title":{"rendered":"Jorge \u00abTuto\u00bb Quiroga reconoci\u00f3 la derrota y felicit\u00f3 a Rodrigo Paz por ganar la presidencia de Bolivia"},"content":{"rendered":"<p> \n<\/p>\n<div>\n<p> <span rel=\"author\" class=\"fn\">con una pala<\/span><\/p>\n<p> <time class=\"entry-date published updated\" datetime=\"2025-10-19T21:49:35-04:00\">octubre 19 2025, 9:49 pm<\/time> <span class=\"spot-im-replies-count\" data-post-id=\"5816174\"\/><\/p>\n<figure id=\"attachment_5816178\" aria-describedby=\"caption-attachment-5816178\" style=\"width: 640px\" class=\"wp-caption alignnone\"><img fetchpriority=\"high\" decoding=\"async\" onerror=\"this.onerror=null;this.src=\" https:=\"\" class=\"wp-image-5816178\" src=\"https:\/\/sandia.datanubex.uk\/wp-content\/uploads\/2025\/10\/b4879367bb65a7263223742a2cf06d9067377770w.jpg\" alt=\"\" width=\"640\" height=\"427\"\/><figcaption id=\"caption-attachment-5816178\" class=\"wp-caption-text\">LA PAZ (BOLIVIA), 19\/10\/2025.- El candidato a la Presidencia de Bolivia por la alianza Libre, Jorge Tuto Quiroga, saludando a simpatizantes este domingo, en la segunda vuelta electoral para escoger presidente y vicepresidente, en La paz (Bolivia). Foto: EFE\/ Luis Gandarillas<\/figcaption><\/figure>\n<\/p>\n<p>El expresidente Jorge Tuto Quiroga, de la alianza conservadora Libre, reconoci\u00f3 este domingo 19 de octubre la derrota en la hist\u00f3rica segunda vuelta presidencial de Bolivia y felicit\u00f3 al ganador Rodrigo Paz, del Partido Dem\u00f3crata Cristiano (PDC), a quien llam\u00f3 para desearle lo mejor.<\/p>\n<p><!-- Begin Mailchimp Signup Form --><\/p>\n<div id=\"mc_embed_signup\">\n<p><label for=\"mce-EMAIL\">  \u00a1\u00danete al club ahora! Suscr\u00edbete al bolet\u00edn m\u00e1s importante de Venezuela <\/label><iframe data-test-id=\"beehiiv-embed\" height=\"52\" frameborder=\"0\" scrolling=\"no\" style=\"margin: 0; border-radius: 0px !important; &#10; background-color: transparent;\" data-src=\"https:\/\/embeds.beehiiv.com\/cdab9503-16ae-4689-ad4f-1408c727a83a?slim=true\" class=\"lazyload\"><\/iframe><\/p>\n<\/div>\n<p><!--End mc_embed_signup 2--><\/p>\n<p>\u00abViendo los resultados del Sirepre (Sistema de Resultados Preliminares) y, m\u00e1s all\u00e1 de que hab\u00eda informaci\u00f3n previa, respetamos su trabajo en la primera vuelta y lo respetamos en la segunda vuelta, felicito a Rodrigo Paz, le deseo mis felicitaciones\u00bb, afirm\u00f3 Quiroga (2001-2002) en una conferencia de prensa, tras conocer los resultados preliminares.<\/p>\n<p>Sus seguidores, que llegaron hasta un hotel c\u00e9ntrico de la ciudad de La Paz, gritaban \u00abfraude\u00bb luego de que se anunciaran los resultados preliminares, pero Quiroga les pidi\u00f3 calma y anunci\u00f3 que har\u00e1 un seguimiento del escrutinio.<\/p>\n<p>\u00abEntiendo el dolor que nos embarga, cr\u00e9anme, si tuvi\u00e9ramos evidencias lo pondr\u00eda en la mesa. Vamos a esperar el escrutinio, lo vamos a contrastar. Tenemos denuncias, pero este es un resultado provisorio y estamos transmitiendo la felicitaci\u00f3n\u00bb, se\u00f1al\u00f3.<\/p>\n<\/p>\n<blockquote>\n<p>LEE TAMBI\u00c9N: <strong>Maria Elvira Salazar felicit\u00f3 a Rodrigo Paz y espera que Bolivia sea aliado de EEUU contra el narcotr\u00e1fico<\/strong><\/p>\n<\/p>\n<\/blockquote>\n<p>Afirm\u00f3 que \u00abno es correcto generar m\u00e1s problemas\u00bb por el dolor que siente \u00e9l y sus militantes, porque \u00abestar\u00edamos contribuyendo a exacerbar las dificultades de la gente\u00bb.<\/p>\n<p>\u00abAprend\u00ed en la vida a que ning\u00fan triunfo es permanente y que ninguna derrota te doblega, ninguna adversidad te pone de rodillas y aqu\u00ed estamos de pie con JP (Juan Pablo Velasco). Bolivia necesita una actitud madura y democr\u00e1tica\u00bb, manifest\u00f3.<\/p>\n<p>Quiroga dijo que lo que m\u00e1s le apena es no poder hacer realidad sus planes \u00abpara cambiar Bolivia\u00bb, pero anunci\u00f3 que \u00absiempre estar\u00e1\u00bb con el pa\u00eds y que en el Congreso, donde tiene una fuerte presencia, ayudar\u00e1 por el bien de los bolivianos.<\/p>\n<p>El senador Paz gan\u00f3 tras imponerse en la in\u00e9dita segunda vuelta con el 54,57 % de los votos, frente a un 45,43 % que alcanz\u00f3 el exmandatario, seg\u00fan la informaci\u00f3n preliminar difundida por el Tribunal Supremo Electoral (TSE) con poco m\u00e1s del 97 % de actas procesadas.<\/p>\n<\/p>\n<blockquote>\n<p>LEE TAMBI\u00c9N: <strong>\u201cCapitalismo para todos\u201d: El mensaje con el que Rodrigo Paz conquist\u00f3 el voto popular en Bolivia<\/strong><\/p>\n<\/blockquote>\n<p>Quiroga fue vicepresidente de Bolivia entre 1997 y 2001, a\u00f1o en que asumi\u00f3 la Presidencia por sucesi\u00f3n constitucional tras la renuncia del entonces mandatario Hugo Banzer, quien dej\u00f3 el cargo por motivos de salud.<\/p>\n<p>Tras finalizar su Gobierno, Quiroga se postul\u00f3 a la Presidencia en 2005, 2014 y 2020, aunque en este \u00faltimo a\u00f1o declin\u00f3 su candidatura.<\/p>\n<p>Su ideolog\u00eda conservadora lo ha puesto como uno de los principales cr\u00edticos del expresidente Evo Morales (2006-2019) y de la saliente gesti\u00f3n gubernamental de Luis Arce, a quien lo responsabiliz\u00f3 de \u00abhundir\u00bb a Bolivia en una crisis econ\u00f3mica.<\/p>\n<p>Ha sido tambi\u00e9n un pol\u00edtico detractor de los gobiernos \u00abamigos\u00bb de Morales y Arce que siguen la l\u00ednea socialista como Cuba, Venezuela y Nicaragua; y por el contrario, encontr\u00f3 afinidad con el gobierno de Argentina, presidido por Javier Milei.<\/p>\n<p><strong>EFE<\/strong><\/p>\n<p>  <!-- CONTENT END 2 --><\/div>\n\n","protected":false},"excerpt":{"rendered":"<p>con una pala octubre 19 2025, 9:49 pm LA PAZ (BOLIVIA), 19\/10\/2025.- El candidato a la Presidencia de Bolivia por la alianza Libre, Jorge Tuto Quiroga, saludando a simpatizantes este domingo, en la segunda vuelta electoral para escoger presidente y vicepresidente, en La paz (Bolivia). Foto: EFE\/ Luis Gandarillas El expresidente Jorge Tuto Quiroga, de &hellip;<\/p>\n","protected":false},"author":1,"featured_media":46451,"comment_status":"open","ping_status":"open","sticky":false,"template":"","format":"standard","meta":{"fifu_image_url":"https:\/\/sandia.datanubex.uk\/wp-content\/uploads\/2025\/10\/b4879367bb65a7263223742a2cf06d9067377770w.jpg","fifu_image_alt":"","footnotes":""},"categories":[13],"tags":[],"class_list":["post-46449","post","type-post","status-publish","format-standard","has-post-thumbnail","","category-mundo"],"_links":{"self":[{"href":"https:\/\/noticiasveraces.com\/index.php?rest_route=\/wp\/v2\/posts\/46449","targetHints":{"allow":["GET"]}}],"collection":[{"href":"https:\/\/noticiasveraces.com\/index.php?rest_route=\/wp\/v2\/posts"}],"about":[{"href":"https:\/\/noticiasveraces.com\/index.php?rest_route=\/wp\/v2\/types\/post"}],"author":[{"embeddable":true,"href":"https:\/\/noticiasveraces.com\/index.php?rest_route=\/wp\/v2\/users\/1"}],"replies":[{"embeddable":true,"href":"https:\/\/noticiasveraces.com\/index.php?rest_route=%2Fwp%2Fv2%2Fcomments&post=46449"}],"version-history":[{"count":0,"href":"https:\/\/noticiasveraces.com\/index.php?rest_route=\/wp\/v2\/posts\/46449\/revisions"}],"wp:featuredmedia":[{"embeddable":true,"href":"https:\/\/noticiasveraces.com\/index.php?rest_route=\/wp\/v2\/media\/46451"}],"wp:attachment":[{"href":"https:\/\/noticiasveraces.com\/index.php?rest_route=%2Fwp%2Fv2%2Fmedia&parent=46449"}],"wp:term":[{"taxonomy":"category","embeddable":true,"href":"https:\/\/noticiasveraces.com\/index.php?rest_route=%2Fwp%2Fv2%2Fcategories&post=46449"},{"taxonomy":"post_tag","embeddable":true,"href":"https:\/\/noticiasveraces.com\/index.php?rest_route=%2Fwp%2Fv2%2Ftags&post=46449"}],"curies":[{"name":"wp","href":"https:\/\/api.w.org\/{rel}","templated":true}]}}