{"id":46419,"date":"2025-10-19T21:46:58","date_gmt":"2025-10-20T01:46:58","guid":{"rendered":"https:\/\/noticiasveraces.com\/?p=46419"},"modified":"2025-10-19T21:46:58","modified_gmt":"2025-10-20T01:46:58","slug":"la-contrarrevolucion-antifeminista-global-avanza-tras-decadas-de-mejoras-en-la-igualdad-sociedad","status":"publish","type":"post","link":"https:\/\/noticiasveraces.com\/?p=46419","title":{"rendered":"La contrarrevoluci\u00f3n antifeminista global avanza tras d\u00e9cadas de mejoras en la igualdad | Sociedad"},"content":{"rendered":"<p> \n<br \/><img decoding=\"async\" src=\"https:\/\/imagenes.elpais.com\/resizer\/v2\/5AGBKVO4PFFR3P4YCRP3DIN5RY.jpg?auth=7a6a5260a0be183e5672ca142e125c300d95ad65431163db99c085b2fb4227fb\" \/><\/p>\n<div data-dtm-region=\"articulo_cuerpo\">\n<p class=\"\">La historia avanza as\u00ed, jam\u00e1s en l\u00ednea recta. Aunque, como dijo Martin Luther King, \u201cel arco moral del universo es largo, pero tiende hacia la justicia\u201d, el progreso siempre se mueve a trompicones, dos pasos hacia delante y uno atr\u00e1s. Sucede tambi\u00e9n con los derechos de las mujeres y con la igualdad. <\/p>\n<p class=\"\">Desde hace una d\u00e9cada, o m\u00e1s, en pa\u00edses occidentales y en el llamado <i>en global<\/i> se multiplican los casos de recortes de derechos despu\u00e9s de un periodo largo de avances. El retroceso, seg\u00fan denuncian l\u00edderes pol\u00edticos progresistas y liberales, va ligado al ascenso global de un nuevo autoritarismo y del nacionalismo.<\/p>\n<p class=\"\">El presidente franc\u00e9s Emmanuel Macron, que en 2024 logr\u00f3 incluir en Constituci\u00f3n el derecho al aborto, como ahora promueve en Espa\u00f1a el Gobierno Pedro S\u00e1nchez, dijo unos a\u00f1os antes: \u201cUn mal viento vuelve a soplar en muchas de nuestras sociedades. Hay fuerzas reaccionarias, patriarcales, que intentan retomar el poder bajo una forma que podr\u00edamos llamar una internacional del conservadurismo, y que quieren cuestionar absolutamente d\u00e9cadas de conquistas\u201d.<\/p>\n<p class=\"\">Macron a\u00f1adi\u00f3, citando a la fil\u00f3sofa Simone de Beauvoir: \u201cNo olviden nunca que bastar\u00e1 con una crisis pol\u00edtica, econ\u00f3mica o religiosa para que se cuestionen los derechos de las mujeres\u201d.<\/p>\n<p class=\"\">El diagn\u00f3stico del centrista Macron y el aviso de Simone de Beauvoir son el argumento que el propio presidente franc\u00e9s o el socialista S\u00e1nchez han usado para \u201cblindar\u201d constitucionalmente la interrupci\u00f3n voluntaria del embarazo. En cualquier momento, dicen, puede llegar al poder un partido que anule los derechos que se daban por supuestos, como el del aborto. <\/p>\n<p class=\"\">Podr\u00eda argumentarse que la amenaza no es tan grave, como lo habr\u00eda demostrado, en el caso franc\u00e9s, la abrumadora mayor\u00eda a favor del cambio constitucional, con votos a favor de la derecha e incluso Marine Le Pen. Si hasta la l\u00edder de la extrema derecha votaba a favor, quiz\u00e1 podr\u00eda deducirse que estas leyes gozan en realidad de un consenso amplio y s\u00f3lido. Podr\u00eda creerse, tambi\u00e9n, que estas medidas responden a c\u00e1lculos de pol\u00edtica interna, como se ha reprochado a Pedro S\u00e1nchez en Espa\u00f1a.<\/p>\n<p class=\"\">Pero hay realidad incontestable, seg\u00fan mujeres con experiencia en Gobiernos y organizaciones internacionales, representantes de la sociedad civil, y expertas consultadas para este art\u00edculo. Y es que, desde hace unos a\u00f1os se est\u00e1 adoptando leyes y medidas que recortan la igualdad y la diversidad, y esto sucede bajo reg\u00edmenes pol\u00edticos y culturales alejadas.<\/p>\n<p class=\"\">\u201cEl patr\u00f3n es similar. Se trata de cuestionar las ideas liberales sobre los derechos de las mujeres y promover una visi\u00f3n m\u00e1s tradicionalista de la sociedad respecto al g\u00e9nero\u201d, resume, desde Estados Unidos, Saskia Brechenmacher, investigadora en el laboratorio de ideas Carnegie Endowement for International Peace. Brechenmacher es la autora de <i>La nueva lucha global sobre g\u00e9nero, derechos y valores familiares<\/i> (La nueva batalla global por el g\u00e9nero, los derechos y los valores familiares), un informe que detalla los cambios legislativos e identifica a grupos transnacionales de activistas que los impulsan. Cita, entre otros, International Organization for the Family, Family Watch International, the Alliance Defending Freedom, C-FAM y CitizenGO, este \u00faltimo con sede en Espa\u00f1a.<\/p>\n<p class=\"\">\u201cEn la mayor\u00eda de pa\u00edses, el movimiento de extrema derecha va acompa\u00f1ado de pol\u00edticas, entre comillas, de <i>promoci\u00f3n de la familia<\/i>con un modelo de familia que no tiene nada que ver con las familias diversas e igualitaria\u201d, explica Cristina Gallach, exsecretaria general adjunta de la ONU y exsecretaria de Estado de Asuntos Exteriores en Espa\u00f1a. \u201cTambi\u00e9n est\u00e1 vinculado con un retorno a los valores tradicionales m\u00e1s religiosos, y con cortar el acceso de la mujer al mercado laboral. Dicen: <i>El lugar de la mujer es la casa con los hijos<\/i>. Sobre todo, va en contra de los derechos sexuales reproductivos\u201d.<\/p>\n<p class=\"\">\u201cMientras crec\u00edan los movimientos autocr\u00e1ticos en a\u00f1os recientes, tambi\u00e9n ha retrocedido la libertad de las mujeres\u201d, se lee en otro informe, <i>Beijing+30: una hoja de ruta para los derechos de las mujeres durante los pr\u00f3ximos treinta a\u00f1os <\/i>(Beijing+30: una hoja de ruta para los derechos humanos de los pr\u00f3ximos 30 a\u00f1os), de la Universidad de Columbia, sobre el 30 aniversario de la Conferencia de Pek\u00edn. \u201cEn 2024\u2033, a\u00f1ade, \u201ccasi una cuarta parte de pa\u00edses registraron un retroceso en los derechos de las mujeres y la igualdad de g\u00e9nero\u201d.<\/p>\n<p class=\"\">\u201cHay un empuje contra la diversidad, en general\u201d, observa la abogada Miriam Gonz\u00e1lez Dur\u00e1ntez, fundadora de la iniciativa internacional <i>Chicas inspiradoras <\/i>(Inspirando a las chicas). \u201cY esto viene claramente impulsado desde el sector trumpista en Estados Unidos, capitaneado por [el asesor del presidente Donald Trump] Stephen Miller, que ha hablado de <i>abolir<\/i> toda la pol\u00edtica de diversidad, a la que tacha de <i>comunista<\/i>\u201d.<\/p>\n<p class=\"\">El punto de partida de la iniciativa francesa para meter el derecho al aborto en la Constituci\u00f3n fue la derogaci\u00f3n en 2022, por parte del Tribunal Supremo de Estados Unidos, de la sentencia de 1973 Roe contra Wade, que proteg\u00eda el derecho al aborto a en todos los estados de la Uni\u00f3n. En Francia tambi\u00e9n se mencionaron entonces, para justificar la reforma, las restricciones en pa\u00edses europeos como Hungr\u00eda y Polonia.<\/p>\n<p class=\"\">Pero el fen\u00f3meno va m\u00e1s all\u00e1 de Europa y Estados Unidos, como documenta el informe de Brechenmacher. La experta alude a Argentina y la iniciativa del presidente Javier Milei para eliminar el feminicidio del c\u00f3digo penal, o la supresi\u00f3n en este mismo pa\u00eds del Ministerio de la Mujer, medida que replica las de pa\u00edses como Turqu\u00eda. Tambi\u00e9n menciona Rusia, que hace dos a\u00f1os catalog\u00f3, mediante una decisi\u00f3n del Tribunal Supremo, como \u201corganizaci\u00f3n extremista\u201d al \u201cmovimiento internacional LGTB\u201d. Otro ejemplo es Uganda y la ley del mismo a\u00f1o que condena \u201cla promoci\u00f3n de la homosexualidad\u201d con hasta 20 a\u00f1os de c\u00e1rcel y la \u201chomosexualidad agravada\u201d con la pena de muerte. La lista es larga e incluye a Gambia, China, Nicaragua, India\u2026 Por no hablar de los talibanes, \u201cel caso m\u00e1s claro\u201d, constata Gallach, \u201cde violaci\u00f3n constante de los derechos humanos que sufren las mujeres\u201d. O de la presi\u00f3n del islamismo, en los pa\u00edses de mayor\u00eda musulmana o en algunos de Europa occidental.<\/p>\n<p class=\"\">Parece dif\u00edcil comparar cambios legislativos en democracias occidentales con leyes punitivas en dictaduras o pa\u00edses donde la igualdad nunca avanz\u00f3 tanto, pero, seg\u00fan Brechenmacher, existe un hilo com\u00fan. \u201cA menudo\u201d, dice, \u201cest\u00e1 conectado con el nacionalismo y la religi\u00f3n. Todos usan un lenguaje parecido\u201d.<\/p>\n<p class=\"\">Otro punto de coincidencia son los foros internacionales en los que se forman coaliciones internacionales para modificar el lenguaje oficial. \u201cEn los documentos de Naciones Unidas ahora aparece menos el <i>g\u00e9nero<\/i>por ejemplo. El feminismo, fuera tambi\u00e9n\u201d, explica Cristina Gallach. \u201cEn un momento de regresi\u00f3n de los derechos, el control del lenguaje es important\u00edsimo, es una de las manifestaciones de estas pol\u00edticas represoras\u201d.<\/p>\n<p class=\"\">Aunque el proceso empieza hace 10 o 15 a\u00f1os, el regreso de Donald Trump a la Casa Blanca, el pasado enero, es un s\u00edmbolo de la fortaleza de este movimiento. Una de sus primeras decisiones, como recuerda Brechenmacher, consiste en firmar un decreto que ordena los organismos del Gobierno de EE UU a retirar cualquier declaraci\u00f3n, regulaci\u00f3n o mensaje que \u201cpromueva o inculque la ideolog\u00eda de g\u00e9nero\u201d.<\/p>\n<p class=\"\">Hoy partidos nacionalpopulistas, afines a Trump, encabezan las encuestas en los principales pa\u00edses de Europa occidental: Francia, Alemania y Reino Unido. En Italia, gobierna una primera ministra heredera del posfacismo, Giorgia Meloni. La paradoja es que en muchos casos estos movimientos a los que se atribuye estar al frente de la cotrarrevoluci\u00f3n antifeminista los lideran pol\u00edticas como Le Pen en Francia o Alice Weidel en Alemania, mujeres que se ha impuesto en partidos muy masculinos.<\/p>\n<p class=\"\">\u201cTener a mujeres al frente en modo alguno garantiza que hagan pol\u00edticas feministas\u201d, apunta Gallach, \u201cdel mismo modo que hay hombres que impulsan programas igualitarios\u201d. \u201cNo son l\u00edderes distintos a como los ser\u00eda un se\u00f1or en este puesto\u201d, comenta una veterana responsable europea e internacional. \u201cNo es el modelo de Angela Merkel. No es el modelo de Theresa May. No es el modelo de Kamala Harris. No es el modelo donde puedes mostrar m\u00e1s empat\u00eda, incluso vulnerabilidad. Es un modelo agresivo\u201d.<\/p>\n<p class=\"\">Entre las causas de la \u201ccontrarrevoluci\u00f3n\u201d, algunas expertas citan el \u201cp\u00e1nico demogr\u00e1fico\u201d y la teor\u00eda, alentada por la extrema derecha, del \u201cgran reemplazo\u201d, seg\u00fan la cual existe una conspiraci\u00f3n para que los inmigrantes del sur sustituyan a la declinante poblaci\u00f3n europea blanca. \u201cUsan el mito del gran reemplazo para sugerir que las mujeres tengan m\u00e1s hijos. Y para que las mujeres tenga m\u00e1s hijos hay que reducir el derecho al aborto, y tampoco hay que insistir demasiado en que las mujeres trabajen\u201d, reflexiona la citada exresponsable europea, que prefiere mantener el anonimato. \u201cUna parte del movimiento [trumpista] MAGA est\u00e1 ah\u00ed, Vox en Espa\u00f1a est\u00e1 ah\u00ed, en Francia tambi\u00e9n hay esta m\u00fasica de fondo y en c\u00edrculos de extrema derecha y ultrarreligiosos. Se junta el hambre con las ganas de comer. El hambre es el gran reemplazo y de la necesidad de mejorar la natalidad. Y las ganas de comer: devolver a las mujeres a su papel tradicional\u201d.<\/p>\n<p class=\"\">Alice Schwarzer, hist\u00f3rica del feminismo alem\u00e1n, recuerda que \u201clos populistas de derechas tienen una imagen de la familia conservadora y est\u00e1n en contra del derecho al aborto\u201d, aunque, refiri\u00e9ndose al menos a su pa\u00eds, precisa: \u201cEsto es sabido, pero ahora no tiene ning\u00fan papel. No est\u00e1n en el poder\u201d. Para Schwarzer es preocupante \u201cla imagen anticuada de la mujer\u201d que se difunde en algunos \u00e1mbitos en las redes sociales y por parte de<i> personas influyentes<\/i>. Esto, en su opini\u00f3n, \u201cdestruye el feminismo\u201d. <\/p>\n<p class=\"\">Schwarzer, cr\u00edtica con lo que llama \u201ceste absurdo debate sobre lo<i> trans<\/i>\u201d, considera que \u201cel feminismo <i>queer<\/i> y <i>despert\u00e9<\/i> induce al error\u201d. \u201cCon sus absurdas normas ling\u00fc\u00edsticas\u201d, afirma, \u201cdistrae la atenci\u00f3n de la realidad de las mujeres: la violencia en las relaciones, la doble carga familiar y laboral, etc\u00e9tera\u201d<\/p>\n<p class=\"\">Gonz\u00e1lez Dur\u00e1ntez, que al frente de<i> Chicas inspiradoras<\/i> y en su trayectoria profesional en Europa, Reino Unido y EE UU ha observado en primera l\u00ednea los cambios en el sector privado, explica que ahora \u201chay empresas que no se atreven a apoyar nada que se pueda catalogar como apoyo a la diversidad\u201d. A\u00f1ade que este movimiento tiene que ver, tambi\u00e9n, con las batallas en torno al llamado <i>wokismo<\/i>palabra que, a veces despectivamente, se usa para describir la ideolog\u00eda de la izquierda basada en las identidades de g\u00e9nero o raciales.<\/p>\n<p class=\"\">En su informe, Brechenmacher se\u00f1ala que los partidarios de la \u201cjusticia de g\u00e9nero\u201d afrontan un \u201cdesaf\u00edo estrat\u00e9gico\u201d: responder a los problemas que han llevado a muchos hombres, y a los hombres j\u00f3venes en particular, a apoyar \u201cmovimientos reaccionarios y mis\u00f3ginos.\u201d<\/p>\n<p class=\"\">\u201cDecir que todos los hombres, solamente por ser hombres, est\u00e1n en una situaci\u00f3n privilegiada es injusto\u201d, afirma Gonz\u00e1lez Dur\u00e1ntez. \u201cEntiendo que un joven de clase trabajadora en el Medio Oeste de Estados Unidos, \u00a1o en mi pueblo en Castilla y Le\u00f3n!, de raza blanca, que tiene un empleo precario y est\u00e1 siendo v\u00edctima de la desindustrializaci\u00f3n no entienda que los <i>despierta<\/i> lo categoricen como <i>privilegiado<\/i>porque en su d\u00eda a d\u00eda no lo es. Esto provoca una reacci\u00f3n negativa que, en algunos casos, se va a los extremos. Al final, hay tener empat\u00eda, intentar entender de d\u00f3nde viene la gente y por qu\u00e9 piensan como piensan, y no simplemente decir que no tienen raz\u00f3n\u201d.<\/p>\n<p class=\"\">Los avances \u2014el \u201carco moral del universo\u201d, del que hablaba Martin Luther King\u2014 son innegables, en todo caso, \u201cy ser\u00e1 dif\u00edcil dar marcha atr\u00e1s\u201d, seg\u00fan Saskia Brechenmacher. \u201cLas mujeres, por todo el mundo, est\u00e1n trabajando en una proporci\u00f3n mucho m\u00e1s alta que en el pasado, est\u00e1n yendo m\u00e1s a la universidad, y no creo que esto vaya a revertirse\u201d, sostiene. Pero subraya que, hasta hace unos a\u00f1os, \u201calgunas cuestiones relacionadas con la igualdad de g\u00e9nero casi se hab\u00edan despolitizado\u201d. Parec\u00edan indiscutibles. Ya no. \u201cAhora se politiza y muchos actores no comparten estos presupuestos\u201d.<\/p>\n<p class=\"\">Sobre la utilidad de medidas como introducir en la Constituci\u00f3n el derecho al aborto, Brechenmacher reflexiona: \u201cCuanto m\u00e1s institucionalizadas ciertos derechos, m\u00e1s dif\u00edcil es revertirlos. Pero es una estrategia a corto plazo. No creo que baste. Necesitas una amplia coalici\u00f3n en la sociedad que apoye estos derechos.\u201d<\/p>\n<\/div>\n\n","protected":false},"excerpt":{"rendered":"<p>La historia avanza as\u00ed, jam\u00e1s en l\u00ednea recta. Aunque, como dijo Martin Luther King, \u201cel arco moral del universo es largo, pero tiende hacia la justicia\u201d, el progreso siempre se mueve a trompicones, dos pasos hacia delante y uno atr\u00e1s. Sucede tambi\u00e9n con los derechos de las mujeres y con la igualdad. Desde hace una &hellip;<\/p>\n","protected":false},"author":1,"featured_media":46421,"comment_status":"open","ping_status":"open","sticky":false,"template":"","format":"standard","meta":{"fifu_image_url":"https:\/\/imagenes.elpais.com\/resizer\/v2\/5AGBKVO4PFFR3P4YCRP3DIN5RY.jpg?auth=7a6a5260a0be183e5672ca142e125c300d95ad65431163db99c085b2fb4227fb&width=1200","fifu_image_alt":"","footnotes":""},"categories":[11],"tags":[],"class_list":["post-46419","post","type-post","status-publish","format-standard","has-post-thumbnail","","category-viaje"],"_links":{"self":[{"href":"https:\/\/noticiasveraces.com\/index.php?rest_route=\/wp\/v2\/posts\/46419","targetHints":{"allow":["GET"]}}],"collection":[{"href":"https:\/\/noticiasveraces.com\/index.php?rest_route=\/wp\/v2\/posts"}],"about":[{"href":"https:\/\/noticiasveraces.com\/index.php?rest_route=\/wp\/v2\/types\/post"}],"author":[{"embeddable":true,"href":"https:\/\/noticiasveraces.com\/index.php?rest_route=\/wp\/v2\/users\/1"}],"replies":[{"embeddable":true,"href":"https:\/\/noticiasveraces.com\/index.php?rest_route=%2Fwp%2Fv2%2Fcomments&post=46419"}],"version-history":[{"count":0,"href":"https:\/\/noticiasveraces.com\/index.php?rest_route=\/wp\/v2\/posts\/46419\/revisions"}],"wp:featuredmedia":[{"embeddable":true,"href":"https:\/\/noticiasveraces.com\/index.php?rest_route=\/wp\/v2\/media\/46421"}],"wp:attachment":[{"href":"https:\/\/noticiasveraces.com\/index.php?rest_route=%2Fwp%2Fv2%2Fmedia&parent=46419"}],"wp:term":[{"taxonomy":"category","embeddable":true,"href":"https:\/\/noticiasveraces.com\/index.php?rest_route=%2Fwp%2Fv2%2Fcategories&post=46419"},{"taxonomy":"post_tag","embeddable":true,"href":"https:\/\/noticiasveraces.com\/index.php?rest_route=%2Fwp%2Fv2%2Ftags&post=46419"}],"curies":[{"name":"wp","href":"https:\/\/api.w.org\/{rel}","templated":true}]}}