{"id":46408,"date":"2025-10-19T19:34:33","date_gmt":"2025-10-19T23:34:33","guid":{"rendered":"https:\/\/noticiasveraces.com\/?p=46408"},"modified":"2025-10-19T19:34:33","modified_gmt":"2025-10-19T23:34:33","slug":"elecciones-en-bolivia-rodrigo-paz-prometio-el-cierre-de-las-redes-sociales-si-resulta-ganador","status":"publish","type":"post","link":"https:\/\/noticiasveraces.com\/?p=46408","title":{"rendered":"Elecciones en Bolivia: \u00bfRodrigo Paz prometi\u00f3 el cierre de las redes sociales si resulta ganador?"},"content":{"rendered":"<p> \n<\/p>\n<div data-article-content=\"\">\n<div class=\"t-content__main-media\" data-media-video-2d61859b-4bbd-4fcb-8bc7-a8a513a9f9e9=\"\" data-wrapper-video-player=\"\" data-show-hidden-video-player=\"2D61859B-4BBD-4FCB-8BC7-A8A513A9F9E9\" data-autoplay-video-link=\"\" data-youtube-script=\"\">\n<div class=\"o-em-consent \">\n<div class=\"o-em-consent__content\">\n<p class=\"o-em-consent__content__text\">Para mostrar este contenido de YouTube, debe autorizar las cookies de medici\u00f3n de audiencia y publicidad.<\/p>\n<p>        <button class=\"a-master-button a-master-button--dark\" data-action=\"accept\">Aceptar<i class=\"a-svg a-svg--icon-check\"\/><\/button><br \/>\n        <button class=\"a-link\" data-action=\"manage\">Gestionar mis opciones<i class=\"a-svg a-svg--icon-edit\"\/><\/button>\n    <\/div>\n<\/div>\n<div class=\"o-em-adblock\" data-adblock-content=\"\">\n<div class=\"o-em-adblock__content\">\n<p class=\"o-em-adblock__content__text\">Una extensi\u00f3n de tu navegador parece estar bloqueando la carga del reproductor de video. Para poder ver este contenido, debes desactivarla en este sitio.<\/p>\n<p>            <button class=\"a-master-button a-master-button--dark\" data-action=\"reload\">Reintentar<\/button>\n    <\/div>\n<\/div>\n<figure class=\"m-item-image m-item-image--16x9 m-item-image--has-caption\">\n<picture class=\"a-picture a-picture--16x9\"><source type=\"image\/webp\" srcset=\"https:\/\/s.france24.com\/media\/display\/221d23f0-ab64-11f0-bd9a-005056a97e36\/w:388\/p:16x9\/IVS-17OCT-DESINFO-PORTADA-WEB-00062.webp 388w,https:\/\/s.france24.com\/media\/display\/221d23f0-ab64-11f0-bd9a-005056a97e36\/w:720\/p:16x9\/IVS-17OCT-DESINFO-PORTADA-WEB-00062.webp 720w,https:\/\/s.france24.com\/media\/display\/221d23f0-ab64-11f0-bd9a-005056a97e36\/w:1024\/p:16x9\/IVS-17OCT-DESINFO-PORTADA-WEB-00062.webp 1024w,https:\/\/s.france24.com\/media\/display\/221d23f0-ab64-11f0-bd9a-005056a97e36\/w:1280\/p:16x9\/IVS-17OCT-DESINFO-PORTADA-WEB-00062.webp 1280w\" sizes=\"(max-width: 1076px) 100vw, 1012px\"><img decoding=\"async\" fetchpriority=\"high\" src=\"https:\/\/s.france24.com\/media\/display\/221d23f0-ab64-11f0-bd9a-005056a97e36\/w:1280\/p:16x9\/IVS-17OCT-DESINFO-PORTADA-WEB-00062.png\" srcset=\"https:\/\/s.france24.com\/media\/display\/221d23f0-ab64-11f0-bd9a-005056a97e36\/w:388\/p:16x9\/IVS-17OCT-DESINFO-PORTADA-WEB-00062.png 388w,https:\/\/s.france24.com\/media\/display\/221d23f0-ab64-11f0-bd9a-005056a97e36\/w:720\/p:16x9\/IVS-17OCT-DESINFO-PORTADA-WEB-00062.png 720w,https:\/\/s.france24.com\/media\/display\/221d23f0-ab64-11f0-bd9a-005056a97e36\/w:1024\/p:16x9\/IVS-17OCT-DESINFO-PORTADA-WEB-00062.png 1024w,https:\/\/s.france24.com\/media\/display\/221d23f0-ab64-11f0-bd9a-005056a97e36\/w:1280\/p:16x9\/IVS-17OCT-DESINFO-PORTADA-WEB-00062.png 1280w\" sizes=\"(max-width: 1076px) 100vw, 1012px\" width=\"1280\" height=\"720\" alt=\"A la izquierda, el senador y candidato presidencial Rodrigo Paz, del Partido Dem\u00f3crata Cristiano (PDC). A la derecha, el expresidente conservador Jorge &quot;\u00c9ste&quot; Quiroga y candidato presidencial de la coalici\u00f3n Alianza Libre. Ambos asistieron a una conferencia de prensa antes del debate presidencial de cara a la segunda vuelta de las elecciones del 19 de octubre. Collage realizado con fotograf\u00edas de Reuters, por France 24 Espa\u00f1ol.\" loading=\"eager\" class=\"a-img \"\/><\/source><\/picture><figcaption class=\"a-figcaption\">\n                <span>A la izquierda, el senador y candidato presidencial Rodrigo Paz, del Partido Dem\u00f3crata Cristiano (PDC). A la derecha, el expresidente conservador Jorge \u00abTuto\u00bb Quiroga y candidato presidencial de la coalici\u00f3n Alianza Libre. Ambos asistieron a una conferencia de prensa antes del debate presidencial de cara a la segunda vuelta de las elecciones del 19 de octubre. Collage realizado con fotograf\u00edas de Reuters, por France 24 Espa\u00f1ol.<\/span>                <span>\u00a9 REUTERS\/Claudia Morales<\/span>            <\/figcaption><\/figure>\n<\/p><\/div>\n<div class=\"t-content__metadata\">\n<div class=\"t-content__dates\">\n<p class=\"m-pub-dates\"><span class=\"m-pub-dates__date\">Primera modificaci\u00f3n: <time datetime=\"2025-10-19T13:34:13+00:00\" pubdate=\"pubdate\">19\/10\/2025 &#8211; 15:34<\/time><\/span><\/p>\n<\/p><\/div>\n<p>\n                            <span class=\"a-svg a-svg--icon-replay\"\/><\/p>\n<p>                            05:56 minutos\n                        <\/p>\n<\/p><\/div>\n<p>Viene del show<\/p>\n<p>                        <i class=\"a-svg a-svg--icon-caret-right\"\/><\/p>\n<picture class=\"a-picture a-picture--original\">\n    <img decoding=\"async\" fetchpriority=\"low\" src=\"https:\/\/s.france24.com\/media\/display\/94ea9326-57f0-11f0-b6b1-005056a97e36\/ES-Des-informando.svg\" srcset=\"https:\/\/s.france24.com\/media\/display\/94ea9326-57f0-11f0-b6b1-005056a97e36\/ES-Des-informando.svg\" alt=\"Des-informando\" loading=\"lazy\" class=\"a-img  a-img--svg\"\/><\/picture>\n<p>\n                        <span class=\"a-svg a-svg--icon-clock\"\/><br \/>\n                        <span class=\"t-content__reading-time__label\">Tiempo de lectura<\/span><br \/>\n                        1 minuto<\/p>\n<p class=\"t-content__chapo\">\n<p>                                                Bolivia va a las urnas este domingo 19 de octubre en el marco de la segunda vuelta electoral en la que Rodrigo Paz y Jorge \u00abTuto\u00bb Quiroga se disputar\u00e1n la presidencia de la naci\u00f3n andina. En medio de la campa\u00f1a, decenas de contenidos se viralizaron en redes sociales con desinformaciones, con el objetivo de generar afectaciones en la imagen pol\u00edtica y p\u00fablica de cada uno.                    <\/p>\n<\/p><\/div>\n\n","protected":false},"excerpt":{"rendered":"<p>Para mostrar este contenido de YouTube, debe autorizar las cookies de medici\u00f3n de audiencia y publicidad. Aceptar Gestionar mis opciones Una extensi\u00f3n de tu navegador parece estar bloqueando la carga del reproductor de video. Para poder ver este contenido, debes desactivarla en este sitio. Reintentar A la izquierda, el senador y candidato presidencial Rodrigo Paz, &hellip;<\/p>\n","protected":false},"author":1,"featured_media":46410,"comment_status":"open","ping_status":"open","sticky":false,"template":"","format":"standard","meta":{"fifu_image_url":"https:\/\/s.france24.com\/media\/display\/221d23f0-ab64-11f0-bd9a-005056a97e36\/w:1280\/p:16x9\/IVS-17OCT-DESINFO-PORTADA-WEB-00062.jpg","fifu_image_alt":"","footnotes":""},"categories":[13],"tags":[],"class_list":["post-46408","post","type-post","status-publish","format-standard","has-post-thumbnail","","category-mundo"],"_links":{"self":[{"href":"https:\/\/noticiasveraces.com\/index.php?rest_route=\/wp\/v2\/posts\/46408","targetHints":{"allow":["GET"]}}],"collection":[{"href":"https:\/\/noticiasveraces.com\/index.php?rest_route=\/wp\/v2\/posts"}],"about":[{"href":"https:\/\/noticiasveraces.com\/index.php?rest_route=\/wp\/v2\/types\/post"}],"author":[{"embeddable":true,"href":"https:\/\/noticiasveraces.com\/index.php?rest_route=\/wp\/v2\/users\/1"}],"replies":[{"embeddable":true,"href":"https:\/\/noticiasveraces.com\/index.php?rest_route=%2Fwp%2Fv2%2Fcomments&post=46408"}],"version-history":[{"count":0,"href":"https:\/\/noticiasveraces.com\/index.php?rest_route=\/wp\/v2\/posts\/46408\/revisions"}],"wp:featuredmedia":[{"embeddable":true,"href":"https:\/\/noticiasveraces.com\/index.php?rest_route=\/wp\/v2\/media\/46410"}],"wp:attachment":[{"href":"https:\/\/noticiasveraces.com\/index.php?rest_route=%2Fwp%2Fv2%2Fmedia&parent=46408"}],"wp:term":[{"taxonomy":"category","embeddable":true,"href":"https:\/\/noticiasveraces.com\/index.php?rest_route=%2Fwp%2Fv2%2Fcategories&post=46408"},{"taxonomy":"post_tag","embeddable":true,"href":"https:\/\/noticiasveraces.com\/index.php?rest_route=%2Fwp%2Fv2%2Ftags&post=46408"}],"curies":[{"name":"wp","href":"https:\/\/api.w.org\/{rel}","templated":true}]}}