{"id":46385,"date":"2025-10-19T15:00:58","date_gmt":"2025-10-19T19:00:58","guid":{"rendered":"https:\/\/noticiasveraces.com\/?p=46385"},"modified":"2025-10-19T15:00:58","modified_gmt":"2025-10-19T19:00:58","slug":"venezolanos-celebran-con-fe-y-esperanza-canonizacion-de-sus-primeros-santos-correo-del-orinoco","status":"publish","type":"post","link":"https:\/\/noticiasveraces.com\/?p=46385","title":{"rendered":"Venezolanos celebran con fe y esperanza canonizaci\u00f3n de sus primeros santos &#8211; Correo del Orinoco"},"content":{"rendered":"<p> \n<\/p>\n<div>\n<p>La Rep\u00fablica Bolivariana de Venezuela, celebra con fe y esperanza la canonizaci\u00f3n de sus primeros santos, la madre Carmen Rendiles y el Dr. Jos\u00e9 Gregorio Hern\u00e1ndez, el cual reafirma su vocaci\u00f3n de paz.<\/p>\n<p>A trav\u00e9s de un comunicado publicado por el canciller de la Rep\u00fablica, Yv\u00e1n Gil, destaca que el pueblo y el Gobierno de Venezuela, expresan un profundo agradecimiento a Su Santidad, el papa Francisco, quien con sabidur\u00eda pastoral impuls\u00f3 las causas de santidad de estos dos venezolanos ejemplares, el cual se reconoce en ellos la fe sencilla y la fuerza espiritual en los pueblos humildes de Nuestra Am\u00e9rica.<\/p>\n<p>De igual forma, manifiestan el reconocimiento del papa Le\u00f3n XIV, bajo cuyo pontificado se ha formalizado esta canonizaci\u00f3n, gesto que estrecha a\u00fan m\u00e1s los lazos de Venezuela con la Iglesia Cat\u00f3lica universal. El pueblo valora su mensaje de reconciliaci\u00f3n, humanidad y encuentro entre naciones.<\/p>\n<p>\u00abEste acontecimiento nos encuentra unidos como naci\u00f3n, reafirmando que Venezuela es un pueblo profundamente creyente, de aut\u00e9nticos valores cristianos y esp\u00edritu solidario; un pueblo que ha sabido defender la paz en medio de desaf\u00edos y dificultades, con dignidad, esperanza y fe inquebrantable. Nada ha podido ni podr\u00e1 quebrar nuestra vocaci\u00f3n de paz, justicia y vida\u00bb, rese\u00f1a el escrito.<\/p>\n<p><img fetchpriority=\"high\" decoding=\"async\" class=\"alignnone size-medium wp-image-37727\" src=\"http:\/\/www.correodelorinoco.gob.ve\/wp-content\/uploads\/2025\/10\/COM1-768x1024-1-300x300.png\" alt=\"\" width=\"300\" height=\"300\" srcset=\"https:\/\/correodelorinoco.gob.ve\/wp-content\/uploads\/2025\/10\/COM1-768x1024-1-300x300.png 300w, https:\/\/correodelorinoco.gob.ve\/wp-content\/uploads\/2025\/10\/COM1-768x1024-1-150x150.png 150w, https:\/\/correodelorinoco.gob.ve\/wp-content\/uploads\/2025\/10\/COM1-768x1024-1-768x768.png 768w\" sizes=\"(max-width: 300px) 100vw, 300px\"\/> <img loading=\"lazy\" decoding=\"async\" class=\"alignnone size-medium wp-image-37728\" src=\"http:\/\/www.correodelorinoco.gob.ve\/wp-content\/uploads\/2025\/10\/COM2-768x1024-1-300x300.png\" alt=\"\" width=\"300\" height=\"300\" srcset=\"https:\/\/correodelorinoco.gob.ve\/wp-content\/uploads\/2025\/10\/COM2-768x1024-1-300x300.png 300w, https:\/\/correodelorinoco.gob.ve\/wp-content\/uploads\/2025\/10\/COM2-768x1024-1-150x150.png 150w, https:\/\/correodelorinoco.gob.ve\/wp-content\/uploads\/2025\/10\/COM2-768x1024-1-768x768.png 768w\" sizes=\"auto, (max-width: 300px) 100vw, 300px\"\/><\/p>\n<\/p>\n<h6>T y F\/VTV<\/h6>\n<\/p><\/div>\n\n","protected":false},"excerpt":{"rendered":"<p>La Rep\u00fablica Bolivariana de Venezuela, celebra con fe y esperanza la canonizaci\u00f3n de sus primeros santos, la madre Carmen Rendiles y el Dr. Jos\u00e9 Gregorio Hern\u00e1ndez, el cual reafirma su vocaci\u00f3n de paz. A trav\u00e9s de un comunicado publicado por el canciller de la Rep\u00fablica, Yv\u00e1n Gil, destaca que el pueblo y el Gobierno de &hellip;<\/p>\n","protected":false},"author":1,"featured_media":46387,"comment_status":"open","ping_status":"open","sticky":false,"template":"","format":"standard","meta":{"fifu_image_url":"http:\/\/www.correodelorinoco.gob.ve\/wp-content\/uploads\/2025\/10\/VEN-1.png","fifu_image_alt":"","footnotes":""},"categories":[13],"tags":[],"class_list":["post-46385","post","type-post","status-publish","format-standard","has-post-thumbnail","","category-mundo"],"_links":{"self":[{"href":"https:\/\/noticiasveraces.com\/index.php?rest_route=\/wp\/v2\/posts\/46385","targetHints":{"allow":["GET"]}}],"collection":[{"href":"https:\/\/noticiasveraces.com\/index.php?rest_route=\/wp\/v2\/posts"}],"about":[{"href":"https:\/\/noticiasveraces.com\/index.php?rest_route=\/wp\/v2\/types\/post"}],"author":[{"embeddable":true,"href":"https:\/\/noticiasveraces.com\/index.php?rest_route=\/wp\/v2\/users\/1"}],"replies":[{"embeddable":true,"href":"https:\/\/noticiasveraces.com\/index.php?rest_route=%2Fwp%2Fv2%2Fcomments&post=46385"}],"version-history":[{"count":0,"href":"https:\/\/noticiasveraces.com\/index.php?rest_route=\/wp\/v2\/posts\/46385\/revisions"}],"wp:featuredmedia":[{"embeddable":true,"href":"https:\/\/noticiasveraces.com\/index.php?rest_route=\/wp\/v2\/media\/46387"}],"wp:attachment":[{"href":"https:\/\/noticiasveraces.com\/index.php?rest_route=%2Fwp%2Fv2%2Fmedia&parent=46385"}],"wp:term":[{"taxonomy":"category","embeddable":true,"href":"https:\/\/noticiasveraces.com\/index.php?rest_route=%2Fwp%2Fv2%2Fcategories&post=46385"},{"taxonomy":"post_tag","embeddable":true,"href":"https:\/\/noticiasveraces.com\/index.php?rest_route=%2Fwp%2Fv2%2Ftags&post=46385"}],"curies":[{"name":"wp","href":"https:\/\/api.w.org\/{rel}","templated":true}]}}