{"id":46378,"date":"2025-10-19T13:55:32","date_gmt":"2025-10-19T17:55:32","guid":{"rendered":"https:\/\/noticiasveraces.com\/?p=46378"},"modified":"2025-10-19T13:55:32","modified_gmt":"2025-10-19T17:55:32","slug":"en-isnotu-se-develo-la-aureola-de-san-jose-gregorio-hernandez-correo-del-caroni","status":"publish","type":"post","link":"https:\/\/noticiasveraces.com\/?p=46378","title":{"rendered":"En Isnot\u00fa se devel\u00f3 la aureola de San Jos\u00e9 Gregorio Hern\u00e1ndez \u2013 Correo del Caron\u00ed"},"content":{"rendered":"<p> \n<\/p>\n<div data-id=\"494a3404\" data-element_type=\"widget\" id=\"texto\" data-widget_type=\"theme-post-content.default\">\n<div class=\"elementor-widget-container\">\n<figure class=\"wp-block-embed alignright is-type-rich is-provider-twitter wp-block-embed-twitter\">\n<div class=\"wp-block-embed__wrapper\">\n<blockquote class=\"twitter-tweet\" data-width=\"550\" data-dnt=\"true\">\n<p lang=\"es\" dir=\"ltr\"><a href=\"https:\/\/twitter.com\/hashtag\/Pais?src=hash&amp;ref_src=twsrc%5Etfw\">#pa\u00eds<\/a> | \ud83d\ude4f\ud83c\udf89As\u00ed develaron la imagen de San Jos\u00e9 Gregorio Hern\u00e1ndez en el Santuario de Isnotu (Trujillo).<\/p>\n<p>Cientos de feligreses se reunieron para celebrar la canonizaci\u00f3n de los dos primeros santos del pa\u00eds en el estado Trujillo, lugar de nacimiento del \u00abm\u00e9dico de los pobres\u00bb. <a href=\"https:\/\/t.co\/4sUzxFYMdq\">pic.twitter.com\/4sUzxFYMdq<\/a><\/p>\n<p>\u2014 Notitarde (@webnotitarde) <a href=\"https:\/\/twitter.com\/webnotitarde\/status\/1979892244951052604?ref_src=twsrc%5Etfw\">19 de octubre de 2025<\/a><\/p><\/blockquote>\n<\/div>\n<\/figure>\n<p>Cientos de feligreses vivieron un momento hist\u00f3rico en Isnot\u00fa, estado Trujillo, donde se devel\u00f3 la aureola de santo del doctor Jos\u00e9 Gregorio Hern\u00e1ndez en el Santuario del Ni\u00f1o Jes\u00fas en Isnot\u00fa, lugar en el que naci\u00f3 el primer santo venezolano en 1864.<\/p>\n<p>Videos publicados en las redes sociales registraron el momento en el que el sacerdote le coloca la aureola a la estatua de Jos\u00e9 Gregorio Hern\u00e1ndez durante la vigilia celebrada mientras el papa Le\u00f3n XIV oficiaba la misa de canonizaci\u00f3n en el Vaticano. All\u00ed tambi\u00e9n se elev\u00f3 a los altares a la madre Carmen Rendiles, la primera santa venezolana.<\/p>\n<p>Al igual que en Isnot\u00fa, en Caracas tambi\u00e9n se desvel\u00f3 la aureola de San Jos\u00e9 Gregorio Hern\u00e1ndez en actos realizados en La Pastora y La Candelaria. La canonizaci\u00f3n de estos dos santos marca un hito hist\u00f3rico para el pa\u00eds.<\/p>\n<p>Hern\u00e1ndez, fallecido en Caracas en 1919, fue beatificado en 2021. Ese a\u00f1o el papa Francisco reconoci\u00f3 el milagro de la recuperaci\u00f3n de Yaxury Sol\u00f3rzano Ortega, una ni\u00f1a que recibi\u00f3 un disparo en la cabeza para el que la ciencia no ten\u00eda respuesta.<\/p>\n<p>La causa de beatificaci\u00f3n y canonizaci\u00f3n de Jos\u00e9 Gregorio Hern\u00e1ndez dur\u00f3 m\u00e1s de 70 a\u00f1os, desde su inicio formal el 9 de enero de 1949. La Arquidi\u00f3cesis de Caracas present\u00f3 ante el Vaticano el proceso para que se estudiara su canonizaci\u00f3n.<\/p>\n<p>En 1972, la santa sede reconoce sus valores cristianos y considera viable la causa.\u00a0 Luego, el 16 de enero, el papa Juan Pablo II reconoce sus virtudes y lo declara \u201cvenerable\u201d. Se examinan los escritos que dej\u00f3 en vida para verificar su congruencia con las doctrinas de la Iglesia.<\/p>\n<p>En 2020 alcanz\u00f3 la beatificaci\u00f3n tras lograr dos condiciones: fama de santidad y un milagro verificado. El postulador de la causa demostr\u00f3 la devoci\u00f3n popular hacia \u00e9l y los favores atribuidos a su intercesi\u00f3n. <\/p>\n<p>Finalmente, el 25 de febrero, el papa Francisco aprob\u00f3 su canonizaci\u00f3n, convirti\u00e9ndolo en el primer santo venezolano.<\/p>\n<\/p><\/div>\n<\/p><\/div>\n<p><script async src=\"https:\/\/platform.twitter.com\/widgets.js\" charset=\"utf-8\"><\/script><br \/>\n<br \/>\n","protected":false},"excerpt":{"rendered":"<p>#pa\u00eds | \ud83d\ude4f\ud83c\udf89As\u00ed develaron la imagen de San Jos\u00e9 Gregorio Hern\u00e1ndez en el Santuario de Isnotu (Trujillo). Cientos de feligreses se reunieron para celebrar la canonizaci\u00f3n de los dos primeros santos del pa\u00eds en el estado Trujillo, lugar de nacimiento del \u00abm\u00e9dico de los pobres\u00bb. pic.twitter.com\/4sUzxFYMdq \u2014 Notitarde (@webnotitarde) 19 de octubre de 2025 Cientos &hellip;<\/p>\n","protected":false},"author":1,"featured_media":46379,"comment_status":"open","ping_status":"open","sticky":false,"template":"","format":"standard","meta":{"fifu_image_url":"https:\/\/correodelcaroni.com\/wp-content\/uploads\/2025\/10\/ISNOTU_Aureola.jpg","fifu_image_alt":"","footnotes":""},"categories":[13],"tags":[],"class_list":["post-46378","post","type-post","status-publish","format-standard","has-post-thumbnail","","category-mundo"],"_links":{"self":[{"href":"https:\/\/noticiasveraces.com\/index.php?rest_route=\/wp\/v2\/posts\/46378","targetHints":{"allow":["GET"]}}],"collection":[{"href":"https:\/\/noticiasveraces.com\/index.php?rest_route=\/wp\/v2\/posts"}],"about":[{"href":"https:\/\/noticiasveraces.com\/index.php?rest_route=\/wp\/v2\/types\/post"}],"author":[{"embeddable":true,"href":"https:\/\/noticiasveraces.com\/index.php?rest_route=\/wp\/v2\/users\/1"}],"replies":[{"embeddable":true,"href":"https:\/\/noticiasveraces.com\/index.php?rest_route=%2Fwp%2Fv2%2Fcomments&post=46378"}],"version-history":[{"count":0,"href":"https:\/\/noticiasveraces.com\/index.php?rest_route=\/wp\/v2\/posts\/46378\/revisions"}],"wp:featuredmedia":[{"embeddable":true,"href":"https:\/\/noticiasveraces.com\/index.php?rest_route=\/wp\/v2\/media\/46379"}],"wp:attachment":[{"href":"https:\/\/noticiasveraces.com\/index.php?rest_route=%2Fwp%2Fv2%2Fmedia&parent=46378"}],"wp:term":[{"taxonomy":"category","embeddable":true,"href":"https:\/\/noticiasveraces.com\/index.php?rest_route=%2Fwp%2Fv2%2Fcategories&post=46378"},{"taxonomy":"post_tag","embeddable":true,"href":"https:\/\/noticiasveraces.com\/index.php?rest_route=%2Fwp%2Fv2%2Ftags&post=46378"}],"curies":[{"name":"wp","href":"https:\/\/api.w.org\/{rel}","templated":true}]}}