{"id":46373,"date":"2025-10-19T12:51:12","date_gmt":"2025-10-19T16:51:12","guid":{"rendered":"https:\/\/noticiasveraces.com\/?p=46373"},"modified":"2025-10-19T12:51:12","modified_gmt":"2025-10-19T16:51:12","slug":"un-robo-de-joyas-de-valor-incalculable-en-el-louvre-rapido-y-profesional-pero-con-fallos-albertonews","status":"publish","type":"post","link":"https:\/\/noticiasveraces.com\/?p=46373","title":{"rendered":"Un robo de joyas de valor incalculable en el Louvre r\u00e1pido y profesional, pero con fallos &#8211; AlbertoNews"},"content":{"rendered":"<p> \n<\/p>\n<div>\n<p>El robo de un conjunto de joyas \u00abde un valor patrimonial e hist\u00f3rico incalculable\u00bb en el Museo del Louvre este domingo por la ma\u00f1ana lo llev\u00f3 a cabo en apenas siete minutos un comando de tres o cuatro ladrones \u00abprofesionales\u00bb, pero que perdieron una parte del bot\u00edn en su huida.<\/p>\n<p>\u00c9se es el relato ofrecido por los ministros franceses del Interior, Laurent N\u00fa\u00f1ez, y de Cultura, Rachida Dati, que acudieron poco despu\u00e9s de los hechos al que es el museo con m\u00e1s visitantes del mundo, 8,7 millones el pasado a\u00f1o, que tuvo que cerrar excepcionalmente durante todo el d\u00eda, lo que perturb\u00f3 el programa para miles de turistas.<\/p>\n<p>El Louvre explic\u00f3 que todo ocurri\u00f3 a las 09.30 (07.30 GMT) de la ma\u00f1ana, unos momentos despu\u00e9s de que hubiera abierto las puertas cuando lleg\u00f3 el comando formado, seg\u00fan el ministro, por tres o cuatro hombres.<\/p>\n<p>Llegaron por el flanco sur del museo, el que da al r\u00edo Sena, en dos motos y en un cami\u00f3n con un montacargas como los que se utilizan en las mudanzas que utilizaron para subir al primer piso y m\u00e1s en concreto a la galer\u00eda Apolo, en la que entraron dos de ellos despu\u00e9s de haber hecho una brecha en el cristal de una ventana con un disco de corte.<\/p>\n<p>Dos de ellos, los que subieron por el montacargas, iban vestidos como obreros con chalecos amarillos.<\/p>\n<p>Una vez en el interior de la galer\u00eda fueron a las vitrinas de las joyas de la colecci\u00f3n de Napole\u00f3n y de la corona francesa y se llevaron un n\u00famero de piezas todav\u00eda no precisado de forma oficial por las autoridades, pero que diversas fuentes citadas por los medios sit\u00faan en una horquilla de entre cinco y diez.<\/p>\n<p>Son joyas que tienen \u00abun valor patrimonial e hist\u00f3rico incalculable\u00bb, destac\u00f3 N\u00fa\u00f1ez, que quiso mostrarse confiado en que \u00abmuy r\u00e1pidamente\u00bb se pueda encontrar a los autores \u00aby sobre todo los bienes robados\u00bb.<\/p>\n<p>Su colega de Cultura hizo hincapi\u00e9 en que fueron \u00abprofesionales\u00bb que actuaron sin violencia, por lo que no hubo heridos, y tambi\u00e9n en que la evacuaci\u00f3n de los visitantes del museo por parte de los empleados se llev\u00f3 a cabo igualmente con \u00abprofesionalidad\u00bb.<\/p>\n<p>Algunas im\u00e1genes tomadas por personas que estaban en la misma galer\u00eda con sus m\u00f3viles muestran c\u00f3mo los hombres con los chalecos amarillos forzaban las vitrinas.<\/p>\n<p>El hecho es que en su huida dejaron una parte del instrumental utilizado y, sobre todo, perdieron tambi\u00e9n al menos una de las joyas, nada menos que la corona de la emperatriz Eugenia de Montijo, la esposa espa\u00f1ola del emperador Napole\u00f3n III (1852-1870), la cual result\u00f3 da\u00f1ada.<\/p>\n<p>Es una corona que lleva 1.354 diamantes y 56 esmeraldas creada para la emperatriz con ocasi\u00f3n de la Exposici\u00f3n Universal de 1855 que tras el cambio de r\u00e9gimen a la III Rep\u00fablica, en 1870, fue vendida en 1885 por el Estado franc\u00e9s como una forma de liquidar su pasado mon\u00e1rquico y s\u00f3lo volvi\u00f3 a su propiedad algo m\u00e1s de un siglo despu\u00e9s gracias a una donaci\u00f3n.<\/p>\n<p>En espera de que haga una comunicaci\u00f3n exhaustiva la Fiscal\u00eda de Par\u00eds, que es la encargada de la investigaci\u00f3n y ha abierto un procedimiento por robo en banda organizada y asociaci\u00f3n de malhechores, se sabe que entre las otras joyas robadas hab\u00eda una segunda corona, un broche, unos pendientes<\/p>\n<p>El senador comunista Ian Brossat, denunci\u00f3 que el Gobierno no hubiera hecho caso de las advertencias que hab\u00edan lanzado los empleados del Louvre, que el pasado 16 de junio organizaron una huelga sorpresa para alertar sobre la falta de personal, sobre todo en la seguridad.<\/p>\n<p>Brossat, que se quej\u00f3 de que la ministra de cultura parezca haber descubierto el problema, hizo notar que en los \u00faltimos cinco a\u00f1os la plantilla del museo se ha reducido en 200 personas.<\/p>\n<p>Dati record\u00f3 que Francia es un pa\u00eds con un gran patrimonio hist\u00f3rico de un gran valor, y eso ha hecho de sus museos objetivo de los delincuentes y \u00e9se es un problema \u00abantiguo\u00bb en el que se estaba trabajando tambi\u00e9n en el Louvre, que hab\u00eda pedido una auditor\u00eda de seguridad a la Prefectura de Polic\u00eda.<\/p>\n<p>El \u00faltimo robo en este museo situado en el coraz\u00f3n de Par\u00eds se produjo en 1998, cuando se sustrajo en pleno d\u00eda un cuadro del pintor franc\u00e9s Camille Corot que no ha aparecido.<\/p>\n<p>Pero el m\u00e1s famoso de todos fue el que cometi\u00f3 el 21 de agosto de 1911 un obrero italiano, Vincenzo Peruggia, que se llev\u00f3 La Gioconda, seg\u00fan explic\u00f3 por patriotismo. El cuadro de Leonardo da Vinci se recuper\u00f3 en 2013, despu\u00e9s de que el ladr\u00f3n se puso en contacto con un marchante de arte. EFE<\/p>\n<\/p>\n<p class=\"p\"><b><span class=\"15\" style=\"font-family: 'Segoe UI';\">Si quieres recibir en tu celular esta y otras informaciones descarga Telegram, ingresa al link <\/span><\/b><b><span class=\"16\" style=\"font-family: 'Segoe UI';\">https:\/\/t.me\/albertorodnews<\/span><\/b><b><span class=\"15\" style=\"font-family: 'Segoe UI';\"> y dale click a +Unirme.  <\/span><\/b><\/p>\n<p class=\"p\"><b><span class=\"16\" style=\"font-family: 'Segoe UI';\">Alberto Noticias<\/span><\/b><\/p>\n<\/p><\/div>\n\n","protected":false},"excerpt":{"rendered":"<p>El robo de un conjunto de joyas \u00abde un valor patrimonial e hist\u00f3rico incalculable\u00bb en el Museo del Louvre este domingo por la ma\u00f1ana lo llev\u00f3 a cabo en apenas siete minutos un comando de tres o cuatro ladrones \u00abprofesionales\u00bb, pero que perdieron una parte del bot\u00edn en su huida. \u00c9se es el relato ofrecido &hellip;<\/p>\n","protected":false},"author":1,"featured_media":46374,"comment_status":"open","ping_status":"open","sticky":false,"template":"","format":"standard","meta":{"fifu_image_url":"https:\/\/bitlyanews.com\/wp-content\/uploads\/2020\/06\/museo-louvre-paris.jpg","fifu_image_alt":"","footnotes":""},"categories":[13],"tags":[],"class_list":["post-46373","post","type-post","status-publish","format-standard","has-post-thumbnail","","category-mundo"],"_links":{"self":[{"href":"https:\/\/noticiasveraces.com\/index.php?rest_route=\/wp\/v2\/posts\/46373","targetHints":{"allow":["GET"]}}],"collection":[{"href":"https:\/\/noticiasveraces.com\/index.php?rest_route=\/wp\/v2\/posts"}],"about":[{"href":"https:\/\/noticiasveraces.com\/index.php?rest_route=\/wp\/v2\/types\/post"}],"author":[{"embeddable":true,"href":"https:\/\/noticiasveraces.com\/index.php?rest_route=\/wp\/v2\/users\/1"}],"replies":[{"embeddable":true,"href":"https:\/\/noticiasveraces.com\/index.php?rest_route=%2Fwp%2Fv2%2Fcomments&post=46373"}],"version-history":[{"count":0,"href":"https:\/\/noticiasveraces.com\/index.php?rest_route=\/wp\/v2\/posts\/46373\/revisions"}],"wp:featuredmedia":[{"embeddable":true,"href":"https:\/\/noticiasveraces.com\/index.php?rest_route=\/wp\/v2\/media\/46374"}],"wp:attachment":[{"href":"https:\/\/noticiasveraces.com\/index.php?rest_route=%2Fwp%2Fv2%2Fmedia&parent=46373"}],"wp:term":[{"taxonomy":"category","embeddable":true,"href":"https:\/\/noticiasveraces.com\/index.php?rest_route=%2Fwp%2Fv2%2Fcategories&post=46373"},{"taxonomy":"post_tag","embeddable":true,"href":"https:\/\/noticiasveraces.com\/index.php?rest_route=%2Fwp%2Fv2%2Ftags&post=46373"}],"curies":[{"name":"wp","href":"https:\/\/api.w.org\/{rel}","templated":true}]}}