{"id":46355,"date":"2025-10-19T09:45:15","date_gmt":"2025-10-19T13:45:15","guid":{"rendered":"https:\/\/noticiasveraces.com\/?p=46355"},"modified":"2025-10-19T09:45:15","modified_gmt":"2025-10-19T13:45:15","slug":"lecciones-de-portugal-ascenso-y-caida-de-las-universidades-privadas-sin-solvencia-academica-sociedad","status":"publish","type":"post","link":"https:\/\/noticiasveraces.com\/?p=46355","title":{"rendered":"Lecciones de Portugal: ascenso y ca\u00edda de las universidades privadas sin solvencia acad\u00e9mica | Sociedad"},"content":{"rendered":"<p> \n<\/p>\n<div data-dtm-region=\"articulo_cuerpo\">\n<p class=\"\">De las variadas pol\u00e9micas que envolvieron a universidades privadas en Portugal en las \u00faltimas d\u00e9cadas, hay una que sigue causando sorna: la licenciatura en ingenier\u00eda civil que obtuvo en 1996 el ex primer ministro socialista Jos\u00e9 S\u00f3crates en la Universidad Independiente. La Fiscal\u00eda declar\u00f3 ilegal la finalizaci\u00f3n de su curso en 2015, aunque renunci\u00f3 a pedir la anulaci\u00f3n del t\u00edtulo. No ser\u00eda esta la mayor de las preocupaciones para S\u00f3crates ni para la universidad. <\/p>\n<p class=\"\">El ex primer ministro, que pas\u00f3 nueve meses en prisi\u00f3n preventiva, es juzgado estos d\u00edas en Lisboa por 22 delitos de corrupci\u00f3n, blanqueo de capitales y fraude fiscal, que nada tienen que ver con el dudoso t\u00edtulo si no con sus decisiones al frente del Gobierno entre 2005 y 2011. Por su parte, la Universidad Independiente, que lleg\u00f3 a impartir 14 licenciaturas, ya no existe. El Ministerio de Ciencia, Tecnolog\u00eda y Ense\u00f1anza Superior orden\u00f3 su cierre en 2007 despu\u00e9s de que un informe oficial concluyese que no pose\u00eda \u201dlas condiciones m\u00ednimas exigidas por la ley para continuar declarada como instituci\u00f3n de inter\u00e9s p\u00fablico\u201d. Un antiguo vicerrector y otros altos cargos ingresaron en prisi\u00f3n preventiva y m\u00e1s tarde fueron condenados por falsificaci\u00f3n de documentos y fraude fiscal.<\/p>\n<p class=\"\">El caso de la Universidad Independiente, m\u00e1s cercano al suceso que a coyunturas acad\u00e9micas, fue una anomal\u00eda, pero ilustra el descontrol que rode\u00f3 el despegue de la ense\u00f1anza superior privada en Portugal cuando el fin de la dictadura en abril de 1974 propici\u00f3 la llegada masiva de estudiantes a las aulas en las siguientes d\u00e9cadas. El Estado Novo conceb\u00eda la universidad como un club de formaci\u00f3n de \u00e9lites del r\u00e9gimen: solo 3.450 portugueses se hab\u00edan matriculado en 1973\/74 frente a los 456.032 j\u00f3venes que lo han hecho este curso (el 20% en la privada). <\/p>\n<p class=\"\">\u201cCon la democratizaci\u00f3n se crearon las condiciones de escolarizaci\u00f3n para que en unos a\u00f1os aumentase la demanda de la ense\u00f1anza universitaria a la que el Estado al principio no fue capaz de dar respuesta\u201d, expone Domingos Fernandes, actual presidente del Consejo Nacional de Educaci\u00f3n y ex secretario de Estado de Administraci\u00f3n Educativa en el Gobierno de Ant\u00f3nio Guterres. \u201cFue un periodo muy an\u00e1rquico y chocante. Hab\u00eda instituciones que daban licenciaturas como contrapartida al dinero que pagaban los alumnos, era habitual que no se cumpliese el plan de estudios o que los profesores de prestigio anunciados fuesen sustituidos en la pr\u00e1ctica por otros\u201d, recuerda. Algunos centros abr\u00edan sus puertas antes incluso de obtener el permiso del Ministerio de Educaci\u00f3n. Si hasta 1974 solo hab\u00eda tres instituciones privadas en Portugal (la Universidad Cat\u00f3lica y dos institutos superiores), en 1993 funcionaban ya 70.<\/p>\n<p class=\"\">Aquella primera oleada ten\u00eda, por otro lado, la ventaja de acercar a lugares alejados de las principales ciudades una oferta educativa que nunca hab\u00eda existido. \u201cLas privadas corrieron el riesgo y abrieron en localidades donde la ense\u00f1anza p\u00fablica lleg\u00f3 m\u00e1s tarde, pero esa competencia hizo que las privadas del interior del pa\u00eds perdiesen a sus alumnos y desapareciesen\u201d, explica Ant\u00f3nio Almeida Dias, presidente de la Asociaci\u00f3n Portuguesa de la Ense\u00f1anza Superior Privada, que aglutina a 53 instituciones.<\/p>\n<p class=\"\">Para abrir necesitaban una autorizaci\u00f3n oficial, pero no hab\u00eda exigencias rigurosas previas ni evaluaciones posteriores. No siempre detr\u00e1s hab\u00eda un proyecto acad\u00e9mico solvente, un cuerpo docente estable, instalaciones dignas e investigaci\u00f3n cient\u00edfica. Andreia Sanches casi se estren\u00f3 como periodista educativa en <i>P\u00fablico<\/i> con un art\u00edculo sobre los llamados \u201cturboprofesores\u201d, que aparec\u00edan como docentes al mismo tiempo en diversas instituciones abiertas de norte a sur del pa\u00eds. \u201cEn realidad solo daban su nombre, pero luego eran asistentes suyos los que daban clases\u201d, recuerda. \u201cVarias universidades acabar\u00edan por cerrar por la degradaci\u00f3n de la calidad educativa. Adem\u00e1s, a medida que pasaron los a\u00f1os aument\u00f3 la capacidad del Estado para establecer reglas en el sector privado\u201d, a\u00f1ade. <\/p>\n<p class=\"\">Al menos 4 universidades y 8 institutos superiores fueron extinguidos por el Gobierno por incumplir los est\u00e1ndares de calidad. Sus alumnos fueron acomodados en otros centros. Otra veintena de instituciones cesaron su actividad de forma voluntaria, aunque algunas de las abiertas en aquellos a\u00f1os gozan de prestigio como la Universidad Lus\u00f3fona, que ha alcanzado los 16.900 estudiantes, 1.671 profesores y 65 licenciaturas en menos de tres d\u00e9cadas. Tambi\u00e9n la Universidad Cat\u00f3lica Portuguesa, abierta durante la dictadura (1967), obtiene buenas clasificaciones en r\u00e1nkings internacionales.<\/p>\n<figure class=\"a_m a_m-h \"><span class=\"_db a_m_w _pr lb_btn\"><img decoding=\"auto\" class=\"_re lazyload a_m-h\" height=\"276\" srcset=\"https:\/\/imagenes.elpais.com\/resizer\/v2\/GZ2VCNDWLFH6XMVM6X6P4VXVCE.jpg?auth=c907d754c5212e35a9a50a5f2ab15a3b14be5a1f02bd750874aff5e85df56cd0&amp;width=414 414w,https:\/\/imagenes.elpais.com\/resizer\/v2\/GZ2VCNDWLFH6XMVM6X6P4VXVCE.jpg?auth=c907d754c5212e35a9a50a5f2ab15a3b14be5a1f02bd750874aff5e85df56cd0&amp;width=828 640w,https:\/\/imagenes.elpais.com\/resizer\/v2\/GZ2VCNDWLFH6XMVM6X6P4VXVCE.jpg?auth=c907d754c5212e35a9a50a5f2ab15a3b14be5a1f02bd750874aff5e85df56cd0&amp;width=980 1000w,https:\/\/imagenes.elpais.com\/resizer\/v2\/GZ2VCNDWLFH6XMVM6X6P4VXVCE.jpg?auth=c907d754c5212e35a9a50a5f2ab15a3b14be5a1f02bd750874aff5e85df56cd0&amp;width=1960 1960w\" width=\"414\" sizes=\"auto, (min-width:1199px) 1155px,(min-width:1001px) calc(100vw - 44px),(min-width:768px) 767px, 100vw\" src=\"https:\/\/imagenes.elpais.com\/resizer\/v2\/GZ2VCNDWLFH6XMVM6X6P4VXVCE.jpg?auth=c907d754c5212e35a9a50a5f2ab15a3b14be5a1f02bd750874aff5e85df56cd0&amp;width=414\" loading=\"lazy\"\/><svg aria-hidden=\"true\" class=\"icon_multimedia_ampliar | _pa a_m_i a_m_i-a _dn\" viewbox=\"0 0 40 40\"><use xlink:href=\"#svg-ampliar\"\/><\/svg><\/span><figcaption class=\"a_m_p\" aria-hidden=\"true\"><span>Estudiantes en un campus universitario privado en Lisboa.<\/span><span class=\"a_m_m\">jo\u00e3o henriques<\/span><\/figcaption><\/figure>\n<p class=\"\">\u201cLos t\u00edtulos de las privadas de hoy son reconocidos y no despiertan dudas, solo hay que ver la cantidad de ministros que han salido de sus aulas\u201d, puntualiza Jo\u00e3o Guerreiro, que ha presidido durante cinco a\u00f1os la Agencia de Evaluaci\u00f3n y Acreditaci\u00f3n de la Ense\u00f1anza Superior (A3ES) y que antes fue rector de la Universidad del Algarve. Distinto es el caso, precisa Guerreiro, de \u201clas peque\u00f1as instituciones privadas que son empresas o cooperativas que buscan rentabilidad a su inversi\u00f3n donde a veces es dif\u00edcil encontrar niveles de calidad\u201d.<\/p>\n<p class=\"\">La agencia, operativa desde 2009, es una de las herramientas creadas para imponer unos est\u00e1ndares m\u00ednimos de calidad en la ense\u00f1anza universitaria, tanto p\u00fablica como privada. Es una entidad privada independiente que eval\u00faa a trav\u00e9s de comisiones, que incluyen t\u00e9cnicos extranjeros y estudiantes, entre otros perfiles, tanto las peticiones de nuevos proyectos y cursos como los que ya existen. En su \u00faltima revisi\u00f3n (2022\/23) se analizaron los 97 centros que imparten cursos superiores (36 p\u00fablicos y 61 privados). El 33% logr\u00f3 la acreditaci\u00f3n para los pr\u00f3ximos seis a\u00f1os. La agencia no aprob\u00f3 a seis instituciones privadas, que han recurrido a los tribunales para evitar el cierre. <\/p>\n<p class=\"\">M\u00e1s all\u00e1 de la controversia, el resultado muestra la mejor\u00eda del sector educativo superior en Portugal. En la evaluaci\u00f3n anterior, realizada seis a\u00f1os atr\u00e1s, se examinaron 111 instituciones (36 p\u00fablicas y 75 privadas). Solo el 6,3% lograron acreditaci\u00f3n para seis a\u00f1os, mientras que nueve de las privadas no recibieron luz verde. \u201cEn estos 30 a\u00f1os\u201d, reflexiona Domingos Fernandes, \u201cha habido una evoluci\u00f3n positiva tras la situaci\u00f3n an\u00e1rquica inicial. No todas las privadas son de calidad, pero tampoco todas las p\u00fablicas lo son, y el sector privado tuvo un papel importante para dar una respuesta a los alumnos que deseaban ir a la universidad\u201d. <\/p>\n<p class=\"\">Tras el saneamiento que sigui\u00f3 al bum, los proyectos privados viven un nuevo momento expansivo en Portugal, aunque ahora sometidos a una regulaci\u00f3n m\u00e1s dr\u00e1stica. Si hace una d\u00e9cada solo el 15,9% de los alumnos estudiaban en centros privados (57.299 de 358.450), ahora son el 20% (92.500 de los 456.032 alumnos matriculados en el actual curso), aunque son cifras inferiores a las registradas en Espa\u00f1a, donde son el 24% de los matriculados en grados.<\/p>\n<\/div>\n\n","protected":false},"excerpt":{"rendered":"<p>De las variadas pol\u00e9micas que envolvieron a universidades privadas en Portugal en las \u00faltimas d\u00e9cadas, hay una que sigue causando sorna: la licenciatura en ingenier\u00eda civil que obtuvo en 1996 el ex primer ministro socialista Jos\u00e9 S\u00f3crates en la Universidad Independiente. La Fiscal\u00eda declar\u00f3 ilegal la finalizaci\u00f3n de su curso en 2015, aunque renunci\u00f3 a &hellip;<\/p>\n","protected":false},"author":1,"featured_media":46356,"comment_status":"open","ping_status":"open","sticky":false,"template":"","format":"standard","meta":{"fifu_image_url":"https:\/\/imagenes.elpais.com\/resizer\/v2\/CJIKNCR7AJBEJF67CBQOD3VKUM.jpg?auth=5863d5e5678fd4e2dd08f93b4ddb1407040cc807e2626c50901b7b6c4bafebce&width=1200","fifu_image_alt":"","footnotes":""},"categories":[11],"tags":[],"class_list":["post-46355","post","type-post","status-publish","format-standard","has-post-thumbnail","","category-viaje"],"_links":{"self":[{"href":"https:\/\/noticiasveraces.com\/index.php?rest_route=\/wp\/v2\/posts\/46355","targetHints":{"allow":["GET"]}}],"collection":[{"href":"https:\/\/noticiasveraces.com\/index.php?rest_route=\/wp\/v2\/posts"}],"about":[{"href":"https:\/\/noticiasveraces.com\/index.php?rest_route=\/wp\/v2\/types\/post"}],"author":[{"embeddable":true,"href":"https:\/\/noticiasveraces.com\/index.php?rest_route=\/wp\/v2\/users\/1"}],"replies":[{"embeddable":true,"href":"https:\/\/noticiasveraces.com\/index.php?rest_route=%2Fwp%2Fv2%2Fcomments&post=46355"}],"version-history":[{"count":0,"href":"https:\/\/noticiasveraces.com\/index.php?rest_route=\/wp\/v2\/posts\/46355\/revisions"}],"wp:featuredmedia":[{"embeddable":true,"href":"https:\/\/noticiasveraces.com\/index.php?rest_route=\/wp\/v2\/media\/46356"}],"wp:attachment":[{"href":"https:\/\/noticiasveraces.com\/index.php?rest_route=%2Fwp%2Fv2%2Fmedia&parent=46355"}],"wp:term":[{"taxonomy":"category","embeddable":true,"href":"https:\/\/noticiasveraces.com\/index.php?rest_route=%2Fwp%2Fv2%2Fcategories&post=46355"},{"taxonomy":"post_tag","embeddable":true,"href":"https:\/\/noticiasveraces.com\/index.php?rest_route=%2Fwp%2Fv2%2Ftags&post=46355"}],"curies":[{"name":"wp","href":"https:\/\/api.w.org\/{rel}","templated":true}]}}