{"id":46344,"date":"2025-10-19T07:41:19","date_gmt":"2025-10-19T11:41:19","guid":{"rendered":"https:\/\/noticiasveraces.com\/?p=46344"},"modified":"2025-10-19T07:41:19","modified_gmt":"2025-10-19T11:41:19","slug":"javier-fernandez-franco-polemico-tras-salida-de-rcn-se-equivocaron-y-no-tengo-reemplazo-curiosidades-de-futbol","status":"publish","type":"post","link":"https:\/\/noticiasveraces.com\/?p=46344","title":{"rendered":"Javier Fern\u00e1ndez Franco, pol\u00e9mico tras salida de RCN: &#8216;se equivocaron y no tengo reemplazo&#8217; | Curiosidades de f\u00fatbol"},"content":{"rendered":"<p> \n<br \/><img decoding=\"async\" src=\"https:\/\/www.futbolred.com\/files\/article_graphic\/files\/crop\/uploads\/2023\/11\/27\/65650f196e993.r_1311548.0-0-702-351.jpeg\" \/><\/p>\n<div id=\"cuerpoArticulo\">\n<p class=\"texto intro cnx-companion-firstparagraph\" id=\"p257228-m669-668-670\"><b>Javier Fern\u00e1ndez Franco<\/b>mejor conocido como \u2018El cantante del gol\u2019, sali\u00f3 del canal RCN hace unas semanas para buscar nuevos retos profesionales, pero su marcha gener\u00f3 muchas reacciones e incluso con su ayuda no pudo destronar el rating arrollador de Caracol.<\/p>\n<p class=\"texto contenido-parrafo-articulo cnx-companion-paragraph\" id=\"p257228-m687-2-688\">Luego de su salida del canal de las tres letras, el narrador entreg\u00f3 una entrevista al canal de YouTube \u2018La Red Viral\u2019 y all\u00ed revel\u00f3 algunos pensamientos sobre su estad\u00eda en ese medio de comunicaci\u00f3n, dejando claro que es irreemplazable cuando se le fue preguntado que su colega Eduardo Luis iba a tomar su lugar.<\/p>\n<p>\u201cEs que hablar de reemplazo\u2026voy a decir algo honestamente. Yo no tengo reemplazo, as\u00ed de sencillo. El que llega, llega porque yo no estoy, pero que llegue a hacer lo que yo ya hice, es dif\u00edcil\u201d, coment\u00f3 Javier Fern\u00e1ndez.<\/p>\n<p><iframe loading=\"lazy\" title=\"\u201cRCN se equivoc\u00f3 conmigo\u201d EL CANTANTE DEL GOL Cuenta toda la VERDAD de su SALIDA y Qu\u00e9 viene ahora\" width=\"618\" height=\"348\" src=\"https:\/\/www.youtube.com\/embed\/NqoX83rZmWc?feature=oembed\" frameborder=\"0\" allow=\"accelerometer; autoplay; clipboard-write; encrypted-media; gyroscope; picture-in-picture; web-share\" referrerpolicy=\"strict-origin-when-cross-origin\" allowfullscreen><\/iframe><\/p>\n<p class=\"texto contenido-parrafo-articulo cnx-companion-paragraph\" id=\"p257228-m744-5-745\">Con respecto a lo que piensa de su competidor, Eduardo Luis, el &#8216;Cantante&#8217; dej\u00f3 claro que prefiere no opinar del trabajo de los dem\u00e1s, pero reconoce que tiene su estilo y hay p\u00fablico que lo escucha por ello.<\/p>\n<p>\u201cQue pienso de Luis Eduardo. Es un muchacho que desde peque\u00f1o ha querido sobresalir, pero no me gusta hablar de nadie y mucho menos de los colegas. Cada uno hace lo que quiere y la gente escuche. Cada tienda tiene su cliente. Prefiero hablar de lo m\u00edo\u201d, afirm\u00f3.<\/p>\n<p>Adem\u00e1s, agreg\u00f3 que RCN se equivoc\u00f3 en algunas decisiones, sin ahondar en mucho detalle, pues se sinti\u00f3 agradecido porque con su presencia lograron puntuar en rating.<\/p>\n<p>Considero que s\u00ed, que est\u00e1n equivocados en varias cosas. Con todo respeto.\u00a0Nos fue muy bien y el canal no aspiraba tener tanta cantidad de puntos y todo eso fue gracias al cari\u00f1o de la gente. El tema es que tengo otros prop\u00f3sitos diferentes\u201d, cont\u00f3 el \u2018Cantante\u2019.<\/p>\n<p>Por ahora, Javier Fern\u00e1ndez se encuentra enfocado en nuevos horizontes profesionales, en los que se destaca ayudar al deporte colombiano.<\/p>\n<\/div>\n\n","protected":false},"excerpt":{"rendered":"<p>Javier Fern\u00e1ndez Francomejor conocido como \u2018El cantante del gol\u2019, sali\u00f3 del canal RCN hace unas semanas para buscar nuevos retos profesionales, pero su marcha gener\u00f3 muchas reacciones e incluso con su ayuda no pudo destronar el rating arrollador de Caracol. Luego de su salida del canal de las tres letras, el narrador entreg\u00f3 una entrevista &hellip;<\/p>\n","protected":false},"author":1,"featured_media":46346,"comment_status":"open","ping_status":"open","sticky":false,"template":"","format":"standard","meta":{"fifu_image_url":"https:\/\/www.futbolred.com\/files\/og_thumbnail\/uploads\/2023\/11\/27\/65650f196e993.jpeg","fifu_image_alt":"","footnotes":""},"categories":[6],"tags":[],"class_list":["post-46344","post","type-post","status-publish","format-standard","has-post-thumbnail","","category-deportes"],"_links":{"self":[{"href":"https:\/\/noticiasveraces.com\/index.php?rest_route=\/wp\/v2\/posts\/46344","targetHints":{"allow":["GET"]}}],"collection":[{"href":"https:\/\/noticiasveraces.com\/index.php?rest_route=\/wp\/v2\/posts"}],"about":[{"href":"https:\/\/noticiasveraces.com\/index.php?rest_route=\/wp\/v2\/types\/post"}],"author":[{"embeddable":true,"href":"https:\/\/noticiasveraces.com\/index.php?rest_route=\/wp\/v2\/users\/1"}],"replies":[{"embeddable":true,"href":"https:\/\/noticiasveraces.com\/index.php?rest_route=%2Fwp%2Fv2%2Fcomments&post=46344"}],"version-history":[{"count":0,"href":"https:\/\/noticiasveraces.com\/index.php?rest_route=\/wp\/v2\/posts\/46344\/revisions"}],"wp:featuredmedia":[{"embeddable":true,"href":"https:\/\/noticiasveraces.com\/index.php?rest_route=\/wp\/v2\/media\/46346"}],"wp:attachment":[{"href":"https:\/\/noticiasveraces.com\/index.php?rest_route=%2Fwp%2Fv2%2Fmedia&parent=46344"}],"wp:term":[{"taxonomy":"category","embeddable":true,"href":"https:\/\/noticiasveraces.com\/index.php?rest_route=%2Fwp%2Fv2%2Fcategories&post=46344"},{"taxonomy":"post_tag","embeddable":true,"href":"https:\/\/noticiasveraces.com\/index.php?rest_route=%2Fwp%2Fv2%2Ftags&post=46344"}],"curies":[{"name":"wp","href":"https:\/\/api.w.org\/{rel}","templated":true}]}}