{"id":46324,"date":"2025-10-19T06:10:13","date_gmt":"2025-10-19T10:10:13","guid":{"rendered":"https:\/\/noticiasveraces.com\/?p=46324"},"modified":"2025-10-19T06:10:13","modified_gmt":"2025-10-19T10:10:13","slug":"caracas-celebra-la-canonizacion-de-los-primeros-santos-venezolanos","status":"publish","type":"post","link":"https:\/\/noticiasveraces.com\/?p=46324","title":{"rendered":"Caracas celebra la canonizaci\u00f3n de los primeros santos venezolanos"},"content":{"rendered":"<p> \n<\/p>\n<div>\n<p>Miles de feligreses siguen en vivo desde Caracas <strong>la canonizaci\u00f3n del doctor Jos\u00e9 Gregorio Hern\u00e1ndez y la madre Carmen Rendiles, que comenz\u00f3 a las 4:00 am (hora de Venezuela) en el Vaticano. <\/strong><\/p>\n<p>El Santuario de Nuestra Se\u00f1ora de La Candelaria hizo una vigilia para la madrugada del domingo 19 de octubre como parte de las actividades por la elevaci\u00f3n de los altares de los santos venezolanos. <\/p>\n<p><strong>El templo abri\u00f3 sus puertas desde las 12:00 am del domingo<\/strong> 19 de octubre y el repique de las campanas ocurri\u00f3 aproximadamente a las 3:00 am.<\/p>\n<figure class=\"wp-block-image size-full\"><picture fetchpriority=\"high\" decoding=\"async\" class=\"wp-image-536319\"><source type=\"image\/webp\" sizes=\"(max-width: 1600px) 100vw, 1600px\" nitro-lazy-srcset=\"https:\/\/eldiario.com\/nitropack_static\/DWpklAePbJBFiBKvuTtiGMLbtJlHUqWt\/assets\/images\/optimized\/rev-4610e21\/eldiario.com\/wp-content\/uploads\/2023\/06\/37-Recorrido-de-Arte-de-Jose-Gregorio-Hernandez-en-Caracas-El-Diario-Jose-Daniel-Ramos.jpg.webp 1600w, https:\/\/eldiario.com\/nitropack_static\/DWpklAePbJBFiBKvuTtiGMLbtJlHUqWt\/assets\/images\/optimized\/rev-4610e21\/eldiario.com\/wp-content\/uploads\/2023\/06\/37-Recorrido-de-Arte-de-Jose-Gregorio-Hernandez-en-Caracas-El-Diario-Jose-Daniel-Ramos-300x200.jpg.webp 300w, https:\/\/eldiario.com\/nitropack_static\/DWpklAePbJBFiBKvuTtiGMLbtJlHUqWt\/assets\/images\/optimized\/rev-4610e21\/eldiario.com\/wp-content\/uploads\/2023\/06\/37-Recorrido-de-Arte-de-Jose-Gregorio-Hernandez-en-Caracas-El-Diario-Jose-Daniel-Ramos-760x507.jpg.webp 760w, https:\/\/eldiario.com\/nitropack_static\/DWpklAePbJBFiBKvuTtiGMLbtJlHUqWt\/assets\/images\/optimized\/rev-4610e21\/eldiario.com\/wp-content\/uploads\/2023\/06\/37-Recorrido-de-Arte-de-Jose-Gregorio-Hernandez-en-Caracas-El-Diario-Jose-Daniel-Ramos-768x512.jpg.webp 768w, https:\/\/eldiario.com\/nitropack_static\/DWpklAePbJBFiBKvuTtiGMLbtJlHUqWt\/assets\/images\/optimized\/rev-4610e21\/eldiario.com\/wp-content\/uploads\/2023\/06\/37-Recorrido-de-Arte-de-Jose-Gregorio-Hernandez-en-Caracas-El-Diario-Jose-Daniel-Ramos-1536x1024.jpg.webp 1536w, https:\/\/eldiario.com\/nitropack_static\/DWpklAePbJBFiBKvuTtiGMLbtJlHUqWt\/assets\/images\/optimized\/rev-4610e21\/eldiario.com\/wp-content\/uploads\/2023\/06\/37-Recorrido-de-Arte-de-Jose-Gregorio-Hernandez-en-Caracas-El-Diario-Jose-Daniel-Ramos-150x100.jpg.webp 150w\" nitro-lazy-empty=\"\" id=\"ODAyOjEwMjE=-1\" srcset=\"data:image\/svg+xml;nitro-empty-id=ODAyOjEwMjE=-1;base64,PHN2ZyB2aWV3Qm94PSIwIDAgMTYwMCAxMDY3IiB3aWR0aD0iMTYwMCIgaGVpZ2h0PSIxMDY3IiB4bWxucz0iaHR0cDovL3d3dy53My5vcmcvMjAwMC9zdmciPjwvc3ZnPg==\"\/><img fetchpriority=\"high\" width=\"1600\" height=\"1067\" alt=\"Mural Jos\u00e9 Gregorio Hern\u00e1ndez Los Palos Grandes, Mural Jos\u00e9 Gregorio Hern\u00e1ndez Chacao Av. Francisco de Miranda, Estatua Jos\u00e9 Gregorio Hern\u00e1ndez Plaza La Candelaria, Mural Jos\u00e9 Gregorio Hern\u00e1ndez La Pastora, Cuadro Casa Jos\u00e9 Gregorio Hern\u00e1ndez La Pastora, Estatua Jos\u00e9 Gregorio Hern\u00e1ndez El Calvario, Mural Jos\u00e9 Gregorio Hern\u00e1ndez El Valle, Jos\u00e9 Gregorio Hern\u00e1ndez, Caracas, Recorrido de arte, Murales, Estatuas, Aniversario de fallecimiento, Monumentos, Patrimonio cultural, Arte urbano, Homenaje, Icono venezolano, Turismo cultural, Lugares hist\u00f3ricos, Paseo art\u00edstico, Legado de Jos\u00e9 Gregorio Hern\u00e1ndez, El Diario Jose Daniel Ramos\" sizes=\"(max-width: 1600px) 100vw, 1600px\" srcset=\"https:\/\/eldiario.com\/nitropack_static\/DWpklAePbJBFiBKvuTtiGMLbtJlHUqWt\/assets\/images\/optimized\/rev-4610e21\/eldiario.com\/wp-content\/uploads\/2023\/06\/37-Recorrido-de-Arte-de-Jose-Gregorio-Hernandez-en-Caracas-El-Diario-Jose-Daniel-Ramos.jpg 1600w, https:\/\/eldiario.com\/nitropack_static\/DWpklAePbJBFiBKvuTtiGMLbtJlHUqWt\/assets\/images\/optimized\/rev-4610e21\/eldiario.com\/wp-content\/uploads\/2023\/06\/37-Recorrido-de-Arte-de-Jose-Gregorio-Hernandez-en-Caracas-El-Diario-Jose-Daniel-Ramos-300x200.jpg 300w, https:\/\/eldiario.com\/nitropack_static\/DWpklAePbJBFiBKvuTtiGMLbtJlHUqWt\/assets\/images\/optimized\/rev-4610e21\/eldiario.com\/wp-content\/uploads\/2023\/06\/37-Recorrido-de-Arte-de-Jose-Gregorio-Hernandez-en-Caracas-El-Diario-Jose-Daniel-Ramos-760x507.jpg 760w, https:\/\/eldiario.com\/nitropack_static\/DWpklAePbJBFiBKvuTtiGMLbtJlHUqWt\/assets\/images\/optimized\/rev-4610e21\/eldiario.com\/wp-content\/uploads\/2023\/06\/37-Recorrido-de-Arte-de-Jose-Gregorio-Hernandez-en-Caracas-El-Diario-Jose-Daniel-Ramos-768x512.jpg 768w, https:\/\/eldiario.com\/nitropack_static\/DWpklAePbJBFiBKvuTtiGMLbtJlHUqWt\/assets\/images\/optimized\/rev-4610e21\/eldiario.com\/wp-content\/uploads\/2023\/06\/37-Recorrido-de-Arte-de-Jose-Gregorio-Hernandez-en-Caracas-El-Diario-Jose-Daniel-Ramos-1536x1024.jpg 1536w, https:\/\/eldiario.com\/nitropack_static\/DWpklAePbJBFiBKvuTtiGMLbtJlHUqWt\/assets\/images\/optimized\/rev-4610e21\/eldiario.com\/wp-content\/uploads\/2023\/06\/37-Recorrido-de-Arte-de-Jose-Gregorio-Hernandez-en-Caracas-El-Diario-Jose-Daniel-Ramos-150x100.jpg 150w\" src=\"https:\/\/eldiario.com\/nitropack_static\/DWpklAePbJBFiBKvuTtiGMLbtJlHUqWt\/assets\/images\/optimized\/rev-4610e21\/eldiario.com\/wp-content\/uploads\/2023\/06\/37-Recorrido-de-Arte-de-Jose-Gregorio-Hernandez-en-Caracas-El-Diario-Jose-Daniel-Ramos.jpg\" class=\"nitro-lazy\" decoding=\"async\" nitro-lazy-empty=\"\" id=\"ODAzOjE4NDA=-1\"\/> <\/picture><figcaption class=\"wp-element-caption\">Foto: Jos\u00e9 Daniel Ramos @danielj2511<\/figcaption><\/figure>\n<p>Desde La Pastora, donde se encuentra la <strong>Casa Museo Jos\u00e9 Gregorio Hern\u00e1ndez<\/strong>devotos se congregaron para celebrar el acto de canonizaci\u00f3n. <strong>\u201cYo estoy viva porque \u00e9l me salv\u00f3 la vida, mi Dr. Jos\u00e9 Gregorio Hern\u00e1ndez\u201d<\/strong>expres\u00f3 la ciudadana Luc\u00eda Mar\u00eda Perozo para el medio <em>Globovisi\u00f3n. <\/em><\/p>\n<p>Para la jornada del domingo, las misas mantienen el horario habitual: <strong>8:00 am, 10:00 am, 12:00 pm y 5:00 pm<\/strong>.<\/p>\n<p><em>M\u00e1s informaci\u00f3n en breve\u2026<\/em><\/p>\n<\/p><\/div>\n\n","protected":false},"excerpt":{"rendered":"<p>Miles de feligreses siguen en vivo desde Caracas la canonizaci\u00f3n del doctor Jos\u00e9 Gregorio Hern\u00e1ndez y la madre Carmen Rendiles, que comenz\u00f3 a las 4:00 am (hora de Venezuela) en el Vaticano. El Santuario de Nuestra Se\u00f1ora de La Candelaria hizo una vigilia para la madrugada del domingo 19 de octubre como parte de las &hellip;<\/p>\n","protected":false},"author":1,"featured_media":46326,"comment_status":"open","ping_status":"open","sticky":false,"template":"","format":"standard","meta":{"fifu_image_url":"https:\/\/eldiario.com\/wp-content\/uploads\/2025\/10\/03dc9e09c198fd43a417d460d9c62b0d4c5ecc2c.jpg","fifu_image_alt":"","footnotes":""},"categories":[4],"tags":[],"class_list":["post-46324","post","type-post","status-publish","format-standard","has-post-thumbnail","","category-historias-destacadas"],"_links":{"self":[{"href":"https:\/\/noticiasveraces.com\/index.php?rest_route=\/wp\/v2\/posts\/46324","targetHints":{"allow":["GET"]}}],"collection":[{"href":"https:\/\/noticiasveraces.com\/index.php?rest_route=\/wp\/v2\/posts"}],"about":[{"href":"https:\/\/noticiasveraces.com\/index.php?rest_route=\/wp\/v2\/types\/post"}],"author":[{"embeddable":true,"href":"https:\/\/noticiasveraces.com\/index.php?rest_route=\/wp\/v2\/users\/1"}],"replies":[{"embeddable":true,"href":"https:\/\/noticiasveraces.com\/index.php?rest_route=%2Fwp%2Fv2%2Fcomments&post=46324"}],"version-history":[{"count":0,"href":"https:\/\/noticiasveraces.com\/index.php?rest_route=\/wp\/v2\/posts\/46324\/revisions"}],"wp:featuredmedia":[{"embeddable":true,"href":"https:\/\/noticiasveraces.com\/index.php?rest_route=\/wp\/v2\/media\/46326"}],"wp:attachment":[{"href":"https:\/\/noticiasveraces.com\/index.php?rest_route=%2Fwp%2Fv2%2Fmedia&parent=46324"}],"wp:term":[{"taxonomy":"category","embeddable":true,"href":"https:\/\/noticiasveraces.com\/index.php?rest_route=%2Fwp%2Fv2%2Fcategories&post=46324"},{"taxonomy":"post_tag","embeddable":true,"href":"https:\/\/noticiasveraces.com\/index.php?rest_route=%2Fwp%2Fv2%2Ftags&post=46324"}],"curies":[{"name":"wp","href":"https:\/\/api.w.org\/{rel}","templated":true}]}}