{"id":46316,"date":"2025-10-19T01:40:03","date_gmt":"2025-10-19T05:40:03","guid":{"rendered":"https:\/\/noticiasveraces.com\/?p=46316"},"modified":"2025-10-19T01:40:03","modified_gmt":"2025-10-19T05:40:03","slug":"venezolanos-esperaran-en-vigilias-la-canonizacion-de-jose-gregorio-hernandez-y-carmen-rendiles","status":"publish","type":"post","link":"https:\/\/noticiasveraces.com\/?p=46316","title":{"rendered":"Venezolanos esperar\u00e1n en vigilias la canonizaci\u00f3n de Jos\u00e9 Gregorio Hern\u00e1ndez y Carmen Rendiles"},"content":{"rendered":"<p> \n<\/p>\n<div>\n<p>Desde la noche de este s\u00e1bado 18 de octubre, <strong>cientos de devotos en distintas parte del pa\u00eds aguardar\u00e1n en vigilias <\/strong>organizadas por la Iglesia cat\u00f3lica la <strong>canonizaci\u00f3n de Jos\u00e9 Gregorio Hern\u00e1ndez y Carmen Rendiles <\/strong>pautada para el domingo 19 de octubre a las 4:00 am hora de Venezuela. <\/p>\n<div class=\"ruby-table-contents rbtoc table-fw\">\n<ul class=\"toc-content h5\">\n<li>Vigilias en el interior del pa\u00eds<\/li>\n<li>Vigilia en Roma<\/li>\n<\/ul>\n<\/div>\n<p>La <strong>vigilia nacional de oraci\u00f3n <\/strong>convocada por la Arquidi\u00f3cesis de Caracas se realizar\u00e1 en diversas parroquias del pa\u00eds. Adem\u00e1s se espera que se proyecte en <strong>pantallas gigantes<\/strong> la ceremonia en vivo desde Roma a las 4:00 am, para que los fieles puedan participar en oraci\u00f3n y acompa\u00f1amiento.<\/p>\n<p>El Santuario de Nuestra Se\u00f1ora de La Candelaria, donde reposan los restos de Jos\u00e9 Gregorio Hern\u00e1ndez, ser\u00e1 una de las iglesias que se sumar\u00e1 a<strong> la vigilia desde las 12:00 am<\/strong> del domingo. Mientras que la <strong>iglesia de La Pastora abrir\u00e1 las puertas a los feligreses <\/strong>que asistan a la vigilia a las <strong>10:00 pm<\/strong> de este s\u00e1bado 18 de octubre. <\/p>\n<figure class=\"wp-block-image size-large is-resized\"><picture fetchpriority=\"high\" decoding=\"async\" class=\"wp-image-572848\" style=\"width:840px;height:auto;\"><source type=\"image\/webp\" sizes=\"(max-width: 760px) 100vw, 760px\" nitro-lazy-srcset=\"https:\/\/eldiario.com\/nitropack_static\/DWpklAePbJBFiBKvuTtiGMLbtJlHUqWt\/assets\/images\/optimized\/rev-4610e21\/eldiario.com\/wp-content\/uploads\/2023\/09\/Recorrido-por-la-plaza-la-candelaria-y-persona-de-tercera-edad-5--760x507.jpg.webp 760w, https:\/\/eldiario.com\/nitropack_static\/DWpklAePbJBFiBKvuTtiGMLbtJlHUqWt\/assets\/images\/optimized\/rev-4610e21\/eldiario.com\/wp-content\/uploads\/2023\/09\/Recorrido-por-la-plaza-la-candelaria-y-persona-de-tercera-edad-5--300x200.jpg.webp 300w, https:\/\/eldiario.com\/nitropack_static\/DWpklAePbJBFiBKvuTtiGMLbtJlHUqWt\/assets\/images\/optimized\/rev-4610e21\/eldiario.com\/wp-content\/uploads\/2023\/09\/Recorrido-por-la-plaza-la-candelaria-y-persona-de-tercera-edad-5--768x512.jpg.webp 768w, https:\/\/eldiario.com\/nitropack_static\/DWpklAePbJBFiBKvuTtiGMLbtJlHUqWt\/assets\/images\/optimized\/rev-4610e21\/eldiario.com\/wp-content\/uploads\/2023\/09\/Recorrido-por-la-plaza-la-candelaria-y-persona-de-tercera-edad-5--1536x1024.jpg.webp 1536w, https:\/\/eldiario.com\/nitropack_static\/DWpklAePbJBFiBKvuTtiGMLbtJlHUqWt\/assets\/images\/optimized\/rev-4610e21\/eldiario.com\/wp-content\/uploads\/2023\/09\/Recorrido-por-la-plaza-la-candelaria-y-persona-de-tercera-edad-5--150x100.jpg.webp 150w, https:\/\/eldiario.com\/nitropack_static\/DWpklAePbJBFiBKvuTtiGMLbtJlHUqWt\/assets\/images\/optimized\/rev-4610e21\/eldiario.com\/wp-content\/uploads\/2023\/09\/Recorrido-por-la-plaza-la-candelaria-y-persona-de-tercera-edad-5-.jpg.webp 1600w\" nitro-lazy-empty=\"\" id=\"ODAxOjg5Mw==-1\" srcset=\"data:image\/svg+xml;nitro-empty-id=ODAxOjg5Mw==-1;base64,PHN2ZyB2aWV3Qm94PSIwIDAgNzYwIDUwNyIgd2lkdGg9Ijc2MCIgaGVpZ2h0PSI1MDciIHhtbG5zPSJodHRwOi8vd3d3LnczLm9yZy8yMDAwL3N2ZyI+PC9zdmc+\"\/><img fetchpriority=\"high\" width=\"760\" height=\"507\" alt=\"Plaza la Candelar\u00eda Iglesia de Nuestra Se\u00f1ora de la Candelaria\" sizes=\"(max-width: 760px) 100vw, 760px\" srcset=\"https:\/\/eldiario.com\/nitropack_static\/DWpklAePbJBFiBKvuTtiGMLbtJlHUqWt\/assets\/images\/optimized\/rev-4610e21\/eldiario.com\/wp-content\/uploads\/2023\/09\/Recorrido-por-la-plaza-la-candelaria-y-persona-de-tercera-edad-5--760x507.jpg 760w, https:\/\/eldiario.com\/nitropack_static\/DWpklAePbJBFiBKvuTtiGMLbtJlHUqWt\/assets\/images\/optimized\/rev-4610e21\/eldiario.com\/wp-content\/uploads\/2023\/09\/Recorrido-por-la-plaza-la-candelaria-y-persona-de-tercera-edad-5--300x200.jpg 300w, https:\/\/eldiario.com\/nitropack_static\/DWpklAePbJBFiBKvuTtiGMLbtJlHUqWt\/assets\/images\/optimized\/rev-4610e21\/eldiario.com\/wp-content\/uploads\/2023\/09\/Recorrido-por-la-plaza-la-candelaria-y-persona-de-tercera-edad-5--768x512.jpg 768w, https:\/\/eldiario.com\/nitropack_static\/DWpklAePbJBFiBKvuTtiGMLbtJlHUqWt\/assets\/images\/optimized\/rev-4610e21\/eldiario.com\/wp-content\/uploads\/2023\/09\/Recorrido-por-la-plaza-la-candelaria-y-persona-de-tercera-edad-5--1536x1024.jpg 1536w, https:\/\/eldiario.com\/nitropack_static\/DWpklAePbJBFiBKvuTtiGMLbtJlHUqWt\/assets\/images\/optimized\/rev-4610e21\/eldiario.com\/wp-content\/uploads\/2023\/09\/Recorrido-por-la-plaza-la-candelaria-y-persona-de-tercera-edad-5--150x100.jpg 150w, https:\/\/eldiario.com\/nitropack_static\/DWpklAePbJBFiBKvuTtiGMLbtJlHUqWt\/assets\/images\/optimized\/rev-4610e21\/eldiario.com\/wp-content\/uploads\/2023\/09\/Recorrido-por-la-plaza-la-candelaria-y-persona-de-tercera-edad-5-.jpg 1600w\" src=\"https:\/\/eldiario.com\/nitropack_static\/DWpklAePbJBFiBKvuTtiGMLbtJlHUqWt\/assets\/images\/optimized\/rev-4610e21\/eldiario.com\/wp-content\/uploads\/2023\/09\/Recorrido-por-la-plaza-la-candelaria-y-persona-de-tercera-edad-5--760x507.jpg\" class=\"nitro-lazy\" decoding=\"async\" nitro-lazy-empty=\"\" id=\"ODAyOjExMDg=-1\"\/> <\/picture><figcaption class=\"wp-element-caption\">Foto: V\u00edctor Salazar @adrianproducer_<\/figcaption><\/figure>\n<p>En el municipio Chacao, la alcald\u00eda convoc\u00f3 a los feligreses a sumarse desde las 12:00 am del domingo a la vigilia en la <strong>plaza Bol\u00edvar de Chacao y la plaza Los Palos Grandes<\/strong>. <\/p>\n<h2 id=\"vigilias-en-el-interior-del-pais\" class=\"rb-heading-index-0-822890 wp-block-heading\"><strong>Vigilias en el interior del pa\u00eds <\/strong><\/h2>\n<p>En el<strong> Santuario Divino Ni\u00f1o de Isnot\u00fa, en el estado Trujillo<\/strong>tambi\u00e9n se realizar\u00e1 la vigilia a la que se espera asista una gran cantidad de devotos que han viajado a esa entidad, cuna de Jos\u00e9 Gregorio Hern\u00e1ndez, para celebrar su canonizaci\u00f3n. <\/p>\n<figure class=\"wp-block-image size-large\"><img loading=\"lazy\" width=\"1200\" height=\"802\" alt=\"Devotos viajaron hasta Isnot\u00fa para celebrar la canonizaci\u00f3n de Jos\u00e9 Gregorio Hern\u00e1ndez \" sizes=\"auto, (max-width: 1200px) 100vw, 1200px\" srcset=\"https:\/\/eldiario.com\/nitropack_static\/DWpklAePbJBFiBKvuTtiGMLbtJlHUqWt\/assets\/images\/optimized\/rev-4610e21\/eldiario.com\/wp-content\/uploads\/2025\/10\/IMG-6594-1200x802.png 1200w, https:\/\/eldiario.com\/nitropack_static\/DWpklAePbJBFiBKvuTtiGMLbtJlHUqWt\/assets\/images\/optimized\/rev-4610e21\/eldiario.com\/wp-content\/uploads\/2025\/10\/IMG-6594-300x200.png 300w, https:\/\/eldiario.com\/nitropack_static\/DWpklAePbJBFiBKvuTtiGMLbtJlHUqWt\/assets\/images\/optimized\/rev-4610e21\/eldiario.com\/wp-content\/uploads\/2025\/10\/IMG-6594-768x513.png 768w, https:\/\/eldiario.com\/nitropack_static\/DWpklAePbJBFiBKvuTtiGMLbtJlHUqWt\/assets\/images\/optimized\/rev-4610e21\/eldiario.com\/wp-content\/uploads\/2025\/10\/IMG-6594-1536x1026.png 1536w, https:\/\/eldiario.com\/nitropack_static\/DWpklAePbJBFiBKvuTtiGMLbtJlHUqWt\/assets\/images\/optimized\/rev-4610e21\/eldiario.com\/wp-content\/uploads\/2025\/10\/IMG-6594-330x220.png 330w, https:\/\/eldiario.com\/nitropack_static\/DWpklAePbJBFiBKvuTtiGMLbtJlHUqWt\/assets\/images\/optimized\/rev-4610e21\/eldiario.com\/wp-content\/uploads\/2025\/10\/IMG-6594-420x280.png 420w, https:\/\/eldiario.com\/nitropack_static\/DWpklAePbJBFiBKvuTtiGMLbtJlHUqWt\/assets\/images\/optimized\/rev-4610e21\/eldiario.com\/wp-content\/uploads\/2025\/10\/IMG-6594-615x410.png 615w, https:\/\/eldiario.com\/nitropack_static\/DWpklAePbJBFiBKvuTtiGMLbtJlHUqWt\/assets\/images\/optimized\/rev-4610e21\/eldiario.com\/wp-content\/uploads\/2025\/10\/IMG-6594-860x575.png 860w, https:\/\/eldiario.com\/nitropack_static\/DWpklAePbJBFiBKvuTtiGMLbtJlHUqWt\/assets\/images\/optimized\/rev-4610e21\/eldiario.com\/wp-content\/uploads\/2025\/10\/IMG-6594-150x100.png 150w, https:\/\/eldiario.com\/nitropack_static\/DWpklAePbJBFiBKvuTtiGMLbtJlHUqWt\/assets\/images\/optimized\/rev-4610e21\/eldiario.com\/wp-content\/uploads\/2025\/10\/IMG-6594.png 1600w\" src=\"https:\/\/eldiario.com\/nitropack_static\/DWpklAePbJBFiBKvuTtiGMLbtJlHUqWt\/assets\/images\/optimized\/rev-4610e21\/eldiario.com\/wp-content\/uploads\/2025\/10\/IMG-6594-1200x802.png\" class=\"wp-image-822885 nitro-lazy\" decoding=\"async\" nitro-lazy-empty=\"\" id=\"ODIyOjExMDI=-1\"\/><figcaption class=\"wp-element-caption\">Foto: Mauricio Villarreal<\/figcaption><\/figure>\n<p><strong>En el estado Lara, el templo de la <\/strong>parroquia Divino Ni\u00f1o de Barquisimeto abrir\u00e1 a las 10: 00 pm de este s\u00e1bado para la vigilia por la canonizaci\u00f3n de los nuevos santos venezolanos. Lo mismo ocurrir\u00e1 \u00a0en la <strong>Bas\u00edlica de Nuestra Se\u00f1ora de Chiquinquir\u00e1 en Maracaibo, estado Zulia. <\/strong><\/p>\n<p>En el estado Anzo\u00e1tegui la vigilia se realizar\u00e1 en varia iglesias, entre ellas en el <strong>templo Ermita El Carmen, en Barcelona y la iglesia Mar\u00eda Auxiliadora, en Lecher\u00eda, <\/strong>que abrir\u00e1n sus puertas a las 10:00 pm y 8:00 pm del s\u00e1bado, respectivamente. <\/p>\n<figure class=\"wp-block-image size-large\"><picture loading=\"lazy\" decoding=\"async\" class=\"wp-image-822683\"><source type=\"image\/webp\" sizes=\"auto, (max-width: 1200px) 100vw, 1200px\" nitro-lazy-srcset=\"https:\/\/eldiario.com\/nitropack_static\/DWpklAePbJBFiBKvuTtiGMLbtJlHUqWt\/assets\/images\/optimized\/rev-4610e21\/eldiario.com\/wp-content\/uploads\/2025\/10\/62966f2f12dc9a4271ef44ce4e27881e346f3f2b-1200x800.jpg.webp 1200w, https:\/\/eldiario.com\/nitropack_static\/DWpklAePbJBFiBKvuTtiGMLbtJlHUqWt\/assets\/images\/optimized\/rev-4610e21\/eldiario.com\/wp-content\/uploads\/2025\/10\/62966f2f12dc9a4271ef44ce4e27881e346f3f2b-300x200.jpg.webp 300w, https:\/\/eldiario.com\/nitropack_static\/DWpklAePbJBFiBKvuTtiGMLbtJlHUqWt\/assets\/images\/optimized\/rev-4610e21\/eldiario.com\/wp-content\/uploads\/2025\/10\/62966f2f12dc9a4271ef44ce4e27881e346f3f2b-768x512.jpg.webp 768w, https:\/\/eldiario.com\/nitropack_static\/DWpklAePbJBFiBKvuTtiGMLbtJlHUqWt\/assets\/images\/optimized\/rev-4610e21\/eldiario.com\/wp-content\/uploads\/2025\/10\/62966f2f12dc9a4271ef44ce4e27881e346f3f2b-1536x1024.jpg.webp 1536w, https:\/\/eldiario.com\/nitropack_static\/DWpklAePbJBFiBKvuTtiGMLbtJlHUqWt\/assets\/images\/optimized\/rev-4610e21\/eldiario.com\/wp-content\/uploads\/2025\/10\/62966f2f12dc9a4271ef44ce4e27881e346f3f2b-330x220.jpg.webp 330w, https:\/\/eldiario.com\/nitropack_static\/DWpklAePbJBFiBKvuTtiGMLbtJlHUqWt\/assets\/images\/optimized\/rev-4610e21\/eldiario.com\/wp-content\/uploads\/2025\/10\/62966f2f12dc9a4271ef44ce4e27881e346f3f2b-420x280.jpg.webp 420w, https:\/\/eldiario.com\/nitropack_static\/DWpklAePbJBFiBKvuTtiGMLbtJlHUqWt\/assets\/images\/optimized\/rev-4610e21\/eldiario.com\/wp-content\/uploads\/2025\/10\/62966f2f12dc9a4271ef44ce4e27881e346f3f2b-615x410.jpg.webp 615w, https:\/\/eldiario.com\/nitropack_static\/DWpklAePbJBFiBKvuTtiGMLbtJlHUqWt\/assets\/images\/optimized\/rev-4610e21\/eldiario.com\/wp-content\/uploads\/2025\/10\/62966f2f12dc9a4271ef44ce4e27881e346f3f2b-860x574.jpg.webp 860w, https:\/\/eldiario.com\/nitropack_static\/DWpklAePbJBFiBKvuTtiGMLbtJlHUqWt\/assets\/images\/optimized\/rev-4610e21\/eldiario.com\/wp-content\/uploads\/2025\/10\/62966f2f12dc9a4271ef44ce4e27881e346f3f2b-150x100.jpg.webp 150w, https:\/\/eldiario.com\/nitropack_static\/DWpklAePbJBFiBKvuTtiGMLbtJlHUqWt\/assets\/images\/optimized\/rev-4610e21\/eldiario.com\/wp-content\/uploads\/2025\/10\/62966f2f12dc9a4271ef44ce4e27881e346f3f2b.jpg.webp 1600w\" nitro-lazy-empty=\"\" id=\"ODM1OjEyMDE=-1\" srcset=\"data:image\/svg+xml;nitro-empty-id=ODM1OjEyMDE=-1;base64,PHN2ZyB2aWV3Qm94PSIwIDAgMTIwMCA4MDAiIHdpZHRoPSIxMjAwIiBoZWlnaHQ9IjgwMCIgeG1sbnM9Imh0dHA6Ly93d3cudzMub3JnLzIwMDAvc3ZnIj48L3N2Zz4=\"\/><img loading=\"lazy\" width=\"1200\" height=\"800\" alt=\"Canonizaci\u00f3n de Jos\u00e9 Gregorio Hern\u00e1ndez y Carmen Rendiles: \u00bfd\u00f3nde y cu\u00e1ndo ver la transmisi\u00f3n en vivo desde Venezuela?\" sizes=\"auto, (max-width: 1200px) 100vw, 1200px\" srcset=\"https:\/\/eldiario.com\/nitropack_static\/DWpklAePbJBFiBKvuTtiGMLbtJlHUqWt\/assets\/images\/optimized\/rev-4610e21\/eldiario.com\/wp-content\/uploads\/2025\/10\/62966f2f12dc9a4271ef44ce4e27881e346f3f2b-1200x800.jpg 1200w, https:\/\/eldiario.com\/nitropack_static\/DWpklAePbJBFiBKvuTtiGMLbtJlHUqWt\/assets\/images\/optimized\/rev-4610e21\/eldiario.com\/wp-content\/uploads\/2025\/10\/62966f2f12dc9a4271ef44ce4e27881e346f3f2b-300x200.jpg 300w, https:\/\/eldiario.com\/nitropack_static\/DWpklAePbJBFiBKvuTtiGMLbtJlHUqWt\/assets\/images\/optimized\/rev-4610e21\/eldiario.com\/wp-content\/uploads\/2025\/10\/62966f2f12dc9a4271ef44ce4e27881e346f3f2b-768x512.jpg 768w, https:\/\/eldiario.com\/nitropack_static\/DWpklAePbJBFiBKvuTtiGMLbtJlHUqWt\/assets\/images\/optimized\/rev-4610e21\/eldiario.com\/wp-content\/uploads\/2025\/10\/62966f2f12dc9a4271ef44ce4e27881e346f3f2b-1536x1024.jpg 1536w, https:\/\/eldiario.com\/nitropack_static\/DWpklAePbJBFiBKvuTtiGMLbtJlHUqWt\/assets\/images\/optimized\/rev-4610e21\/eldiario.com\/wp-content\/uploads\/2025\/10\/62966f2f12dc9a4271ef44ce4e27881e346f3f2b-330x220.jpg 330w, https:\/\/eldiario.com\/nitropack_static\/DWpklAePbJBFiBKvuTtiGMLbtJlHUqWt\/assets\/images\/optimized\/rev-4610e21\/eldiario.com\/wp-content\/uploads\/2025\/10\/62966f2f12dc9a4271ef44ce4e27881e346f3f2b-420x280.jpg 420w, https:\/\/eldiario.com\/nitropack_static\/DWpklAePbJBFiBKvuTtiGMLbtJlHUqWt\/assets\/images\/optimized\/rev-4610e21\/eldiario.com\/wp-content\/uploads\/2025\/10\/62966f2f12dc9a4271ef44ce4e27881e346f3f2b-615x410.jpg 615w, https:\/\/eldiario.com\/nitropack_static\/DWpklAePbJBFiBKvuTtiGMLbtJlHUqWt\/assets\/images\/optimized\/rev-4610e21\/eldiario.com\/wp-content\/uploads\/2025\/10\/62966f2f12dc9a4271ef44ce4e27881e346f3f2b-860x574.jpg 860w, https:\/\/eldiario.com\/nitropack_static\/DWpklAePbJBFiBKvuTtiGMLbtJlHUqWt\/assets\/images\/optimized\/rev-4610e21\/eldiario.com\/wp-content\/uploads\/2025\/10\/62966f2f12dc9a4271ef44ce4e27881e346f3f2b-150x100.jpg 150w, https:\/\/eldiario.com\/nitropack_static\/DWpklAePbJBFiBKvuTtiGMLbtJlHUqWt\/assets\/images\/optimized\/rev-4610e21\/eldiario.com\/wp-content\/uploads\/2025\/10\/62966f2f12dc9a4271ef44ce4e27881e346f3f2b.jpg 1600w\" src=\"https:\/\/eldiario.com\/nitropack_static\/DWpklAePbJBFiBKvuTtiGMLbtJlHUqWt\/assets\/images\/optimized\/rev-4610e21\/eldiario.com\/wp-content\/uploads\/2025\/10\/62966f2f12dc9a4271ef44ce4e27881e346f3f2b-1200x800.jpg\" class=\"nitro-lazy\" decoding=\"async\" nitro-lazy-empty=\"\" id=\"ODM2OjE0Mjg=-1\"\/> <\/picture><figcaption class=\"wp-element-caption\">Foto: EFE<\/figcaption><\/figure>\n<h2 id=\"vigilia-en-roma\" class=\"rb-heading-index-1-822890 wp-block-heading\"><strong>Vigilia en Roma<\/strong><\/h2>\n<p>La<strong> Iglesia Sagrado Coraz\u00f3n de Jes\u00fas en Roma, Italia, celebr\u00f3 este s\u00e1bado la vigilia<\/strong> en honor a la canonizaci\u00f3n de Jos\u00e9 Gregorio Hern\u00e1ndez y Carmen Rendiles. En el lugar, al que acudi\u00f3 una gran cantidad de feligreses venezolanos, tambi\u00e9n se realiz\u00f3 el concierto de<strong> gala de la Sinf\u00f3nica Nacional Infantil de Venezuela de El Sistema.<\/strong><\/p>\n<blockquote data-service=\"twitter\" data-category=\"marketing\" data-placeholder-image=\"https:\/\/eldiario.com\/wp-content\/plugins\/complianz-gdpr\/assets\/images\/placeholders\/twitter-minimal.jpg\" class=\"cmplz-placeholder-element twitter-tweet\" data-media-max-width=\"560\">\n<p lang=\"es\" dir=\"ltr\">Con la emotiva interpretaci\u00f3n de la Sinf\u00f3nica Nacional Infantil de Venezuela de <a href=\"https:\/\/twitter.com\/elsistema?ref_src=twsrc%5Etfw\">@elsistema<\/a>cierra la Vigilia de Oraci\u00f3n desde la Bas\u00edlica del Sagrado Coraz\u00f3n de Jes\u00fas en Roma. \u00a1Gracias por conectarte con <a href=\"https:\/\/twitter.com\/hashtag\/VALETV?src=hash&amp;ref_src=twsrc%5Etfw\">#VALETV<\/a>! <\/p>\n<p>Te esperamos ma\u00f1ana <a href=\"https:\/\/twitter.com\/hashtag\/19Oct?src=hash&amp;ref_src=twsrc%5Etfw\">#19 de octubre<\/a> desde las 4:00 a.m. hora Venezuela\u2026 <a href=\"https:\/\/t.co\/NankEned6v\">pic.twitter.com\/NankEned6v<\/a><\/p>\n<p>\u2014 VALE TV, Red Canal 5 (@ValeTVCanal5) <a href=\"https:\/\/twitter.com\/ValeTVCanal5\/status\/1979626580755304849?ref_src=twsrc%5Etfw\">18 de octubre de 2025<\/a><\/p><\/blockquote><\/div>\n<p><script async src=\"https:\/\/platform.twitter.com\/widgets.js\" charset=\"utf-8\"><\/script><br \/>\n<br \/>\n","protected":false},"excerpt":{"rendered":"<p>Desde la noche de este s\u00e1bado 18 de octubre, cientos de devotos en distintas parte del pa\u00eds aguardar\u00e1n en vigilias organizadas por la Iglesia cat\u00f3lica la canonizaci\u00f3n de Jos\u00e9 Gregorio Hern\u00e1ndez y Carmen Rendiles pautada para el domingo 19 de octubre a las 4:00 am hora de Venezuela. Vigilias en el interior del pa\u00eds Vigilia &hellip;<\/p>\n","protected":false},"author":1,"featured_media":46318,"comment_status":"open","ping_status":"open","sticky":false,"template":"","format":"standard","meta":{"fifu_image_url":"https:\/\/eldiario.com\/wp-content\/uploads\/2025\/10\/023b6cefda3c0db9089ee786f15346549af782f1.jpg","fifu_image_alt":"","footnotes":""},"categories":[13],"tags":[],"class_list":["post-46316","post","type-post","status-publish","format-standard","has-post-thumbnail","","category-mundo"],"_links":{"self":[{"href":"https:\/\/noticiasveraces.com\/index.php?rest_route=\/wp\/v2\/posts\/46316","targetHints":{"allow":["GET"]}}],"collection":[{"href":"https:\/\/noticiasveraces.com\/index.php?rest_route=\/wp\/v2\/posts"}],"about":[{"href":"https:\/\/noticiasveraces.com\/index.php?rest_route=\/wp\/v2\/types\/post"}],"author":[{"embeddable":true,"href":"https:\/\/noticiasveraces.com\/index.php?rest_route=\/wp\/v2\/users\/1"}],"replies":[{"embeddable":true,"href":"https:\/\/noticiasveraces.com\/index.php?rest_route=%2Fwp%2Fv2%2Fcomments&post=46316"}],"version-history":[{"count":0,"href":"https:\/\/noticiasveraces.com\/index.php?rest_route=\/wp\/v2\/posts\/46316\/revisions"}],"wp:featuredmedia":[{"embeddable":true,"href":"https:\/\/noticiasveraces.com\/index.php?rest_route=\/wp\/v2\/media\/46318"}],"wp:attachment":[{"href":"https:\/\/noticiasveraces.com\/index.php?rest_route=%2Fwp%2Fv2%2Fmedia&parent=46316"}],"wp:term":[{"taxonomy":"category","embeddable":true,"href":"https:\/\/noticiasveraces.com\/index.php?rest_route=%2Fwp%2Fv2%2Fcategories&post=46316"},{"taxonomy":"post_tag","embeddable":true,"href":"https:\/\/noticiasveraces.com\/index.php?rest_route=%2Fwp%2Fv2%2Ftags&post=46316"}],"curies":[{"name":"wp","href":"https:\/\/api.w.org\/{rel}","templated":true}]}}