{"id":46300,"date":"2025-10-18T23:38:02","date_gmt":"2025-10-19T03:38:02","guid":{"rendered":"https:\/\/noticiasveraces.com\/?p=46300"},"modified":"2025-10-18T23:38:02","modified_gmt":"2025-10-19T03:38:02","slug":"el-balon-en-la-cancha-del-fiscal-tarek-william-saab-correo-del-caroni","status":"publish","type":"post","link":"https:\/\/noticiasveraces.com\/?p=46300","title":{"rendered":"El bal\u00f3n en la cancha del fiscal Tarek William Saab \u2013 Correo del Caron\u00ed"},"content":{"rendered":"<p> \n<\/p>\n<div>\n<p><strong>@omarestacio<\/strong><\/p>\n<p>Gabriel Boric, presidente de Chile, sin ambages de ninguna especie, ha acusado al gobierno ileg\u00edtimo de Nicol\u00e1s Maduro, de la autor\u00eda material y la complicidad necesaria -hay quienes denominan a esta \u00faltima autor\u00eda intelectual- en los delitos de secuestro y ulterior asesinato del capit\u00e1n Ronald Ojeda Moreno, perpetrados el 21 de febrero del a\u00f1o pasado, en la capital de la referida naci\u00f3n hermana y austral.<\/p>\n<p>Sin ir m\u00e1s lejos -expres\u00f3 Boric en un evento celebrado en Roma, el mi\u00e9rcoles pasado, cuyo tema central eran los derechos humanos- en mi pa\u00eds tenemos el caso del asesinato de un exmilitar venezolano en el que, entre los sospechosos, se cuenta \u201cel mismo r\u00e9gimen del dictador Nicol\u00e1s Maduro, que rob\u00f3 las elecciones en su patria\u201d.<\/p>\n<p>La tiran\u00eda de marras tiene un sobrado prontuario en lo que se refiere a atentar contra opositores m\u00e1s all\u00e1 de sus l\u00edmites nacionales. Ocurri\u00f3 con los norteamericanos Eyvin Hern\u00e1ndez y Jerre Kenemore; con el tambi\u00e9n militar venezolano Franklin Alfredo Caldera, secuestrados cada uno por encargo, en diferentes fechas y circunstancias, en territorio colombiano; con los asesinatos frustrados la semana pasada de los activistas, compatriotas, Luis Peche y Yendri Vel\u00e1squez, en el extrarradio de Bogot\u00e1; con las grav\u00edsimas amenazas a lo largo de 2024 y lo que va de 2025, por igual, en territorio colombiano, contra los integrantes de la Misi\u00f3n Internacional Independiente de Determinaci\u00f3n de los Hechos sobre Venezuela de NN UU, quienes ante la negativa del desgobierno de Maduro de permitirles el ingreso a Venezuela se hab\u00edan visto obligados a cumplir sus delicadas funciones desde el hermano pa\u00eds. En esta misma columna hemos denunciado -pruebas al canto- la pr\u00e1ctica implantada desde Miraflores de simular ante Interpol, en la forma m\u00e1s maliciosa, el robo de los pasaportes de numerosos disidentes venezolanos residentes en el extranjero, de modo de anularles el elemental derecho a la identidad.<\/p>\n<p>Poco antes de la alocuci\u00f3n del presidente Boric, en espec\u00edfico, el 2 del presente octubre, H\u00e9ctor Barros, alt\u00edsimo funcionario del Ministerio P\u00fablico chileno y fiscal especial al frente de las investigaciones por la abducci\u00f3n y sicariato del capit\u00e1n Ojeda Moreno, hab\u00eda se\u00f1alado en entrevista transmitida por el canal <em>24 Horas<\/em> de TVN que entre los autores de tales cr\u00edmenes estaban altos cargos del r\u00e9gimen de Maduro, Diosdado Cabello, uno de \u00e9llos, quien habr\u00eda sido quien les pag\u00f3 a los homicidas por ejecutar semejante \u201ctrabajo\u201d.<\/p>\n<p>El fiscal Barros, adem\u00e1s, anunci\u00f3 que le solicitar\u00e1 <em>al efecto de todos<\/em> al Estado venezolano la captura y extradici\u00f3n a Chile de Cabello. No obstante, la Constituci\u00f3n venezolana proh\u00edbe el env\u00edo a pa\u00eds extranjero de sus nacionales sin importar la gravedad de los supuestos cr\u00edmenes que hayan cometido en el exterior.<\/p>\n<p>\u00bfSignifica esto \u00faltimo, que el se\u00f1or Cabello, supuesto coautor de felon\u00edas tan horrendas quedar\u00e1 impune?<\/p>\n<p>Rige en tales situaciones la m\u00e1xima <em>ya sea para dar o para juzgar<\/em> <strong><mark style=\"background-color:rgba(0, 0, 0, 0)\" class=\"has-inline-color has-luminous-vivid-amber-color\"><span style=\"text-decoration: underline;\">locuci\u00f3n latina<\/span><\/mark><\/strong>  que sintetiza el principio vigente en el Derecho Internacional contempor\u00e1neo, seg\u00fan el cual las autoridades venezolanas, en casos como el comentado, en el supuesto de no extraditar al presunto perpetrador, se encuentra comprometido a juzgarlo en sus instancias internas.<\/p>\n<p>El fiscal general de Venezuela, Tarek William Saab, est\u00e1 obligado a procesar tales atrocidades ante su propia Fiscal\u00eda General, a riesgo de convertirse en su encubridor (art\u00edculo 284 del C\u00f3digo Org\u00e1nico Procesal Penal venezolano).<\/p>\n<p>El cronista, desde hace mucho conoce a Saab y por lo mismo tiene la certeza que har\u00e1 lo que se debe, mayormente, ante un aliado (\u00bf?) que cada d\u00eda es un lastre m\u00e1s pesado, a\u00fan para un gobierno muy gamberro.<\/p>\n<p>A\u00f1os atr\u00e1s, no demasiados, cuando todav\u00eda no hab\u00eda sido forzado a marcharme de mi amada Venezuela, se lo advert\u00ed de manera p\u00fablica al se\u00f1or Cabello con motivo de los insultos que me prodig\u00f3 en su programa por la TV del Estado. Todo a causa de ejercer mi profesi\u00f3n como Dios manda: \u201cNo se meta con nosotros, los abogados, se\u00f1or Cabello, que usted pronto los va a necesitar\u201d.<\/p>\n<p>A veces, lo que la raz\u00f3n no consigue, lo consigue el tiempo.<\/p>\n<\/p><\/div>\n\n","protected":false},"excerpt":{"rendered":"<p>@omarestacio Gabriel Boric, presidente de Chile, sin ambages de ninguna especie, ha acusado al gobierno ileg\u00edtimo de Nicol\u00e1s Maduro, de la autor\u00eda material y la complicidad necesaria -hay quienes denominan a esta \u00faltima autor\u00eda intelectual- en los delitos de secuestro y ulterior asesinato del capit\u00e1n Ronald Ojeda Moreno, perpetrados el 21 de febrero del a\u00f1o &hellip;<\/p>\n","protected":false},"author":1,"featured_media":46301,"comment_status":"open","ping_status":"open","sticky":false,"template":"","format":"standard","meta":{"fifu_image_url":"https:\/\/correodelcaroni.com\/wp-content\/uploads\/2025\/10\/BALON_FiscalTarek.jpg","fifu_image_alt":"","footnotes":""},"categories":[13],"tags":[],"class_list":["post-46300","post","type-post","status-publish","format-standard","has-post-thumbnail","","category-mundo"],"_links":{"self":[{"href":"https:\/\/noticiasveraces.com\/index.php?rest_route=\/wp\/v2\/posts\/46300","targetHints":{"allow":["GET"]}}],"collection":[{"href":"https:\/\/noticiasveraces.com\/index.php?rest_route=\/wp\/v2\/posts"}],"about":[{"href":"https:\/\/noticiasveraces.com\/index.php?rest_route=\/wp\/v2\/types\/post"}],"author":[{"embeddable":true,"href":"https:\/\/noticiasveraces.com\/index.php?rest_route=\/wp\/v2\/users\/1"}],"replies":[{"embeddable":true,"href":"https:\/\/noticiasveraces.com\/index.php?rest_route=%2Fwp%2Fv2%2Fcomments&post=46300"}],"version-history":[{"count":0,"href":"https:\/\/noticiasveraces.com\/index.php?rest_route=\/wp\/v2\/posts\/46300\/revisions"}],"wp:featuredmedia":[{"embeddable":true,"href":"https:\/\/noticiasveraces.com\/index.php?rest_route=\/wp\/v2\/media\/46301"}],"wp:attachment":[{"href":"https:\/\/noticiasveraces.com\/index.php?rest_route=%2Fwp%2Fv2%2Fmedia&parent=46300"}],"wp:term":[{"taxonomy":"category","embeddable":true,"href":"https:\/\/noticiasveraces.com\/index.php?rest_route=%2Fwp%2Fv2%2Fcategories&post=46300"},{"taxonomy":"post_tag","embeddable":true,"href":"https:\/\/noticiasveraces.com\/index.php?rest_route=%2Fwp%2Fv2%2Ftags&post=46300"}],"curies":[{"name":"wp","href":"https:\/\/api.w.org\/{rel}","templated":true}]}}