{"id":46282,"date":"2025-10-18T21:44:04","date_gmt":"2025-10-19T01:44:04","guid":{"rendered":"https:\/\/noticiasveraces.com\/?p=46282"},"modified":"2025-10-18T21:44:04","modified_gmt":"2025-10-19T01:44:04","slug":"julio-nunez-periodista-el-diario-de-un-cura-pederasta-fue-como-la-piedra-rosetta-de-la-investigacion-de-los-abusos-en-la-iglesia-sociedad","status":"publish","type":"post","link":"https:\/\/noticiasveraces.com\/?p=46282","title":{"rendered":"Julio N\u00fa\u00f1ez, periodista: \u201cEl diario de un cura pederasta fue como la piedra Rosetta de la investigaci\u00f3n de los abusos en la Iglesia\u201d | Sociedad"},"content":{"rendered":"<p> \n<\/p>\n<div data-dtm-region=\"articulo_cuerpo\">\n<p class=\"\">Una ma\u00f1ana de octubre de 2022, con cara de emoci\u00f3n contenida, Julio N\u00fa\u00f1ez (Casar de C\u00e1ceres, 1990) apareci\u00f3 en su secci\u00f3n de Sociedad de EL PA\u00cdS con un mont\u00f3n de hojas en las manos. En la primera p\u00e1gina hab\u00eda una sola palabra impresa: \u201cHistoria\u201d. \u201cTrab\u00e1jatela bien, porque esta va a ser la historia de tu vida\u201d, le dijo un compa\u00f1ero. \u201cPiensa que todos estos a\u00f1os de investigaci\u00f3n han sido tu preparaci\u00f3n para contar esto\u201d. Aquellos folios conten\u00edan, en efecto, una historia alucinante. Los escritos personales del jesuita espa\u00f1ol Alfonso Pedrajas, el padre <i>Pica,<\/i> durante sus a\u00f1os en Bolivia. Era el diario de un cura pederasta. Pedrajas, consumido por la enfermedad, se lo confi\u00f3 a su novio en un viaje en coche por Bolivia, y el diario acab\u00f3 en un trastero de Madrid, donde lo descubri\u00f3 un sobrino del sacerdote, que decidi\u00f3 finalmente entreg\u00e1rselo al periodista. N\u00fa\u00f1ez, junto con su compa\u00f1ero \u00cd\u00f1igo Dom\u00ednguez, llevaba a\u00f1os investigando en EL PA\u00cdS la pederastia en la Iglesia espa\u00f1ola. Una de las investigaciones period\u00edsticas m\u00e1s importantes de la historia reciente de la prensa espa\u00f1ola, premiada con el Ortega y Gasset y a\u00fan en marcha. Despu\u00e9s de a\u00f1os de hablar con cientos de v\u00edctimas, el diario del padre Pica ofrec\u00eda algo nuevo: el punto de vista del agresor. Ah\u00ed contaba sus abusos sexuales. Su lucha contra una culpa que lo atormentaba. Pero tambi\u00e9n sus peticiones de ayuda desatendidas por sus superiores. Tras una extensa investigaci\u00f3n, EL PA\u00cdS public\u00f3 el 30 de abril de 2023 <i>Diario de un cura pederasta.<\/i><i> <\/i>Un reportaje, basado en los escritos de Pica, que caus\u00f3 un terremoto pol\u00edtico y social en Bolivia. All\u00ed viaj\u00f3 N\u00fa\u00f1ez despu\u00e9s para informar sobre aquello. Un viaje al encuentro con sus propios miedos, inseguridades y demonios. El viaje, el diario, las historias de las v\u00edctimas de Pedrajas, la de su novio, la de su sobrino. Historias todas extraordinarias que se entrelazan en el libro <i>Padre Pica,<\/i> que publica ahora Debate.<\/p>\n<p class=\"\"><b>Pregunta. <\/b>\u00bfQu\u00e9 supuso la llegada del diario del padre Pica en la investigaci\u00f3n sobre la pederastia en la Iglesia?<\/p>\n<p class=\"\"><b>Respuesta. <\/b>Fue como hallar la piedra Rosetta. Era la pieza del puzle que faltaba: la visi\u00f3n del pederasta. No solo cuenta c\u00f3mo vivi\u00f3 \u00e9l la situaci\u00f3n, sino que revela el <i>forma de trabajar<\/i> del encubrimiento en la Iglesia. Luego est\u00e1 la historia de c\u00f3mo lleg\u00f3 el diario a EL PA\u00cdS. El amante. El sobrino. Parece una novela. Es una historia en la que, a cada personaje, lo que le pas\u00f3 es alucinante. No hay lugar para ficcionar nada, y eso es incre\u00edble. Pero adem\u00e1s es una historia que contiene absolutamente todas las ramificaciones de la investigaci\u00f3n de los abusos. Tiene el ingrediente de los traslados de sacerdotes acusados, el de la relaci\u00f3n del pederasta con sus superiores, con los ni\u00f1os&#8230; Lo tiene todo. <\/p>\n<p class=\"\"><b>PAG. <\/b>Despu\u00e9s de a\u00f1os investigando los abusos a trav\u00e9s de las v\u00edctimas, se mete en el cerebro del agresor. \u00bfQu\u00e9 tipo de sentimientos afloran hacia esa persona? \u00bfFue diferente a lo que imagin\u00f3?<\/p>\n<p class=\"\"><b>r. <\/b>El diario te describe la vida de una persona, no solo los abusos que cometi\u00f3. En un principio puedes pensar que es un monstruo, pero en el fondo es algo m\u00e1s complejo. No digo que sea una buena persona, sino que en esas memorias llegas a conocer \u00edntimamente a una persona que ha cometido unos cr\u00edmenes atroces. No se siente orgullosa de eso, sino que se arrepiente. Pica pide ayuda a sus superiores y no le ayudan.<\/p>\n<p class=\"\"><b>PAG. <\/b>Se ha hablado mucho en los \u00faltimos tiempos sobre c\u00f3mo acercarse desde la escritura a los monstruos.<\/p>\n<p class=\"\"><b>r. <\/b>Debes contar la verdad. Si en el diario ves cierta humanidad en \u00e9l, tienes que contarlo. Pero creo que para acercarse a este tipo de agresores, m\u00e1s all\u00e1 de hacerlo a trav\u00e9s de sus escritos o su versi\u00f3n, hay que hacerlo a trav\u00e9s de sus v\u00edctimas. Para m\u00ed eso fue esencial. Pas\u00e9 horas hablando con ellos para que me dijeran c\u00f3mo era su relaci\u00f3n con \u00e9l. De esa manera, no cabe solo hacer un an\u00e1lisis exhaustivo propio, sino que deben hacerlo los dem\u00e1s. Para el libro he hablado con una veintena de v\u00edctimas y medio centenar de antiguos alumnos, y he le\u00eddo los informes psicol\u00f3gicos de una treintena de v\u00edctimas. <\/p>\n<p class=\"\"><b>PAG. <\/b>Hay un personaje clave que es el sobrino. Una persona que decide sacar a la luz los delitos de un familiar, un t\u00edo suyo al que admir\u00f3 toda su vida.<\/p>\n<p class=\"\"><b>r. <\/b>El papel de Fernando es un papel tambi\u00e9n \u00fanico en toda la investigaci\u00f3n de los abusos. Es posiblemente la postura m\u00e1s compleja y m\u00e1s dif\u00edcil. Un familiar que tiene en su mano no solo hacerle frente, sino que salga a la luz p\u00fablica. Enfrentarse a su familia, y a sus propios sentimientos. Tras leer el diario, ten\u00eda muy claro lo que hab\u00eda hecho su t\u00edo. Y su manera de focalizarlo eran las v\u00edctimas. Fernando quer\u00eda que se contara la verdad. Quer\u00eda que se supiese para que se hiciese justicia con las v\u00edctimas. Es clave en su historia que Fernando no solo entreg\u00f3 el diario a EL PA\u00cdS. Antes pidi\u00f3 ayuda a la orden y no le hicieron caso. <\/p>\n<p class=\"\"><b>PAG. <\/b>El libro aporta muchas claves nuevas sobre el encubrimiento a los curas pederastas, que es lo que convierte en algo excepcional los abusos en la iglesia. M\u00e1s all\u00e1 de individuos que abusaban, hab\u00eda una instituci\u00f3n que los proteg\u00eda y los encubr\u00eda.<\/p>\n<p class=\"\"><b>r. <\/b>El diario por primera vez nos permite acceder a las conversaciones entre el agresor y sus superiores. Pero adem\u00e1s, el terremoto medi\u00e1tico y pol\u00edtico que provoca en Bolivia la publicaci\u00f3n del reportaje en EL PA\u00cdS lleva a que haya una investigaci\u00f3n que permite entrar dentro de los archivos de la iglesia, cosa que en Espa\u00f1a no ha sucedido. En el libro aparece informaci\u00f3n de los archivos que, de otra manera, no habr\u00eda salido a la luz. Por primera vez accedemos al cruce de cartas de c\u00f3mo se gestiona eso. Hasta entonces pod\u00eda aparecer alguna carta, alguna referencia. Pero aqu\u00ed se ven procesos completos, de principio a final, de c\u00f3mo se traslada de Espa\u00f1a a Bolivia a un agresor para taparlo. Cartas desde el Vaticano de c\u00f3mo tienen que actuar, es decir, documentos confidenciales intervenidos en los que la curia general de los jesuitas dice como se debe actuar ante un caso de abusos. <\/p>\n<figure class=\"a_m a_m-h \"><span class=\"_db a_m_w _pr lb_btn\"><img decoding=\"auto\" class=\"_re lazyload a_m-h\" height=\"277\" srcset=\"https:\/\/imagenes.elpais.com\/resizer\/v2\/ZBK67OGQOVCG7G4W27EZ4XOOEM.jpg?auth=7717761a50f91d33632d3146647181c342ef1353b1d4e3d33f4c823ece934764&amp;width=414 414w,https:\/\/imagenes.elpais.com\/resizer\/v2\/ZBK67OGQOVCG7G4W27EZ4XOOEM.jpg?auth=7717761a50f91d33632d3146647181c342ef1353b1d4e3d33f4c823ece934764&amp;width=828 640w,https:\/\/imagenes.elpais.com\/resizer\/v2\/ZBK67OGQOVCG7G4W27EZ4XOOEM.jpg?auth=7717761a50f91d33632d3146647181c342ef1353b1d4e3d33f4c823ece934764&amp;width=980 1000w,https:\/\/imagenes.elpais.com\/resizer\/v2\/ZBK67OGQOVCG7G4W27EZ4XOOEM.jpg?auth=7717761a50f91d33632d3146647181c342ef1353b1d4e3d33f4c823ece934764&amp;width=1960 1960w\" width=\"414\" sizes=\"auto, (min-width:1199px) 1155px,(min-width:1001px) calc(100vw - 44px),(min-width:768px) 767px, 100vw\" src=\"https:\/\/imagenes.elpais.com\/resizer\/v2\/ZBK67OGQOVCG7G4W27EZ4XOOEM.jpg?auth=7717761a50f91d33632d3146647181c342ef1353b1d4e3d33f4c823ece934764&amp;width=414\" loading=\"lazy\"\/><svg aria-hidden=\"true\" class=\"icon_multimedia_ampliar | _pa a_m_i a_m_i-a _dn\" viewbox=\"0 0 40 40\"><use xlink:href=\"#svg-ampliar\"\/><\/svg><\/span><figcaption class=\"a_m_p\" aria-hidden=\"true\"><span>N\u00fa\u00f1ez, autor del libro &#8216;Padre Pica&#8217;.<\/span><span class=\"a_m_m\">Carlos Rosillo<\/span><\/figcaption><\/figure>\n<p class=\"\"><b>PAG. <\/b>Otro desaf\u00edo era introducirse usted mismo en la historia. Ese viaje a Bolivia y c\u00f3mo convive un periodista joven como usted con la enorme repercusi\u00f3n, pol\u00edtica y social, de algo que ha escrito.<\/p>\n<p class=\"\"><b>r. <\/b>Cuando llegu\u00e9 a Bolivia vi que lo que suced\u00eda era muy grande. Lo que hab\u00edamos tardado a\u00f1os en conseguir en Espa\u00f1a, que las instituciones actuaran, en Bolivia sucedi\u00f3 en una semana. Cuando tuve que escribir sobre mi viaje en el libro, me enfrent\u00e9 a una disyuntiva. Pod\u00eda contar solo la investigaci\u00f3n o pod\u00eda contar lo que yo sent\u00eda, algo que no se puede hacer en art\u00edculos period\u00edsticos. Pero llevo a\u00f1os enfrent\u00e1ndome a c\u00f3mo se sienten las v\u00edctimas y c\u00f3mo se abren en canal, y me pareci\u00f3 muy injusto no hablar de c\u00f3mo me sent\u00eda yo. <\/p>\n<p class=\"\"><b>PAG.<\/b> Ha dedicado casi toda su carrera a esta investigaci\u00f3n. \u00bfLo volver\u00eda a hacer?<\/p>\n<p class=\"\"><b>r.<\/b> Me lo pregunto a menudo. No s\u00e9 si lo volver\u00eda a hacer. Ha sido muy duro. S\u00e9 que se ten\u00eda que investigar. No cabe duda. Pero no s\u00e9 si mi vida habr\u00eda sido mejor si no lo hubiera hecho, en cuanto a mi salud mental. No me arrepiento. Pero no es escribir sobre un tema, es ya ver el mundo de una determinada manera, que es el abuso en la infancia. Una lacra en la iglesia, pero que en la sociedad est\u00e1 muy extendido. He sufrido mucho. Pero aqu\u00ed estoy y aqu\u00ed seguir\u00e9. <\/p>\n<p class=\"\"><b>PAG. <\/b>\u00bfEs posible distanciarse como periodista de todo esto?<\/p>\n<p class=\"\"><b>r. <\/b>Cuando te sientas a escribir tienes que tener una coraza, tienes que ser profesional. El problema es cuando te levantas de la silla y tienes que seguir tu d\u00eda a d\u00eda, ir a la compra\u2026 Porque eso te persigue. Es como si un d\u00eda te das una ducha y ya jam\u00e1s puedes volver a secarte. Y esa humedad te sigue acompa\u00f1ando cada d\u00eda.<\/p>\n<\/div>\n\n","protected":false},"excerpt":{"rendered":"<p>Una ma\u00f1ana de octubre de 2022, con cara de emoci\u00f3n contenida, Julio N\u00fa\u00f1ez (Casar de C\u00e1ceres, 1990) apareci\u00f3 en su secci\u00f3n de Sociedad de EL PA\u00cdS con un mont\u00f3n de hojas en las manos. En la primera p\u00e1gina hab\u00eda una sola palabra impresa: \u201cHistoria\u201d. \u201cTrab\u00e1jatela bien, porque esta va a ser la historia de tu &hellip;<\/p>\n","protected":false},"author":1,"featured_media":46283,"comment_status":"open","ping_status":"open","sticky":false,"template":"","format":"standard","meta":{"fifu_image_url":"https:\/\/imagenes.elpais.com\/resizer\/v2\/MISFWX4M5JC2PGW3DKVTAOPDMQ.jpg?auth=9364a2098f79c3fbeef057423a1523fbfc3f01ad6a7d6f26af27877a03737b56&width=1200","fifu_image_alt":"","footnotes":""},"categories":[11],"tags":[],"class_list":["post-46282","post","type-post","status-publish","format-standard","has-post-thumbnail","","category-viaje"],"_links":{"self":[{"href":"https:\/\/noticiasveraces.com\/index.php?rest_route=\/wp\/v2\/posts\/46282","targetHints":{"allow":["GET"]}}],"collection":[{"href":"https:\/\/noticiasveraces.com\/index.php?rest_route=\/wp\/v2\/posts"}],"about":[{"href":"https:\/\/noticiasveraces.com\/index.php?rest_route=\/wp\/v2\/types\/post"}],"author":[{"embeddable":true,"href":"https:\/\/noticiasveraces.com\/index.php?rest_route=\/wp\/v2\/users\/1"}],"replies":[{"embeddable":true,"href":"https:\/\/noticiasveraces.com\/index.php?rest_route=%2Fwp%2Fv2%2Fcomments&post=46282"}],"version-history":[{"count":0,"href":"https:\/\/noticiasveraces.com\/index.php?rest_route=\/wp\/v2\/posts\/46282\/revisions"}],"wp:featuredmedia":[{"embeddable":true,"href":"https:\/\/noticiasveraces.com\/index.php?rest_route=\/wp\/v2\/media\/46283"}],"wp:attachment":[{"href":"https:\/\/noticiasveraces.com\/index.php?rest_route=%2Fwp%2Fv2%2Fmedia&parent=46282"}],"wp:term":[{"taxonomy":"category","embeddable":true,"href":"https:\/\/noticiasveraces.com\/index.php?rest_route=%2Fwp%2Fv2%2Fcategories&post=46282"},{"taxonomy":"post_tag","embeddable":true,"href":"https:\/\/noticiasveraces.com\/index.php?rest_route=%2Fwp%2Fv2%2Ftags&post=46282"}],"curies":[{"name":"wp","href":"https:\/\/api.w.org\/{rel}","templated":true}]}}