{"id":46264,"date":"2025-10-18T17:54:06","date_gmt":"2025-10-18T21:54:06","guid":{"rendered":"https:\/\/noticiasveraces.com\/?p=46264"},"modified":"2025-10-18T17:54:06","modified_gmt":"2025-10-18T21:54:06","slug":"cuba-concluye-la-liberacion-de-553-presos-tras-la-intermediacion-del-vaticano","status":"publish","type":"post","link":"https:\/\/noticiasveraces.com\/?p=46264","title":{"rendered":"Cuba concluye la liberaci\u00f3n de 553 presos tras la intermediaci\u00f3n del Vaticano"},"content":{"rendered":"<p> \n<br \/><img decoding=\"async\" src=\"https:\/\/gdb.voanews.com\/064399fd-7fa2-4b1e-82cb-d08d03670ecd_w800_h450.jpg\" \/><\/p>\n<div id=\"article-content\">\n<div class=\"wsw\">\n<span class=\"dateline\">LA HABANA \u2014 <\/span><\/p>\n<p>El m\u00e1ximo tribunal de Cuba dijo a \u00faltima hora del lunes que 553 presos hab\u00edan sido liberados tras un acuerdo negociado por el Vaticano que parec\u00eda en el limbo despu\u00e9s de que el presidente de Estados Unidos, Donald Trump, revocara una promesa del gobierno de Biden de aliviar las sanciones al pa\u00eds.<\/p>\n<p>El expresidente Joe Biden <em><strong>acord\u00f3 en enero retirar a Cuba de una lista negra de terrorismo de Estados Unidos<\/strong><\/em>  a cambio de la liberaci\u00f3n de prisioneros en negociaciones con la Iglesia cat\u00f3lica.<\/p>\n<p>Trump rescindi\u00f3 el acuerdo de Biden al asumir el cargo, volviendo a incluir a Cuba en la lista, castigando a la isla con nuevas sanciones e impulsando a su gobierno comunista a suspender temporalmente la liberaci\u00f3n de prisioneros.<\/p>\n<p>Pero medios estatales cubanos dijeron en el noticiero nocturno de televisi\u00f3n del lunes que las autoridades judiciales hab\u00edan confirmado la \u00abliberaci\u00f3n anticipada\u00bb de 553 prisioneros.<\/p>\n<p>Grupos de derechos humanos comenzaron a informar de un nuevo goteo de presos liberados de las c\u00e1rceles de la isla la semana pasada, a pesar de la decisi\u00f3n de Trump de retirarse del acuerdo de Biden. Los grupos, sin embargo, dijeron que algunos de los liberados parec\u00edan ser delincuentes comunes.<\/p>\n<p><em><strong>\u00a1Con\u00e9ctate con la Voz de Am\u00e9rica! Suscr\u00edbete a nuestros canales de <\/strong><\/em><em><strong>YouTube<\/strong><\/em><em><strong>, <\/strong><\/em><em><strong>WhatsApp<\/strong><\/em><em><strong>  y al <\/strong><\/em><em><strong>hoja informativa<\/strong><\/em><em><strong>. Activa las notificaciones y s\u00edguenos en <\/strong><\/em><em><strong>Facebook<\/strong><\/em><em><strong>, <\/strong><\/em><a class=\"wsw__a\" href=\"https:\/\/nam10.safelinks.protection.outlook.com\/?url=https%3A%2F%2Ftwitter.com%2FVozdeAmerica&amp;data=05%7C02%7Cwserrano%40voanews.com%7C0b9cfda59f52447b0ed708dc07d64451%7Cba99e87c673541c2b1c1354eee3a8659%7C0%7C0%7C638393864063639904%7CUnknown%7CTWFpbGZsb3d8eyJWIjoiMC4wLjAwMDAiLCJQIjoiV2luMzIiLCJBTiI6Ik1haWwiLCJXVCI6Mn0%3D%7C3000%7C%7C%7C&amp;sdata=unLJDFixL8cjTiSip1dC8ViP8otjrQyzq1ziP2g1PMo%3D&amp;reserved=0\"><em><strong>inc\u00f3gnita<\/strong><\/em><\/a><em><strong>  mi <\/strong><\/em><em><strong>Instagram<\/strong><\/em><em><strong>.<\/strong><\/em><\/p>\n<\/div>\n<\/div>\n<p><script async src=\"https:\/\/platform.twitter.com\/widgets.js\" charset=\"utf-8\"><\/script><script async src=\"\/\/www.instagram.com\/embed.js\"><\/script><br \/>\n<br \/>\n","protected":false},"excerpt":{"rendered":"<p>LA HABANA \u2014 El m\u00e1ximo tribunal de Cuba dijo a \u00faltima hora del lunes que 553 presos hab\u00edan sido liberados tras un acuerdo negociado por el Vaticano que parec\u00eda en el limbo despu\u00e9s de que el presidente de Estados Unidos, Donald Trump, revocara una promesa del gobierno de Biden de aliviar las sanciones al pa\u00eds. &hellip;<\/p>\n","protected":false},"author":1,"featured_media":46266,"comment_status":"open","ping_status":"open","sticky":false,"template":"","format":"standard","meta":{"fifu_image_url":"https:\/\/gdb.voanews.com\/064399fd-7fa2-4b1e-82cb-d08d03670ecd_w1200_h630.jpg","fifu_image_alt":"","footnotes":""},"categories":[13],"tags":[],"class_list":["post-46264","post","type-post","status-publish","format-standard","has-post-thumbnail","","category-mundo"],"_links":{"self":[{"href":"https:\/\/noticiasveraces.com\/index.php?rest_route=\/wp\/v2\/posts\/46264","targetHints":{"allow":["GET"]}}],"collection":[{"href":"https:\/\/noticiasveraces.com\/index.php?rest_route=\/wp\/v2\/posts"}],"about":[{"href":"https:\/\/noticiasveraces.com\/index.php?rest_route=\/wp\/v2\/types\/post"}],"author":[{"embeddable":true,"href":"https:\/\/noticiasveraces.com\/index.php?rest_route=\/wp\/v2\/users\/1"}],"replies":[{"embeddable":true,"href":"https:\/\/noticiasveraces.com\/index.php?rest_route=%2Fwp%2Fv2%2Fcomments&post=46264"}],"version-history":[{"count":0,"href":"https:\/\/noticiasveraces.com\/index.php?rest_route=\/wp\/v2\/posts\/46264\/revisions"}],"wp:featuredmedia":[{"embeddable":true,"href":"https:\/\/noticiasveraces.com\/index.php?rest_route=\/wp\/v2\/media\/46266"}],"wp:attachment":[{"href":"https:\/\/noticiasveraces.com\/index.php?rest_route=%2Fwp%2Fv2%2Fmedia&parent=46264"}],"wp:term":[{"taxonomy":"category","embeddable":true,"href":"https:\/\/noticiasveraces.com\/index.php?rest_route=%2Fwp%2Fv2%2Fcategories&post=46264"},{"taxonomy":"post_tag","embeddable":true,"href":"https:\/\/noticiasveraces.com\/index.php?rest_route=%2Fwp%2Fv2%2Ftags&post=46264"}],"curies":[{"name":"wp","href":"https:\/\/api.w.org\/{rel}","templated":true}]}}