{"id":46241,"date":"2025-10-18T14:43:45","date_gmt":"2025-10-18T18:43:45","guid":{"rendered":"https:\/\/noticiasveraces.com\/?p=46241"},"modified":"2025-10-18T14:43:45","modified_gmt":"2025-10-18T18:43:45","slug":"evo-morales-ambos-candidatos-estan-sometidos-al-imperio-norteamericano","status":"publish","type":"post","link":"https:\/\/noticiasveraces.com\/?p=46241","title":{"rendered":"Evo Morales: \u00abAmbos candidatos est\u00e1n sometidos al imperio norteamericano\u00bb"},"content":{"rendered":"<p> \n<\/p>\n<div data-article-content=\"\">\n<div class=\"t-content__main-media\">\n<figure class=\"m-item-image m-item-image--16x9 m-item-image--has-caption\">\n<picture class=\"a-picture a-picture--16x9\"><source type=\"image\/webp\" srcset=\"https:\/\/s.france24.com\/media\/display\/664c2236-7bdc-11f0-aace-005056a90284\/w:388\/p:16x9\/19f089e209fc7067398f792beb7575a2fe33c35a.webp 388w,https:\/\/s.france24.com\/media\/display\/664c2236-7bdc-11f0-aace-005056a90284\/w:720\/p:16x9\/19f089e209fc7067398f792beb7575a2fe33c35a.webp 720w,https:\/\/s.france24.com\/media\/display\/664c2236-7bdc-11f0-aace-005056a90284\/w:1024\/p:16x9\/19f089e209fc7067398f792beb7575a2fe33c35a.webp 1024w,https:\/\/s.france24.com\/media\/display\/664c2236-7bdc-11f0-aace-005056a90284\/w:1280\/p:16x9\/19f089e209fc7067398f792beb7575a2fe33c35a.webp 1280w\" sizes=\"(max-width: 1076px) 100vw, 1012px\"><img decoding=\"async\" fetchpriority=\"high\" src=\"https:\/\/s.france24.com\/media\/display\/664c2236-7bdc-11f0-aace-005056a90284\/w:1280\/p:16x9\/19f089e209fc7067398f792beb7575a2fe33c35a.jpg\" srcset=\"https:\/\/s.france24.com\/media\/display\/664c2236-7bdc-11f0-aace-005056a90284\/w:388\/p:16x9\/19f089e209fc7067398f792beb7575a2fe33c35a.jpg 388w,https:\/\/s.france24.com\/media\/display\/664c2236-7bdc-11f0-aace-005056a90284\/w:720\/p:16x9\/19f089e209fc7067398f792beb7575a2fe33c35a.jpg 720w,https:\/\/s.france24.com\/media\/display\/664c2236-7bdc-11f0-aace-005056a90284\/w:1024\/p:16x9\/19f089e209fc7067398f792beb7575a2fe33c35a.jpg 1024w,https:\/\/s.france24.com\/media\/display\/664c2236-7bdc-11f0-aace-005056a90284\/w:1280\/p:16x9\/19f089e209fc7067398f792beb7575a2fe33c35a.jpg 1280w\" sizes=\"(max-width: 1076px) 100vw, 1012px\" width=\"1280\" height=\"720\" alt=\"En esta foto de archivo el expresidente de Bolivia Evo Morales sale luego de votar este domingo, en el centro de votaci\u00f3n Escuela Villa 14, municipio de Villa Tunari (Bolivia).\" loading=\"eager\" class=\"a-img \"\/><\/source><\/picture><figcaption class=\"a-figcaption\">\n                <span>En esta foto de archivo el expresidente de Bolivia Evo Morales sale luego de votar este domingo, en el centro de votaci\u00f3n Escuela Villa 14, municipio de Villa Tunari (Bolivia).<\/span>                <span>\u00a9Rodrigo Sura, EFE<\/span>            <\/figcaption><\/figure>\n<\/p><\/div>\n<div class=\"t-content__metadata\">\n<div class=\"t-content__dates\">\n<p class=\"m-pub-dates\"><span class=\"m-pub-dates__date\">Primera modificaci\u00f3n: <time datetime=\"2025-10-18T14:42:12+00:00\" pubdate=\"pubdate\">18\/10\/2025 &#8211; 16:42<\/time><\/span><\/p>\n<\/p><\/div>\n<\/p><\/div>\n<p>Viene del show<\/p>\n<p>                        <i class=\"a-svg a-svg--icon-caret-right\"\/><\/p>\n<picture class=\"a-picture a-picture--original\">\n    <img decoding=\"async\" fetchpriority=\"low\" src=\"https:\/\/s.france24.com\/media\/display\/965c5dd2-1037-11ee-a14a-005056bf30b7\/ES-la-entrevista.svg\" srcset=\"https:\/\/s.france24.com\/media\/display\/965c5dd2-1037-11ee-a14a-005056bf30b7\/ES-la-entrevista.svg\" alt=\"La Entrevista\" loading=\"lazy\" class=\"a-img  a-img--svg\"\/><\/picture>\n<p>\n                        <span class=\"a-svg a-svg--icon-clock\"\/><br \/>\n                        <span class=\"t-content__reading-time__label\">Tiempo de lectura<\/span><br \/>\n                        1 minuto<\/p>\n<p class=\"t-content__chapo\">\n<p>                                                Bolivia enfrenta este domingo la segunda vuelta electoral entre dos candidatos de derecha: Rodrigo Paz y Jorge &#8216;Tuto&#8217; Quiroga. Uno de ellos ser\u00e1 el primer presidente electo de derecha tras 20 a\u00f1os de gobierno de un Movimiento al Socialismo (MAS) venido a menos luego del mandato del saliente Luis Arce, que deja al pa\u00eds sumido en una grave crisis. En ese contexto hablamos con el expresidente Evo Morales, que en primera vuelta llam\u00f3 a un voto nulo, el cual alcanz\u00f3 casi el 20% de los sufragios.                    <\/p>\n<div class=\"t-content__authors\">\n<div class=\"m-from-author\">\n                    <span class=\"m-from-author__by-label\"><\/p>\n<p>                Por:<br \/>\n            <\/span><\/p>\n<div class=\"m-author m-author--small m-author--has-image\">\n<div class=\"m-author__image\">\n<picture class=\"a-picture a-picture--1x1\"><source type=\"image\/webp\" srcset=\"https:\/\/s.france24.com\/media\/display\/88de3c52-e78b-11ef-a2e9-005056bf30b7\/w:177\/p:1x1\/logo_france24_RVB-circlesafe.webp 177w,https:\/\/s.france24.com\/media\/display\/88de3c52-e78b-11ef-a2e9-005056bf30b7\/w:388\/p:1x1\/logo_france24_RVB-circlesafe.webp 388w\" sizes=\"(max-width: 639px) 100px, 170px\"><img decoding=\"async\" fetchpriority=\"low\" src=\"https:\/\/s.france24.com\/media\/display\/88de3c52-e78b-11ef-a2e9-005056bf30b7\/w:388\/p:1x1\/logo_france24_RVB-circlesafe.png\" srcset=\"https:\/\/s.france24.com\/media\/display\/88de3c52-e78b-11ef-a2e9-005056bf30b7\/w:177\/p:1x1\/logo_france24_RVB-circlesafe.png 177w,https:\/\/s.france24.com\/media\/display\/88de3c52-e78b-11ef-a2e9-005056bf30b7\/w:388\/p:1x1\/logo_france24_RVB-circlesafe.png 388w\" sizes=\"auto, (max-width: 639px) 100px, 170px\" width=\"388\" height=\"388\" alt=\"Logotipo de Francia 24\" loading=\"lazy\" class=\"a-img \"\/><\/source><\/picture>\n                        <\/div>\n<\/p><\/div>\n<\/p><\/div>\n<\/p><\/div>\n<\/p><\/div>\n\n","protected":false},"excerpt":{"rendered":"<p>En esta foto de archivo el expresidente de Bolivia Evo Morales sale luego de votar este domingo, en el centro de votaci\u00f3n Escuela Villa 14, municipio de Villa Tunari (Bolivia). \u00a9Rodrigo Sura, EFE Primera modificaci\u00f3n: 18\/10\/2025 &#8211; 16:42 Viene del show Tiempo de lectura 1 minuto Bolivia enfrenta este domingo la segunda vuelta electoral entre &hellip;<\/p>\n","protected":false},"author":1,"featured_media":46243,"comment_status":"open","ping_status":"open","sticky":false,"template":"","format":"standard","meta":{"fifu_image_url":"https:\/\/s.france24.com\/media\/display\/664c2236-7bdc-11f0-aace-005056a90284\/w:1280\/p:16x9\/19f089e209fc7067398f792beb7575a2fe33c35a.jpg","fifu_image_alt":"","footnotes":""},"categories":[13],"tags":[],"class_list":["post-46241","post","type-post","status-publish","format-standard","has-post-thumbnail","","category-mundo"],"_links":{"self":[{"href":"https:\/\/noticiasveraces.com\/index.php?rest_route=\/wp\/v2\/posts\/46241","targetHints":{"allow":["GET"]}}],"collection":[{"href":"https:\/\/noticiasveraces.com\/index.php?rest_route=\/wp\/v2\/posts"}],"about":[{"href":"https:\/\/noticiasveraces.com\/index.php?rest_route=\/wp\/v2\/types\/post"}],"author":[{"embeddable":true,"href":"https:\/\/noticiasveraces.com\/index.php?rest_route=\/wp\/v2\/users\/1"}],"replies":[{"embeddable":true,"href":"https:\/\/noticiasveraces.com\/index.php?rest_route=%2Fwp%2Fv2%2Fcomments&post=46241"}],"version-history":[{"count":0,"href":"https:\/\/noticiasveraces.com\/index.php?rest_route=\/wp\/v2\/posts\/46241\/revisions"}],"wp:featuredmedia":[{"embeddable":true,"href":"https:\/\/noticiasveraces.com\/index.php?rest_route=\/wp\/v2\/media\/46243"}],"wp:attachment":[{"href":"https:\/\/noticiasveraces.com\/index.php?rest_route=%2Fwp%2Fv2%2Fmedia&parent=46241"}],"wp:term":[{"taxonomy":"category","embeddable":true,"href":"https:\/\/noticiasveraces.com\/index.php?rest_route=%2Fwp%2Fv2%2Fcategories&post=46241"},{"taxonomy":"post_tag","embeddable":true,"href":"https:\/\/noticiasveraces.com\/index.php?rest_route=%2Fwp%2Fv2%2Ftags&post=46241"}],"curies":[{"name":"wp","href":"https:\/\/api.w.org\/{rel}","templated":true}]}}