{"id":46222,"date":"2025-10-18T11:37:38","date_gmt":"2025-10-18T15:37:38","guid":{"rendered":"https:\/\/noticiasveraces.com\/?p=46222"},"modified":"2025-10-18T11:37:38","modified_gmt":"2025-10-18T15:37:38","slug":"papa-leon-xiv-recibio-al-obispo-de-la-diocesis-de-guarenas","status":"publish","type":"post","link":"https:\/\/noticiasveraces.com\/?p=46222","title":{"rendered":"Papa Le\u00f3n XIV\u00a0recibi\u00f3 al obispo de la Di\u00f3cesis de Guarenas"},"content":{"rendered":"<p> \n<\/p>\n<div>\n<p>En un significativo gesto de comuni\u00f3n eclesial, el Papa Le\u00f3n XIV recibi\u00f3 en audiencia privada a Monse\u00f1or Tulio Ram\u00edrez Padilla, Obispo de la Di\u00f3cesis de Guarenas.<\/p>\n<p>El encuentro, realizado en la sede apost\u00f3lica, tuvo como objetivo fortalecer los lazos entre la iglesia local venezolana y el sumo pont\u00edfice y establecer l\u00edneas de acci\u00f3n cruciales para la misi\u00f3n evangelizadora en la di\u00f3cesis.<\/p>\n<h2 class=\"wp-block-heading\"><strong>Gratitud de Guarenas<\/strong><\/h2>\n<p>Una nota de prensa de la Di\u00f3cesis de Guarenas rese\u00f1\u00f3 que al inicio de la reuni\u00f3n, el monse\u00f1or Ram\u00edrez Padilla transmiti\u00f3 \u00ablos saludos y la inmensa gratitud\u00bb del Pueblo de Dios que peregrina en la localidad mirandina, expresando el afecto filial hacia el santo padre.<\/p>\n<figure class=\"wp-block-image size-large\"><img decoding=\"async\" data-attachment-id=\"3001937\" data-permalink=\"https:\/\/ultimasnoticias.com.ve\/actualidad\/papa-leon-xiv-recibio-al-obispo-de-la-diocesis-de-guarenas\/attachment\/obispo-guarenas-3\/\" data-orig-file=\"https:\/\/ultimasnoticias.com.ve\/wp-content\/uploads\/2025\/10\/Obispo-Guarenas-3.jpg\" data-orig-size=\"1600,1107\" data-comments-opened=\"1\" data-image-meta=\"{&quot;aperture&quot;:&quot;0&quot;,&quot;credit&quot;:&quot;&quot;,&quot;camera&quot;:&quot;&quot;,&quot;caption&quot;:&quot;&quot;,&quot;created_timestamp&quot;:&quot;0&quot;,&quot;copyright&quot;:&quot;&quot;,&quot;focal_length&quot;:&quot;0&quot;,&quot;iso&quot;:&quot;0&quot;,&quot;shutter_speed&quot;:&quot;0&quot;,&quot;title&quot;:&quot;&quot;,&quot;orientation&quot;:&quot;0&quot;}\" data-image-title=\"Obispo Guarenas 3\" data-image-description=\"\" data-image-caption=\"\" data-medium-file=\"https:\/\/ultimasnoticias.com.ve\/wp-content\/uploads\/2025\/10\/Obispo-Guarenas-3-300x208.jpg\" data-large-file=\"https:\/\/ultimasnoticias.com.ve\/wp-content\/uploads\/2025\/10\/Obispo-Guarenas-3-1024x708.jpg\" src=\"https:\/\/ultimasnoticias.com.ve\/wp-content\/uploads\/2025\/10\/Obispo-Guarenas-3-1024x708.jpg\" alt=\"\" class=\"wp-image-3001937 lazyload\"\/><img fetchpriority=\"high\" decoding=\"async\" width=\"1024\" height=\"708\" data-attachment-id=\"3001937\" data-permalink=\"https:\/\/ultimasnoticias.com.ve\/actualidad\/papa-leon-xiv-recibio-al-obispo-de-la-diocesis-de-guarenas\/attachment\/obispo-guarenas-3\/\" data-orig-file=\"https:\/\/ultimasnoticias.com.ve\/wp-content\/uploads\/2025\/10\/Obispo-Guarenas-3.jpg\" data-orig-size=\"1600,1107\" data-comments-opened=\"1\" data-image-meta=\"{&quot;aperture&quot;:&quot;0&quot;,&quot;credit&quot;:&quot;&quot;,&quot;camera&quot;:&quot;&quot;,&quot;caption&quot;:&quot;&quot;,&quot;created_timestamp&quot;:&quot;0&quot;,&quot;copyright&quot;:&quot;&quot;,&quot;focal_length&quot;:&quot;0&quot;,&quot;iso&quot;:&quot;0&quot;,&quot;shutter_speed&quot;:&quot;0&quot;,&quot;title&quot;:&quot;&quot;,&quot;orientation&quot;:&quot;0&quot;}\" data-image-title=\"Obispo Guarenas 3\" data-image-description=\"\" data-image-caption=\"\" data-medium-file=\"https:\/\/ultimasnoticias.com.ve\/wp-content\/uploads\/2025\/10\/Obispo-Guarenas-3-300x208.jpg\" data-large-file=\"https:\/\/ultimasnoticias.com.ve\/wp-content\/uploads\/2025\/10\/Obispo-Guarenas-3-1024x708.jpg\" src=\"https:\/\/ultimasnoticias.com.ve\/wp-content\/uploads\/2025\/10\/Obispo-Guarenas-3-1024x708.jpg\" alt=\"\" class=\"wp-image-3001937 lazyload\" srcset=\"https:\/\/ultimasnoticias.com.ve\/wp-content\/uploads\/2025\/10\/Obispo-Guarenas-3-1024x708.jpg 1024w, https:\/\/ultimasnoticias.com.ve\/wp-content\/uploads\/2025\/10\/Obispo-Guarenas-3-300x208.jpg 300w, https:\/\/ultimasnoticias.com.ve\/wp-content\/uploads\/2025\/10\/Obispo-Guarenas-3-768x531.jpg 768w, https:\/\/ultimasnoticias.com.ve\/wp-content\/uploads\/2025\/10\/Obispo-Guarenas-3-1536x1063.jpg 1536w, https:\/\/ultimasnoticias.com.ve\/wp-content\/uploads\/2025\/10\/Obispo-Guarenas-3-150x104.jpg 150w, https:\/\/ultimasnoticias.com.ve\/wp-content\/uploads\/2025\/10\/Obispo-Guarenas-3-218x150.jpg 218w, https:\/\/ultimasnoticias.com.ve\/wp-content\/uploads\/2025\/10\/Obispo-Guarenas-3-696x482.jpg 696w, https:\/\/ultimasnoticias.com.ve\/wp-content\/uploads\/2025\/10\/Obispo-Guarenas-3-1068x739.jpg 1068w, https:\/\/ultimasnoticias.com.ve\/wp-content\/uploads\/2025\/10\/Obispo-Guarenas-3.jpg 1600w\" sizes=\"(max-width: 1024px) 100vw, 1024px\"\/><figcaption class=\"wp-element-caption\">Monse\u00f1or Ram\u00edrez presenta el informe exhaustivo de la Di\u00f3cesis de Guarenas, destacando el desempe\u00f1o del clero y la urgencia de promover vocaciones sacerdotales misioneras. Foto <strong>Prensa Diocesis de Guarenas<\/strong><\/figcaption><\/figure>\n<p>El obispo present\u00f3 un informe exhaustivo sobre el estado de su di\u00f3cesis, destacando la vitalidad de los movimientos apost\u00f3licos y el desempe\u00f1o del clero, siempre en sinton\u00eda con el magisterio de la Iglesia. Hizo especial \u00e9nfasis en la pastoral juvenil, familiar y vocacional.<\/p>\n<p>Un punto central en la conversaci\u00f3n fue la necesidad de nuevos siervos, por lo que el monse\u00f1or Ram\u00edrez subray\u00f3 \u00abla gran necesidad de sacerdotes diocesanos misioneros que se entreguen apasionadamente al servicio de Cristo y su Iglesia\u201d, un llamado que responde a las necesidades territoriales de Guarenas.<\/p>\n<p>Ram\u00edrez comparti\u00f3 sus \u00abanhelos y sue\u00f1os\u00bb para esta porci\u00f3n del pueblo de Dios, recibiendo el respaldo y valiosos consejos del Papa.<\/p>\n<h2 class=\"wp-block-heading\"><strong>La virgen de Copacabana viaja al Vaticano<\/strong><\/h2>\n<p>Uno de los momentos m\u00e1s emotivos y simb\u00f3licos fue la entrega de una r\u00e9plica del cuadro de la Virgen de Copacabana, Patrona de Guarenas, al santo padre. El obsequio se enmarca en la preparaci\u00f3n del Jubileo Mariano Diocesano, que inicia en 2025 para conmemorar los 400 a\u00f1os de devoci\u00f3n ininterrumpida a la madre de Dios en la ciudad.<\/p>\n<p>El obispo inform\u00f3 que r\u00e9plicas id\u00e9nticas de esta imagen se custodiar\u00e1n en la Curia Diocesana y en todas las parroquias.<\/p>\n<p>Adicionalmente, monse\u00f1or Ram\u00edrez plante\u00f3 una solicitud formal al Papa: la \u00abCoronaci\u00f3n Can\u00f3nica\u00bb para la imagen de la Virgen, un reconocimiento pontificio que constituir\u00eda una ofrenda hist\u00f3rica a esta advocaci\u00f3n que ha acompa\u00f1ado al pueblo durante cuatro siglos.<\/p>\n<p>La audiencia concluy\u00f3 con la entrega de otros dones y una bendici\u00f3n especial solicitada por el obispo para toda su di\u00f3cesis, con la promesa de implementar los consejos papales en la pr\u00e1ctica pastoral local.<\/p>\n<\/div>\n\n","protected":false},"excerpt":{"rendered":"<p>En un significativo gesto de comuni\u00f3n eclesial, el Papa Le\u00f3n XIV recibi\u00f3 en audiencia privada a Monse\u00f1or Tulio Ram\u00edrez Padilla, Obispo de la Di\u00f3cesis de Guarenas. El encuentro, realizado en la sede apost\u00f3lica, tuvo como objetivo fortalecer los lazos entre la iglesia local venezolana y el sumo pont\u00edfice y establecer l\u00edneas de acci\u00f3n cruciales para &hellip;<\/p>\n","protected":false},"author":1,"featured_media":46224,"comment_status":"open","ping_status":"open","sticky":false,"template":"","format":"standard","meta":{"fifu_image_url":"https:\/\/ultimasnoticias.com.ve\/wp-content\/uploads\/2025\/10\/Obispo-Guarenas-2.jpg","fifu_image_alt":"","footnotes":""},"categories":[13],"tags":[],"class_list":["post-46222","post","type-post","status-publish","format-standard","has-post-thumbnail","","category-mundo"],"_links":{"self":[{"href":"https:\/\/noticiasveraces.com\/index.php?rest_route=\/wp\/v2\/posts\/46222","targetHints":{"allow":["GET"]}}],"collection":[{"href":"https:\/\/noticiasveraces.com\/index.php?rest_route=\/wp\/v2\/posts"}],"about":[{"href":"https:\/\/noticiasveraces.com\/index.php?rest_route=\/wp\/v2\/types\/post"}],"author":[{"embeddable":true,"href":"https:\/\/noticiasveraces.com\/index.php?rest_route=\/wp\/v2\/users\/1"}],"replies":[{"embeddable":true,"href":"https:\/\/noticiasveraces.com\/index.php?rest_route=%2Fwp%2Fv2%2Fcomments&post=46222"}],"version-history":[{"count":0,"href":"https:\/\/noticiasveraces.com\/index.php?rest_route=\/wp\/v2\/posts\/46222\/revisions"}],"wp:featuredmedia":[{"embeddable":true,"href":"https:\/\/noticiasveraces.com\/index.php?rest_route=\/wp\/v2\/media\/46224"}],"wp:attachment":[{"href":"https:\/\/noticiasveraces.com\/index.php?rest_route=%2Fwp%2Fv2%2Fmedia&parent=46222"}],"wp:term":[{"taxonomy":"category","embeddable":true,"href":"https:\/\/noticiasveraces.com\/index.php?rest_route=%2Fwp%2Fv2%2Fcategories&post=46222"},{"taxonomy":"post_tag","embeddable":true,"href":"https:\/\/noticiasveraces.com\/index.php?rest_route=%2Fwp%2Fv2%2Ftags&post=46222"}],"curies":[{"name":"wp","href":"https:\/\/api.w.org\/{rel}","templated":true}]}}