{"id":46217,"date":"2025-10-18T10:34:57","date_gmt":"2025-10-18T14:34:57","guid":{"rendered":"https:\/\/noticiasveraces.com\/?p=46217"},"modified":"2025-10-18T10:34:57","modified_gmt":"2025-10-18T14:34:57","slug":"anunciaron-la-suspension-de-clases-el-20-de-octubre-por-decreto-de-dia-no-laborable","status":"publish","type":"post","link":"https:\/\/noticiasveraces.com\/?p=46217","title":{"rendered":"Anunciaron la suspensi\u00f3n de clases el 20 de octubre por decreto de d\u00eda no laborable"},"content":{"rendered":"<p> \n<\/p>\n<div>\n<p>Colegios y universidades venezolanas anunciaron la <strong>suspensi\u00f3n de clases y dem\u00e1s actividades escolares para el lunes 20 de octubre<\/strong> en respuesta al decreto presidencial de d\u00eda no laborable. <\/p>\n<p>Las instituciones de educaci\u00f3n b\u00e1sica y secundaria le indicaron a los representantes el viernes 17 y s\u00e1bado 18 de octubre que <strong>la medida fue tomada por el Ministerio de Educaci\u00f3n. <\/strong><\/p>\n<figure class=\"wp-block-image size-large\"><picture fetchpriority=\"high\" decoding=\"async\" class=\"wp-image-816328\"><source type=\"image\/webp\" sizes=\"(max-width: 1200px) 100vw, 1200px\" nitro-lazy-srcset=\"https:\/\/eldiario.com\/nitropack_static\/DWpklAePbJBFiBKvuTtiGMLbtJlHUqWt\/assets\/images\/optimized\/rev-4610e21\/eldiario.com\/wp-content\/uploads\/2025\/09\/COLEGIO-PARROQUIAL-SAGRADO-CORAZON-DE-JESUS-CHACAO-ABIERTO-SIN-CLASES-1200x900.jpg.webp 1200w, https:\/\/eldiario.com\/nitropack_static\/DWpklAePbJBFiBKvuTtiGMLbtJlHUqWt\/assets\/images\/optimized\/rev-4610e21\/eldiario.com\/wp-content\/uploads\/2025\/09\/COLEGIO-PARROQUIAL-SAGRADO-CORAZON-DE-JESUS-CHACAO-ABIERTO-SIN-CLASES-300x225.jpg.webp 300w, https:\/\/eldiario.com\/nitropack_static\/DWpklAePbJBFiBKvuTtiGMLbtJlHUqWt\/assets\/images\/optimized\/rev-4610e21\/eldiario.com\/wp-content\/uploads\/2025\/09\/COLEGIO-PARROQUIAL-SAGRADO-CORAZON-DE-JESUS-CHACAO-ABIERTO-SIN-CLASES-768x576.jpg.webp 768w, https:\/\/eldiario.com\/nitropack_static\/DWpklAePbJBFiBKvuTtiGMLbtJlHUqWt\/assets\/images\/optimized\/rev-4610e21\/eldiario.com\/wp-content\/uploads\/2025\/09\/COLEGIO-PARROQUIAL-SAGRADO-CORAZON-DE-JESUS-CHACAO-ABIERTO-SIN-CLASES-1536x1152.jpg.webp 1536w, https:\/\/eldiario.com\/nitropack_static\/DWpklAePbJBFiBKvuTtiGMLbtJlHUqWt\/assets\/images\/optimized\/rev-4610e21\/eldiario.com\/wp-content\/uploads\/2025\/09\/COLEGIO-PARROQUIAL-SAGRADO-CORAZON-DE-JESUS-CHACAO-ABIERTO-SIN-CLASES-860x645.jpg.webp 860w, https:\/\/eldiario.com\/nitropack_static\/DWpklAePbJBFiBKvuTtiGMLbtJlHUqWt\/assets\/images\/optimized\/rev-4610e21\/eldiario.com\/wp-content\/uploads\/2025\/09\/COLEGIO-PARROQUIAL-SAGRADO-CORAZON-DE-JESUS-CHACAO-ABIERTO-SIN-CLASES-150x113.jpg.webp 150w, https:\/\/eldiario.com\/nitropack_static\/DWpklAePbJBFiBKvuTtiGMLbtJlHUqWt\/assets\/images\/optimized\/rev-4610e21\/eldiario.com\/wp-content\/uploads\/2025\/09\/COLEGIO-PARROQUIAL-SAGRADO-CORAZON-DE-JESUS-CHACAO-ABIERTO-SIN-CLASES.jpg.webp 1600w\" nitro-lazy-empty=\"\" id=\"Nzk5OjEwNjI=-1\" srcset=\"data:image\/svg+xml;nitro-empty-id=Nzk5OjEwNjI=-1;base64,PHN2ZyB2aWV3Qm94PSIwIDAgMTIwMCA5MDAiIHdpZHRoPSIxMjAwIiBoZWlnaHQ9IjkwMCIgeG1sbnM9Imh0dHA6Ly93d3cudzMub3JnLzIwMDAvc3ZnIj48L3N2Zz4=\"\/><img fetchpriority=\"high\" width=\"1200\" height=\"900\" alt=\"Regreso a clases en Venezuela\" sizes=\"(max-width: 1200px) 100vw, 1200px\" srcset=\"https:\/\/eldiario.com\/nitropack_static\/DWpklAePbJBFiBKvuTtiGMLbtJlHUqWt\/assets\/images\/optimized\/rev-4610e21\/eldiario.com\/wp-content\/uploads\/2025\/09\/COLEGIO-PARROQUIAL-SAGRADO-CORAZON-DE-JESUS-CHACAO-ABIERTO-SIN-CLASES-1200x900.jpg 1200w, https:\/\/eldiario.com\/nitropack_static\/DWpklAePbJBFiBKvuTtiGMLbtJlHUqWt\/assets\/images\/optimized\/rev-4610e21\/eldiario.com\/wp-content\/uploads\/2025\/09\/COLEGIO-PARROQUIAL-SAGRADO-CORAZON-DE-JESUS-CHACAO-ABIERTO-SIN-CLASES-300x225.jpg 300w, https:\/\/eldiario.com\/nitropack_static\/DWpklAePbJBFiBKvuTtiGMLbtJlHUqWt\/assets\/images\/optimized\/rev-4610e21\/eldiario.com\/wp-content\/uploads\/2025\/09\/COLEGIO-PARROQUIAL-SAGRADO-CORAZON-DE-JESUS-CHACAO-ABIERTO-SIN-CLASES-768x576.jpg 768w, https:\/\/eldiario.com\/nitropack_static\/DWpklAePbJBFiBKvuTtiGMLbtJlHUqWt\/assets\/images\/optimized\/rev-4610e21\/eldiario.com\/wp-content\/uploads\/2025\/09\/COLEGIO-PARROQUIAL-SAGRADO-CORAZON-DE-JESUS-CHACAO-ABIERTO-SIN-CLASES-1536x1152.jpg 1536w, https:\/\/eldiario.com\/nitropack_static\/DWpklAePbJBFiBKvuTtiGMLbtJlHUqWt\/assets\/images\/optimized\/rev-4610e21\/eldiario.com\/wp-content\/uploads\/2025\/09\/COLEGIO-PARROQUIAL-SAGRADO-CORAZON-DE-JESUS-CHACAO-ABIERTO-SIN-CLASES-860x645.jpg 860w, https:\/\/eldiario.com\/nitropack_static\/DWpklAePbJBFiBKvuTtiGMLbtJlHUqWt\/assets\/images\/optimized\/rev-4610e21\/eldiario.com\/wp-content\/uploads\/2025\/09\/COLEGIO-PARROQUIAL-SAGRADO-CORAZON-DE-JESUS-CHACAO-ABIERTO-SIN-CLASES-150x113.jpg 150w, https:\/\/eldiario.com\/nitropack_static\/DWpklAePbJBFiBKvuTtiGMLbtJlHUqWt\/assets\/images\/optimized\/rev-4610e21\/eldiario.com\/wp-content\/uploads\/2025\/09\/COLEGIO-PARROQUIAL-SAGRADO-CORAZON-DE-JESUS-CHACAO-ABIERTO-SIN-CLASES.jpg 1600w\" src=\"https:\/\/eldiario.com\/nitropack_static\/DWpklAePbJBFiBKvuTtiGMLbtJlHUqWt\/assets\/images\/optimized\/rev-4610e21\/eldiario.com\/wp-content\/uploads\/2025\/09\/COLEGIO-PARROQUIAL-SAGRADO-CORAZON-DE-JESUS-CHACAO-ABIERTO-SIN-CLASES-1200x900.jpg\" class=\"nitro-lazy\" decoding=\"async\" nitro-lazy-empty=\"\" id=\"ODAwOjEyNDM=-1\"\/> <\/picture><figcaption class=\"wp-element-caption\">Foto: Mauricio Villarreal<\/figcaption><\/figure>\n<p>El presidente Nicol\u00e1s Maduro decret\u00f3 el <strong>domingo 19 de octubre y lunes 20 de octubre como d\u00edas de j\u00fabilo nacional no laborables<\/strong> por la canonizaci\u00f3n de Jos\u00e9 Gregorio Hern\u00e1ndez y Carmen Rendiles.<\/p>\n<p>\u201cQuisiera proceder aqu\u00ed, en este urbanismo, a firmar el decreto con que declaro en todo el territorio nacional, el domingo 19 de octubre, d\u00eda de la <strong>canonizaci\u00f3n del doctor Jos\u00e9 Gregorio Hern\u00e1ndez y de la madre Carmen Rendiles<\/strong>domingo 19 y lunes 20, d\u00eda de j\u00fabilo nacional no laborable para que todo el pueblo, en una sola oraci\u00f3n, salga a celebrar este hecho hist\u00f3rico de nuestra Iglesia cat\u00f3lica\u201d, anunci\u00f3 este viernes 17 de octubre.<\/p>\n<p>Las instituciones explicaron que las actividades escolares <strong>se reanudar\u00e1n con normalidad el martes 21 de octubre. <\/strong><\/p>\n<p>La Universidad Cat\u00f3lica Andr\u00e9s Bello (UCAB), por su parte, inform\u00f3 a sus estudiantes que las actividades educativas est\u00e1n suspendidas el lunes 20 de octubre por el d\u00eda de j\u00fabilo nacional. <\/p>\n<p>\u201cEsta suspensi\u00f3n <strong>no incluye al personal de seguridad ni al personal que realiza actividades esenciales<\/strong>\u201d, aclar\u00f3 la casa de estudios en un comunicado publicado en su cuenta de Instagram. <\/p>\n<h2 class=\"wp-block-heading\" id=\"h-dia-de-jubilo-nacional-nbsp\"><strong>D\u00eda de j\u00fabilo nacional <\/strong><\/h2>\n<p>Maduro se\u00f1al\u00f3 que el objetivo del decreto es que los ciudadanos<strong> salgan a celebrar \u201cen una sola oraci\u00f3n\u201d este hecho hist\u00f3rico de la Iglesia cat\u00f3lica.<\/strong><\/p>\n<figure class=\"wp-block-image size-large\"><picture decoding=\"async\" class=\"wp-image-822259\"><source type=\"image\/webp\" sizes=\"(max-width: 1200px) 100vw, 1200px\" nitro-lazy-srcset=\"https:\/\/eldiario.com\/nitropack_static\/DWpklAePbJBFiBKvuTtiGMLbtJlHUqWt\/assets\/images\/optimized\/rev-4610e21\/eldiario.com\/wp-content\/uploads\/2025\/10\/carmen-rendiles-jose-gregorio-hernandez-canonizacion-1200x900.png.webp 1200w, https:\/\/eldiario.com\/nitropack_static\/DWpklAePbJBFiBKvuTtiGMLbtJlHUqWt\/assets\/images\/optimized\/rev-4610e21\/eldiario.com\/wp-content\/uploads\/2025\/10\/carmen-rendiles-jose-gregorio-hernandez-canonizacion-300x225.png.webp 300w, https:\/\/eldiario.com\/nitropack_static\/DWpklAePbJBFiBKvuTtiGMLbtJlHUqWt\/assets\/images\/optimized\/rev-4610e21\/eldiario.com\/wp-content\/uploads\/2025\/10\/carmen-rendiles-jose-gregorio-hernandez-canonizacion-768x576.png.webp 768w, https:\/\/eldiario.com\/nitropack_static\/DWpklAePbJBFiBKvuTtiGMLbtJlHUqWt\/assets\/images\/optimized\/rev-4610e21\/eldiario.com\/wp-content\/uploads\/2025\/10\/carmen-rendiles-jose-gregorio-hernandez-canonizacion-1536x1152.png.webp 1536w, https:\/\/eldiario.com\/nitropack_static\/DWpklAePbJBFiBKvuTtiGMLbtJlHUqWt\/assets\/images\/optimized\/rev-4610e21\/eldiario.com\/wp-content\/uploads\/2025\/10\/carmen-rendiles-jose-gregorio-hernandez-canonizacion-860x645.png.webp 860w, https:\/\/eldiario.com\/nitropack_static\/DWpklAePbJBFiBKvuTtiGMLbtJlHUqWt\/assets\/images\/optimized\/rev-4610e21\/eldiario.com\/wp-content\/uploads\/2025\/10\/carmen-rendiles-jose-gregorio-hernandez-canonizacion-150x113.png.webp 150w, https:\/\/eldiario.com\/nitropack_static\/DWpklAePbJBFiBKvuTtiGMLbtJlHUqWt\/assets\/images\/optimized\/rev-4610e21\/eldiario.com\/wp-content\/uploads\/2025\/10\/carmen-rendiles-jose-gregorio-hernandez-canonizacion.png.webp 1600w\" nitro-lazy-empty=\"\" id=\"ODM3Ojk0Mw==-1\" srcset=\"data:image\/svg+xml;nitro-empty-id=ODM3Ojk0Mw==-1;base64,PHN2ZyB2aWV3Qm94PSIwIDAgMTIwMCA5MDAiIHdpZHRoPSIxMjAwIiBoZWlnaHQ9IjkwMCIgeG1sbnM9Imh0dHA6Ly93d3cudzMub3JnLzIwMDAvc3ZnIj48L3N2Zz4=\"\/><img loading=\"lazy\" width=\"1200\" height=\"900\" alt=\"As\u00ed ser\u00e1 el cronograma para la canonizaci\u00f3n de Jos\u00e9 Gregorio Hern\u00e1ndez y Carmen Rendiles\" sizes=\"auto, (max-width: 1200px) 100vw, 1200px\" srcset=\"https:\/\/eldiario.com\/nitropack_static\/DWpklAePbJBFiBKvuTtiGMLbtJlHUqWt\/assets\/images\/optimized\/rev-4610e21\/eldiario.com\/wp-content\/uploads\/2025\/10\/carmen-rendiles-jose-gregorio-hernandez-canonizacion-1200x900.png 1200w, https:\/\/eldiario.com\/nitropack_static\/DWpklAePbJBFiBKvuTtiGMLbtJlHUqWt\/assets\/images\/optimized\/rev-4610e21\/eldiario.com\/wp-content\/uploads\/2025\/10\/carmen-rendiles-jose-gregorio-hernandez-canonizacion-300x225.png 300w, https:\/\/eldiario.com\/nitropack_static\/DWpklAePbJBFiBKvuTtiGMLbtJlHUqWt\/assets\/images\/optimized\/rev-4610e21\/eldiario.com\/wp-content\/uploads\/2025\/10\/carmen-rendiles-jose-gregorio-hernandez-canonizacion-768x576.png 768w, https:\/\/eldiario.com\/nitropack_static\/DWpklAePbJBFiBKvuTtiGMLbtJlHUqWt\/assets\/images\/optimized\/rev-4610e21\/eldiario.com\/wp-content\/uploads\/2025\/10\/carmen-rendiles-jose-gregorio-hernandez-canonizacion-1536x1152.png 1536w, https:\/\/eldiario.com\/nitropack_static\/DWpklAePbJBFiBKvuTtiGMLbtJlHUqWt\/assets\/images\/optimized\/rev-4610e21\/eldiario.com\/wp-content\/uploads\/2025\/10\/carmen-rendiles-jose-gregorio-hernandez-canonizacion-860x645.png 860w, https:\/\/eldiario.com\/nitropack_static\/DWpklAePbJBFiBKvuTtiGMLbtJlHUqWt\/assets\/images\/optimized\/rev-4610e21\/eldiario.com\/wp-content\/uploads\/2025\/10\/carmen-rendiles-jose-gregorio-hernandez-canonizacion-150x113.png 150w, https:\/\/eldiario.com\/nitropack_static\/DWpklAePbJBFiBKvuTtiGMLbtJlHUqWt\/assets\/images\/optimized\/rev-4610e21\/eldiario.com\/wp-content\/uploads\/2025\/10\/carmen-rendiles-jose-gregorio-hernandez-canonizacion.png 1600w\" src=\"https:\/\/eldiario.com\/nitropack_static\/DWpklAePbJBFiBKvuTtiGMLbtJlHUqWt\/assets\/images\/optimized\/rev-4610e21\/eldiario.com\/wp-content\/uploads\/2025\/10\/carmen-rendiles-jose-gregorio-hernandez-canonizacion-1200x900.png\" class=\"nitro-lazy\" decoding=\"async\" nitro-lazy-empty=\"\" id=\"ODM4OjExNTA=-1\"\/> <\/picture><figcaption class=\"wp-element-caption\">Foto: EFE<\/figcaption><\/figure>\n<p>\u201cDigo desde el coraz\u00f3n, gracias papa Francisco, elevar\u00e9 una oraci\u00f3n junto al pueblo por ti cuando le est\u00e9n entregando el t\u00edtulo de santo a quien ha sido nuestro santo por m\u00e1s de 70 a\u00f1os, doctor Jos\u00e9 Gregorio Hern\u00e1ndez\u201d, a\u00f1adi\u00f3.<\/p>\n<p>El papa Le\u00f3n XIV oficiar\u00e1 el domingo 19 de octubre en el Vaticano <strong>la canonizaci\u00f3n de los dos primeros santos venezolanos<\/strong>el m\u00e9dico Jos\u00e9 Gregorio Hern\u00e1ndez (1864 -1919) y la religiosa Carmen Rendiles (1903-1977), en una ceremonia que representa un hito hist\u00f3rico para Venezuela y que se considera \u201cun momento de reconciliaci\u00f3n y unidad\u201d.<\/p>\n<p>Como parte de las actividades previas a la ceremonia, el 17 de octubre en Roma se celebr\u00f3 el acto acad\u00e9mico, donde el sustituto para los Asuntos Generales de la Secretar\u00eda de Estado Vaticana, el venezolano Edgar Pe\u00f1a Parra, destac\u00f3 que <strong>estas canonizaciones son \u201cun ejemplo universal capaz de inspirar fraternidad, servicio y esperanza, superando toda barrera cultural y geogr\u00e1fica\u201d.<\/strong><\/p>\n<p>Tambi\u00e9n asegur\u00f3 que la canonizaci\u00f3n de Jos\u00e9 Gregorio Hern\u00e1ndez representa \u201cno solo un momento de reconciliaci\u00f3n y unidad para Venezuela, sino tambi\u00e9n un don para toda la Iglesia\u201d.<\/p>\n<p>Adem\u00e1s de Hern\u00e1ndez y Rendiles, ser\u00e1n canonizados por Le\u00f3n XIV Ignacio Choukrallah Maloyan, arzobispo cat\u00f3lico armenio de Mardin (Turqu\u00eda); el laico Peter To Rot, de Pap\u00faa Nueva Guinea; las religiosas italianas Vincenza Maria Poloni y Mar\u00eda Troncatti; y el laico italiano Bartolo Longo.<\/p>\n<\/p><\/div>\n\n","protected":false},"excerpt":{"rendered":"<p>Colegios y universidades venezolanas anunciaron la suspensi\u00f3n de clases y dem\u00e1s actividades escolares para el lunes 20 de octubre en respuesta al decreto presidencial de d\u00eda no laborable. Las instituciones de educaci\u00f3n b\u00e1sica y secundaria le indicaron a los representantes el viernes 17 y s\u00e1bado 18 de octubre que la medida fue tomada por el &hellip;<\/p>\n","protected":false},"author":1,"featured_media":46219,"comment_status":"open","ping_status":"open","sticky":false,"template":"","format":"standard","meta":{"fifu_image_url":"https:\/\/eldiario.com\/wp-content\/uploads\/2023\/10\/38-Recorrido-regreso-a-clases-en-Caracas-El-Diario-Jose-Daniel-Ramos.jpg","fifu_image_alt":"","footnotes":""},"categories":[13],"tags":[],"class_list":["post-46217","post","type-post","status-publish","format-standard","has-post-thumbnail","","category-mundo"],"_links":{"self":[{"href":"https:\/\/noticiasveraces.com\/index.php?rest_route=\/wp\/v2\/posts\/46217","targetHints":{"allow":["GET"]}}],"collection":[{"href":"https:\/\/noticiasveraces.com\/index.php?rest_route=\/wp\/v2\/posts"}],"about":[{"href":"https:\/\/noticiasveraces.com\/index.php?rest_route=\/wp\/v2\/types\/post"}],"author":[{"embeddable":true,"href":"https:\/\/noticiasveraces.com\/index.php?rest_route=\/wp\/v2\/users\/1"}],"replies":[{"embeddable":true,"href":"https:\/\/noticiasveraces.com\/index.php?rest_route=%2Fwp%2Fv2%2Fcomments&post=46217"}],"version-history":[{"count":0,"href":"https:\/\/noticiasveraces.com\/index.php?rest_route=\/wp\/v2\/posts\/46217\/revisions"}],"wp:featuredmedia":[{"embeddable":true,"href":"https:\/\/noticiasveraces.com\/index.php?rest_route=\/wp\/v2\/media\/46219"}],"wp:attachment":[{"href":"https:\/\/noticiasveraces.com\/index.php?rest_route=%2Fwp%2Fv2%2Fmedia&parent=46217"}],"wp:term":[{"taxonomy":"category","embeddable":true,"href":"https:\/\/noticiasveraces.com\/index.php?rest_route=%2Fwp%2Fv2%2Fcategories&post=46217"},{"taxonomy":"post_tag","embeddable":true,"href":"https:\/\/noticiasveraces.com\/index.php?rest_route=%2Fwp%2Fv2%2Ftags&post=46217"}],"curies":[{"name":"wp","href":"https:\/\/api.w.org\/{rel}","templated":true}]}}