{"id":46181,"date":"2025-10-18T04:46:28","date_gmt":"2025-10-18T08:46:28","guid":{"rendered":"https:\/\/noticiasveraces.com\/?p=46181"},"modified":"2025-10-18T04:46:28","modified_gmt":"2025-10-18T08:46:28","slug":"secretario-de-la-oea-tildo-como-acto-de-terrorismo-la-explosion-de-un-carro-bomba-en-ecuador","status":"publish","type":"post","link":"https:\/\/noticiasveraces.com\/?p=46181","title":{"rendered":"Secretario de la OEA tild\u00f3 como \u00abacto de terrorismo\u00bb la explosi\u00f3n de un carro bomba en Ecuador"},"content":{"rendered":"<p> \n<\/p>\n<div>\n<p> <span rel=\"author\" class=\"fn\">con una pala<\/span><\/p>\n<p> <time class=\"entry-date published updated\" datetime=\"2025-10-17T21:39:30-04:00\">octubre 17 2025, 9:39 pm<\/time> <span class=\"spot-im-replies-count\" data-post-id=\"5815375\"\/><\/p>\n<figure id=\"attachment_5815380\" aria-describedby=\"caption-attachment-5815380\" style=\"width: 640px\" class=\"wp-caption alignnone\"><img fetchpriority=\"high\" decoding=\"async\" onerror=\"this.onerror=null;this.src=\" https:=\"\" class=\"wp-image-5815380\" src=\"https:\/\/sandia.datanubex.uk\/wp-content\/uploads\/2025\/10\/677bb6d7066fe26b4087e56a66652726f758a18fw.jpg\" alt=\"\" width=\"640\" height=\"427\"\/><figcaption id=\"caption-attachment-5815380\" class=\"wp-caption-text\">GUAYAQUIL (ECUADOR), 14\/10\/2025.- Fotograf\u00eda que muestra un veh\u00edculo que explot\u00f3 en los exteriores de un centro comercial este martes, en Guayaquil (Ecuador). Una persona falleci\u00f3 y otras dos han resultado heridas tras la explosi\u00f3n de un veh\u00edculo en los exteriores de un centro comercial, ubicado en el centro financiero de Guayaquil, seg\u00fan confirm\u00f3 el Cuerpo de Bomberos. Foto: EFE\/ Mauricio Torres<\/figcaption><\/figure>\n<\/p>\n<p><!-- Begin Mailchimp Signup Form --><\/p>\n<div id=\"mc_embed_signup\">\n<p><label for=\"mce-EMAIL\">  \u00a1\u00danete al club ahora! Suscr\u00edbete al bolet\u00edn m\u00e1s importante de Venezuela <\/label><iframe data-test-id=\"beehiiv-embed\" height=\"52\" frameborder=\"0\" scrolling=\"no\" style=\"margin: 0; border-radius: 0px !important; &#10; background-color: transparent;\" data-src=\"https:\/\/embeds.beehiiv.com\/cdab9503-16ae-4689-ad4f-1408c727a83a?slim=true\" class=\"lazyload\"><\/iframe><\/p>\n<\/div>\n<p><!--End mc_embed_signup 2--><\/p>\n<p>El secretario general de la Organizaci\u00f3n de Estados Americanos (OEA), Albert Ramdin, conden\u00f3 este viernes 17 de octubre la explosi\u00f3n de un carro bomba que se registr\u00f3 el martes en la ciudad ecuatoriana de Guayaquil y la calific\u00f3 como \u00abun acto de terrorismo que no tiene lugar en las Am\u00e9ricas\u00bb.<\/p>\n<p>\u00abCondeno el atentado con coche bomba en Guayaquil, un acto de terrorismo que no tiene lugar en las Am\u00e9ricas. Los ataques que tienen como objetivo a civiles y espacios p\u00fablicos son una afrenta a la democracia, la paz y el estado de derecho\u00bb, asegur\u00f3 Ramdin en su cuenta de la red social X.<\/p>\n<p>A\u00f1adi\u00f3 que la OEA y sus mecanismos de la Convenci\u00f3n Interamericana contra el Terrorismo \u00abse solidarizan con el pueblo de Ecuador en el rechazo a la violencia y la intimidaci\u00f3n por parte de grupos criminales\u00bb.<\/p>\n<p>La noche del martes un auto explot\u00f3 en los exteriores de un importante centro comercial de Guayaquil y de un edificio de oficinas de la familia del presidente Daniel Noboa, ubicados en el centro financiero de la ciudad, lo que dej\u00f3 un taxista fallecido y treinta personas heridas.<\/p>\n<\/p>\n<blockquote>\n<p>LEE TAMBI\u00c9N: <strong>Al menos cinco venezolanos han sido detenidos durante protestas violentas en Ecuador<\/strong><\/p>\n<\/blockquote>\n<\/p>\n<p>Seg\u00fan las primeras investigaciones, quienes ser\u00edan los responsables del hecho salieron desde un barrio ubicado frente al complejo penitenciario de Guayaquil, donde est\u00e1 la c\u00e1rcel m\u00e1s grande y peligrosa del pa\u00eds y tambi\u00e9n la prisi\u00f3n de m\u00e1xima seguridad.<\/p>\n<p>En total, eran dos los veh\u00edculos que conten\u00edan explosivos y que fueron dejados en el lugar, pero solo uno explot\u00f3. El ministro del Interior, John Reimberg, dijo esa noche que en el otro automotor encontraron cuatro cargas explosivas de alto poder con sus respectivas mechas de seguridad y un dispositivo electr\u00f3nico para activaci\u00f3n del explosivo.<\/p>\n<p>La zona permaneci\u00f3 cerrada hasta este viernes, despu\u00e9s de que las unidades investigativas de la Polic\u00eda terminaron de recoger indicios que puedan aportar al caso.<\/p>\n<p>El Gobierno ha se\u00f1alado que ser\u00edan Los Lobos, la banda criminal m\u00e1s grande de Ecuador, quienes estar\u00edan detr\u00e1s del ataque, en \u00abrepresalia\u00bb a los operativos contra la miner\u00eda ilegal que las fuerzas de seguridad est\u00e1n realizando en el norte del pa\u00eds.<\/p>\n<\/p>\n<blockquote>\n<p>LEE TAMBI\u00c9N: <strong>Corre\u00edsta Luisa Gonz\u00e1lez fue advertida de ser detenida por \u00abfinanciar violencia\u00bb en Ecuador<\/strong><\/p>\n<\/blockquote>\n<\/p>\n<p>Los Lobos es una de las bandas criminales que ha sido catalogada como \u00abterrorista\u00bb en el marco del \u00abconflicto armado interno\u00bb declarado por Noboa para enfrentar a los grupos delictivos, a quienes se les atribuye la escalada de violencia que vive el pa\u00eds andino en los \u00faltimos a\u00f1os, que lo ha ubicado a la cabeza del \u00edndice de homicidios en Latinoam\u00e9rica.<\/p>\n<p>Adem\u00e1s, el grupo criminal fue declarado como \u00abterrorista\u00bb por los Gobiernos de Estados Unidos y de Argentina.<\/p>\n<p><strong>EFE<\/strong><\/p>\n<p>  <!-- CONTENT END 2 --><\/div>\n\n","protected":false},"excerpt":{"rendered":"<p>con una pala octubre 17 2025, 9:39 pm GUAYAQUIL (ECUADOR), 14\/10\/2025.- Fotograf\u00eda que muestra un veh\u00edculo que explot\u00f3 en los exteriores de un centro comercial este martes, en Guayaquil (Ecuador). Una persona falleci\u00f3 y otras dos han resultado heridas tras la explosi\u00f3n de un veh\u00edculo en los exteriores de un centro comercial, ubicado en el &hellip;<\/p>\n","protected":false},"author":1,"featured_media":46183,"comment_status":"open","ping_status":"open","sticky":false,"template":"","format":"standard","meta":{"fifu_image_url":"https:\/\/sandia.datanubex.uk\/wp-content\/uploads\/2025\/10\/677bb6d7066fe26b4087e56a66652726f758a18fw.jpg","fifu_image_alt":"","footnotes":""},"categories":[13],"tags":[],"class_list":["post-46181","post","type-post","status-publish","format-standard","has-post-thumbnail","","category-mundo"],"_links":{"self":[{"href":"https:\/\/noticiasveraces.com\/index.php?rest_route=\/wp\/v2\/posts\/46181","targetHints":{"allow":["GET"]}}],"collection":[{"href":"https:\/\/noticiasveraces.com\/index.php?rest_route=\/wp\/v2\/posts"}],"about":[{"href":"https:\/\/noticiasveraces.com\/index.php?rest_route=\/wp\/v2\/types\/post"}],"author":[{"embeddable":true,"href":"https:\/\/noticiasveraces.com\/index.php?rest_route=\/wp\/v2\/users\/1"}],"replies":[{"embeddable":true,"href":"https:\/\/noticiasveraces.com\/index.php?rest_route=%2Fwp%2Fv2%2Fcomments&post=46181"}],"version-history":[{"count":0,"href":"https:\/\/noticiasveraces.com\/index.php?rest_route=\/wp\/v2\/posts\/46181\/revisions"}],"wp:featuredmedia":[{"embeddable":true,"href":"https:\/\/noticiasveraces.com\/index.php?rest_route=\/wp\/v2\/media\/46183"}],"wp:attachment":[{"href":"https:\/\/noticiasveraces.com\/index.php?rest_route=%2Fwp%2Fv2%2Fmedia&parent=46181"}],"wp:term":[{"taxonomy":"category","embeddable":true,"href":"https:\/\/noticiasveraces.com\/index.php?rest_route=%2Fwp%2Fv2%2Fcategories&post=46181"},{"taxonomy":"post_tag","embeddable":true,"href":"https:\/\/noticiasveraces.com\/index.php?rest_route=%2Fwp%2Fv2%2Ftags&post=46181"}],"curies":[{"name":"wp","href":"https:\/\/api.w.org\/{rel}","templated":true}]}}