{"id":46175,"date":"2025-10-18T02:44:11","date_gmt":"2025-10-18T06:44:11","guid":{"rendered":"https:\/\/noticiasveraces.com\/?p=46175"},"modified":"2025-10-18T02:44:11","modified_gmt":"2025-10-18T06:44:11","slug":"activistas-cubanos-inconformes-con-final-del-proceso-de-liberaciones-anunciado-por-gobierno","status":"publish","type":"post","link":"https:\/\/noticiasveraces.com\/?p=46175","title":{"rendered":"Activistas cubanos inconformes con final del proceso de liberaciones anunciado por gobierno"},"content":{"rendered":"<p> \n<br \/><img decoding=\"async\" src=\"https:\/\/gdb.voanews.com\/67061325-8e53-4f0b-a848-8fadcdb6223e_w800_h450.jpg\" \/><\/p>\n<div>\n<span class=\"dateline\">LA HABANA \u2014 <\/span><\/p>\n<p style=\"text-align: left;\">Activistas pol\u00edticos y de derechos humanos expresaron el martes su insatisfacci\u00f3n ante el anuncio el d\u00eda anterior por el gobierno cubano de dar por concluida la excarcelaci\u00f3n de presos en el marco de un acuerdo ofrecido al papa Francisco a comienzo de a\u00f1o.<\/p>\n<p style=\"text-align: left;\">A mediados de enero, el presidente Miguel D\u00edaz-Canel dio a conocer una carta al papa Francisco en la que su gobierno se compromet\u00eda a otorgar el beneficio de la liberaci\u00f3n anticipada a 553 presos por razones humanitarias \u2014personas sentenciadas con figuras delictivas variadas\u2014 y como un gesto al pont\u00edfice.<\/p>\n<p style=\"text-align: left;\">Organizaciones no gubernamentales y activistas presionaron para que se incluyera a por lo menos unas 800 reclusos que consideran como presos pol\u00edticos debido a su participaci\u00f3n en manifestaciones o acciones contra el gobierno.<\/p>\n<p style=\"text-align: left;\">\u201cPor un lado nos parece bien que se haya liberado a esas 553 personas, entre ellos, presos pol\u00edticos de julio del 2021\u201d, dijo a The Associated Press el opositor Manuel Cuesta Mor\u00faa miembro de una organizaci\u00f3n llamada Consejo para la Transici\u00f3n en Cuba, con relaci\u00f3n a las protestas ocurridas ese mes en la isla, las mayores en d\u00e9cadas.<\/p>\n<p style=\"text-align: left;\">\u201cPero no estamos satisfechos porque debieron ser liberados todos; era una oportunidad trat\u00e1ndose de un proceso que se produjo en el marco de conversaciones con el Vaticano\u201d, agreg\u00f3 Cuesta. \u201cVamos a insistir en que es necesario una amnist\u00eda que no s\u00f3lo pase por la voluntad pol\u00edtica de un momento, sino por una ley, de modo que todos sean liberados\u201d.<\/p>\n<p style=\"text-align: left;\">Seg\u00fan organizaciones que monitorean la situaci\u00f3n de los presos, al momento de comenzar las excarcelaciones \u2014el 15 de enero\u2014 hab\u00eda unas 549 personas en prisi\u00f3n a ra\u00edz de la manifestaci\u00f3n de 2021 y m\u00e1s de 880 consideradas pol\u00edticas \u2014las cifras var\u00edan seg\u00fan varias agrupaciones\u2014, contemplando las posteriores. La mayor\u00eda de los sentenciados por los tribunales no ten\u00eda antecedentes de militancia partidaria.<\/p>\n<p style=\"text-align: left;\">En julio de 2021, miles de personas se lanzaron a las calles sin un liderazgo claro y sobre todo convocados por redes sociales reclamando por los cortes de luz o el desabastecimiento, al tiempo que hubo pedidos por cambios de gobierno. Algunas protestas se convirtieron en vand\u00e1licas, no hubo un n\u00famero oficial de detenidos y una persona muri\u00f3.<\/p>\n<p style=\"text-align: left;\">Manifestaciones posteriores m\u00e1s peque\u00f1as y puntuales se desarrollaron en 2022 y 2024.<\/p>\n<p style=\"text-align: left;\">El papa Francisco elogi\u00f3 en enero, d\u00edas despu\u00e9s la liberaci\u00f3n de prisioneros cubanos, la decisi\u00f3n como un \u201cgesto de gran esperanza\u201d que podr\u00eda repetirse en otros lugares como parte del a\u00f1o jubilar cristiano, un momento de reconciliaci\u00f3n entre los cat\u00f3licos.<\/p>\n<p style=\"text-align: left;\">El lunes por la noche, el Tribunal Supremo Popular de Cuba inform\u00f3 que el proceso hab\u00eda concluido exitosamente y se hab\u00edan producido 378 excarcelaciones en enero y 175 en febrero.<\/p>\n<p style=\"text-align: left;\">Las organizaciones no gubernamentales como Justicia 11J y Observatorio Cubano de Derechos Humanos estimaban en un recuento el lunes entre 200 y 212 las personas liberadas con cargos que pudieran estar vinculadas a protestas, en su mayor\u00eda de julio de 2021.<\/p>\n<p style=\"text-align: left;\">Sin embargo, en enero, al inicio de las excarcelaciones, el gobierno hab\u00eda advertido que la libertad se conceder\u00edan a personas con delitos variados desde robo y amenaza hasta des\u00f3rdenes p\u00fablicos con car\u00e1cter humanitario, como enfermos, embarazadas o ancianos. Las autoridades no reconocen el car\u00e1cter de pol\u00edticos a los presos.<\/p>\n<p style=\"text-align: left;\">\u201cHemos recibido numerosas denuncias que indican que una parte significativa de las personas excarceladas son reclusos comunes\u201d, expres\u00f3 en su cuenta de X, antes Twitter, Justicia 11J. \u201cExigimos transparencia y rendici\u00f3n de cuentas sobre este proceso\u201d.<\/p>\n<p style=\"text-align: left;\">Algunos presos conocidos internacionalmente como opositores como Jos\u00e9 Daniel Ferrer o F\u00e9lix Navarro fueron liberados bajo este acuerdo, pero otros como Sayli Navarro \u2013hija de F\u00e9lix\u2014y el artista pl\u00e1stico Luis Manuel Otero Alc\u00e1ntara o el m\u00fasico Maykel Castillo. conocido como Osorbo, no recibieron el beneficio.<\/p>\n<p style=\"text-align: left;\">\u201cEl anuncio gubernamental de la finalizaci\u00f3n del proceso por el Jubileo 2025, llega sin una lista oficial y deja en las c\u00e1rceles cubanas al menos a 760 presos pol\u00edticos, algunos en malas condiciones de salud\u201d, dijo el Observatorio Cubano de Derechos Humanos en un comunicado del martes.<\/p>\n<p style=\"text-align: start;\"><em><strong>\u00a1Con\u00e9ctate con la Voz de Am\u00e9rica! Suscr\u00edbete a nuestros canales de <\/strong><\/em><em><strong>YouTube<\/strong><\/em><em><strong>, <\/strong><\/em><em><strong>WhatsApp<\/strong><\/em><em><strong>  y al <\/strong><\/em><em><strong>hoja informativa<\/strong><\/em><em><strong>. Activa las notificaciones y s\u00edguenos en <\/strong><\/em><em><strong>Facebook<\/strong><\/em><em><strong>, <\/strong><\/em><a class=\"wsw__a\" href=\"https:\/\/nam10.safelinks.protection.outlook.com\/?url=https%3A%2F%2Ftwitter.com%2FVozdeAmerica&amp;data=05%7C02%7Cwserrano%40voanews.com%7C0b9cfda59f52447b0ed708dc07d64451%7Cba99e87c673541c2b1c1354eee3a8659%7C0%7C0%7C638393864063639904%7CUnknown%7CTWFpbGZsb3d8eyJWIjoiMC4wLjAwMDAiLCJQIjoiV2luMzIiLCJBTiI6Ik1haWwiLCJXVCI6Mn0%3D%7C3000%7C%7C%7C&amp;sdata=unLJDFixL8cjTiSip1dC8ViP8otjrQyzq1ziP2g1PMo%3D&amp;reserved=0\"><em><strong>inc\u00f3gnita<\/strong><\/em><\/a><em><strong>  mi <\/strong><\/em><em><strong>Instagram<\/strong><\/em><em><strong>.<\/strong><\/em><\/p>\n<\/div>\n<p><script async src=\"https:\/\/platform.twitter.com\/widgets.js\" charset=\"utf-8\"><\/script><script async src=\"\/\/www.instagram.com\/embed.js\"><\/script><br \/>\n<br \/>\n","protected":false},"excerpt":{"rendered":"<p>LA HABANA \u2014 Activistas pol\u00edticos y de derechos humanos expresaron el martes su insatisfacci\u00f3n ante el anuncio el d\u00eda anterior por el gobierno cubano de dar por concluida la excarcelaci\u00f3n de presos en el marco de un acuerdo ofrecido al papa Francisco a comienzo de a\u00f1o. A mediados de enero, el presidente Miguel D\u00edaz-Canel dio &hellip;<\/p>\n","protected":false},"author":1,"featured_media":46177,"comment_status":"open","ping_status":"open","sticky":false,"template":"","format":"standard","meta":{"fifu_image_url":"https:\/\/gdb.voanews.com\/67061325-8e53-4f0b-a848-8fadcdb6223e_w1200_h630.jpg","fifu_image_alt":"","footnotes":""},"categories":[13],"tags":[],"class_list":["post-46175","post","type-post","status-publish","format-standard","has-post-thumbnail","","category-mundo"],"_links":{"self":[{"href":"https:\/\/noticiasveraces.com\/index.php?rest_route=\/wp\/v2\/posts\/46175","targetHints":{"allow":["GET"]}}],"collection":[{"href":"https:\/\/noticiasveraces.com\/index.php?rest_route=\/wp\/v2\/posts"}],"about":[{"href":"https:\/\/noticiasveraces.com\/index.php?rest_route=\/wp\/v2\/types\/post"}],"author":[{"embeddable":true,"href":"https:\/\/noticiasveraces.com\/index.php?rest_route=\/wp\/v2\/users\/1"}],"replies":[{"embeddable":true,"href":"https:\/\/noticiasveraces.com\/index.php?rest_route=%2Fwp%2Fv2%2Fcomments&post=46175"}],"version-history":[{"count":0,"href":"https:\/\/noticiasveraces.com\/index.php?rest_route=\/wp\/v2\/posts\/46175\/revisions"}],"wp:featuredmedia":[{"embeddable":true,"href":"https:\/\/noticiasveraces.com\/index.php?rest_route=\/wp\/v2\/media\/46177"}],"wp:attachment":[{"href":"https:\/\/noticiasveraces.com\/index.php?rest_route=%2Fwp%2Fv2%2Fmedia&parent=46175"}],"wp:term":[{"taxonomy":"category","embeddable":true,"href":"https:\/\/noticiasveraces.com\/index.php?rest_route=%2Fwp%2Fv2%2Fcategories&post=46175"},{"taxonomy":"post_tag","embeddable":true,"href":"https:\/\/noticiasveraces.com\/index.php?rest_route=%2Fwp%2Fv2%2Ftags&post=46175"}],"curies":[{"name":"wp","href":"https:\/\/api.w.org\/{rel}","templated":true}]}}