{"id":46156,"date":"2025-10-17T23:41:11","date_gmt":"2025-10-18T03:41:11","guid":{"rendered":"https:\/\/noticiasveraces.com\/?p=46156"},"modified":"2025-10-17T23:41:11","modified_gmt":"2025-10-18T03:41:11","slug":"la-muerte-de-un-manifestante-escala-contra-el-presidente-y-dos-ministros","status":"publish","type":"post","link":"https:\/\/noticiasveraces.com\/?p=46156","title":{"rendered":"la muerte de un manifestante escala contra el presidente y dos ministros"},"content":{"rendered":"<p> \n<\/p>\n<div>\n<p>La muerte de Eduardo Ruiz Sanz podr\u00eda tener consecuencias pol\u00edticas en Per\u00fa. La congresista Sigrid Baz\u00e1n, integrante del Bloque Democr\u00e1tico Popular, formaci\u00f3n que no apoya al nuevo presidente interino del pa\u00eds, present\u00f3 una denuncia constitucional contra Jos\u00e9 Jer\u00ed, el primer ministro, Ernesto \u00c1lvarez, y el ministro de Interior, Vicente Tiburcio, tras el fallecimiento del joven manifestante.<\/p>\n<p>Eduardo Ruiz Sanz, un rapero de 32 a\u00f1os conocido como Trvko, <strong>muri\u00f3 por disparos de un agente de Polic\u00eda<\/strong> en las manifestaciones que estallaron en el centro de Lima el mi\u00e9rcoles 15 de octubre.<\/p>\n<p><strong>La acusaci\u00f3n se\u00f1ala la presunta responsabilidad constitucional de los tres dirigentes en la muerte del joven.<\/strong> Sostiene que se habr\u00edan vulnerado derechos fundamentales, protegidos por la Constituci\u00f3n del pa\u00eds andino, faltando proteger el derecho a protestar, la integridad f\u00edsica y la obligaci\u00f3n del Estado de garantizar el respeto de los Derechos Humanos.<\/p>\n<div id=\"em-WBMZ343607-F24-ES-20251017\" class=\"m-em-flash\" data-xtwitter-script=\"\"><figcaption class=\"a-figcaption\">\n<\/figcaption><div class=\"o-em-consent \">\n<div class=\"o-em-consent__content\">\n<p class=\"o-em-consent__content__text\">Para mostrar este contenido de X (Twitter), debe autorizar las cookies de medici\u00f3n de audiencia y publicidad.<\/p>\n<p>        <button class=\"a-master-button a-master-button--dark\" data-action=\"accept\">Aceptar<i class=\"a-svg a-svg--icon-check\"\/><\/button><br \/>\n        <button class=\"a-link\" data-action=\"manage\">Gestionar mis opciones<i class=\"a-svg a-svg--icon-edit\"\/><\/button>\n    <\/div>\n<\/div>\n<\/div>\n<p>\u201cAcabo de presentar una denuncia constitucional contra Jos\u00e9 Jer\u00ed, su premier y su ministro del Interior, TODOS responsables pol\u00edticos de la muerte de Mauricio Ruiz y la violenta represi\u00f3n a decenas de civiles. No vamos a permitir que quienes dan las \u00f3rdenes queden impunes\u201d, escribi\u00f3 la congresista Sigrid Baz\u00e1n en su cuenta X, con el documento de la denuncia acompa\u00f1ando el mensaje.<\/p>\n<h2><strong>El Gobierno peruano promete una investigaci\u00f3n \u201chasta las \u00faltimas consecuencias\u201d<\/strong><\/h2>\n<p>El primer ministro Ernesto \u00c1lvarez reaccion\u00f3 a la denuncia, indicando que, \u201cpor tratarse de la primera vez que un gobierno realmente hace una investigaci\u00f3n, identifica a la persona que dispara y establece de manera documental que no existieron \u00f3rdenes de disparo ni de portar armas\u201d, la acci\u00f3n podr\u00eda responder a \u201cun tema inminente pol\u00edtico de aprovechamiento de una circunstancia lamentable\u201d, seg\u00fan report\u00f3 el diario peruano &#8216;El Comercio&#8217;.<\/p>\n<p>La preocupaci\u00f3n del Gobierno es \u201cpresionar al Ministerio del Interior para que haga <strong>una investigaci\u00f3n pronta, minuciosa y detallada<\/strong>\u201d porque \u201cs\u00ed creemos en los Derechos Humanos, por encima de cualquier tendencia pol\u00edtica\u201d, agreg\u00f3 Ernesto \u00c1lvarez.<\/p>\n<p>El primer ministro admiti\u00f3 que, en un inicio, les pareci\u00f3 \u201cinveros\u00edmil\u201d que el autor haya sido un agente de Polic\u00eda \u201cporque<strong> la orden era muy clara\u201d y era que no portaran armas de fuego para contener la protesta<\/strong>.<\/p>\n<div class=\"m-em-image\">\n<figure class=\"m-item-image m-item-image--original m-item-image--has-caption\">\n<picture class=\"a-picture a-picture--original\"><source type=\"image\/webp\" srcset=\"https:\/\/s.france24.com\/media\/display\/0e3e17ba-ab7b-11f0-826d-005056a90284\/w:246\/AP25290032876245.webp 246w,https:\/\/s.france24.com\/media\/display\/0e3e17ba-ab7b-11f0-826d-005056a90284\/w:388\/AP25290032876245.webp 388w,https:\/\/s.france24.com\/media\/display\/0e3e17ba-ab7b-11f0-826d-005056a90284\/w:720\/AP25290032876245.webp 720w,https:\/\/s.france24.com\/media\/display\/0e3e17ba-ab7b-11f0-826d-005056a90284\/w:980\/AP25290032876245.webp 980w\" sizes=\"(max-width: 1023px) calc(100vw - 32px), (min-width: 1024px) 850px\"><img decoding=\"async\" fetchpriority=\"low\" src=\"https:\/\/s.france24.com\/media\/display\/0e3e17ba-ab7b-11f0-826d-005056a90284\/w:980\/AP25290032876245.jpg\" srcset=\"https:\/\/s.france24.com\/media\/display\/0e3e17ba-ab7b-11f0-826d-005056a90284\/w:246\/AP25290032876245.jpg 246w,https:\/\/s.france24.com\/media\/display\/0e3e17ba-ab7b-11f0-826d-005056a90284\/w:388\/AP25290032876245.jpg 388w,https:\/\/s.france24.com\/media\/display\/0e3e17ba-ab7b-11f0-826d-005056a90284\/w:720\/AP25290032876245.jpg 720w,https:\/\/s.france24.com\/media\/display\/0e3e17ba-ab7b-11f0-826d-005056a90284\/w:980\/AP25290032876245.jpg 980w\" sizes=\"(max-width: 1023px) calc(100vw - 32px), (min-width: 1024px) 850px\" alt=\"Manifestantes honran la memoria de Eduardo Ruiz Sanz, un manifestante que muri\u00f3 durante una protesta contra el presidente interino Jos\u00e9 Jer\u00ed, en Lima, Per\u00fa, el 16 de octubre de 2025.\" style=\"max-height:567px\" loading=\"lazy\" class=\"a-img \"\/><\/source><\/picture><figcaption class=\"a-figcaption\">\n                <span>Manifestantes honran la memoria de Eduardo Ruiz Sanz, un manifestante que muri\u00f3 durante una protesta contra el presidente interino Jos\u00e9 Jer\u00ed, en Lima, Per\u00fa, el 16 de octubre de 2025.<\/span>                <span>\u00a9Guadalupe Pardo\/AP<\/span>            <\/figcaption><\/figure>\n<\/p><\/div>\n<p>Explic\u00f3 que el disparo puede haberse debido a <strong>un acto de defensa propia o hacer un uso irresponsable de su arma<\/strong>o un disparo al aire con rebote, pero que eso \u201cse va a dilucidar con la investigaci\u00f3n\u201d.<\/p>\n<p>Sin embargo, \u201cla muerte de un manifestante es un hecho sumamente grave, que se va a investigar hasta las \u00faltimas consecuencias\u201d, insisti\u00f3.<\/p>\n<p>Por su parte, el ministro de Interior, Vicente Tiburcio, tambi\u00e9n lament\u00f3 lo que calific\u00f3 de <strong>\u201cevento aislado\u201d<\/strong> y repiti\u00f3 que el autor del disparo ha sido identificado como el suboficial de tercera Luis Magallanes, quien va a ser investigado por esta muerte al igual que ser\u00e1 evaluada la responsabilidad del alto mando policial.<\/p>\n<h2><strong>El Gobierno peruano va a declarar el estado de emergencia en Lima<\/strong><\/h2>\n<p>Jos\u00e9 Jer\u00ed es el s\u00e9ptimo presidente que Per\u00fa tiene en menos de una d\u00e9cada. Se posesion\u00f3 el 10 de octubre tras la destituci\u00f3n de Dina Boluarte. Su breve mandato, que termina en julio pr\u00f3ximo por las elecciones programadas, comenz\u00f3 en medio de la pol\u00e9mica por una investigaci\u00f3n archivada de una denuncia de agresi\u00f3n sexual.<\/p>\n<p>Protestas en su contra, encabezadas por j\u00f3venes de la \u201cGeneraci\u00f3n Z\u201d, no tardaron en estallar, hasta provocar tensiones y violencias entre manifestantes y las fuerzas del orden, dejando <strong>m\u00e1s de 100 heridos<\/strong>.<\/p>\n<p>Los manifestantes incluso piden la dimisi\u00f3n del nuevo presidente interino. <strong>\u201cNo voy a renunciar, voy a continuar con la responsabilidad\u201d, respondi\u00f3 Jos\u00e9 Jer\u00ed<\/strong> a la prensa el jueves 16 de octubre.<\/p>\n<div class=\"m-em-image\">\n<figure class=\"m-item-image m-item-image--original m-item-image--has-caption\">\n<picture class=\"a-picture a-picture--original\"><source type=\"image\/webp\" srcset=\"https:\/\/s.france24.com\/media\/display\/fe3ea9f0-aa59-11f0-8807-005056a90284\/w:246\/AP25289050027429.webp 246w,https:\/\/s.france24.com\/media\/display\/fe3ea9f0-aa59-11f0-8807-005056a90284\/w:388\/AP25289050027429.webp 388w,https:\/\/s.france24.com\/media\/display\/fe3ea9f0-aa59-11f0-8807-005056a90284\/w:720\/AP25289050027429.webp 720w,https:\/\/s.france24.com\/media\/display\/fe3ea9f0-aa59-11f0-8807-005056a90284\/w:980\/AP25289050027429.webp 980w\" sizes=\"(max-width: 1023px) calc(100vw - 32px), (min-width: 1024px) 850px\"><img decoding=\"async\" fetchpriority=\"low\" src=\"https:\/\/s.france24.com\/media\/display\/fe3ea9f0-aa59-11f0-8807-005056a90284\/w:980\/AP25289050027429.jpg\" srcset=\"https:\/\/s.france24.com\/media\/display\/fe3ea9f0-aa59-11f0-8807-005056a90284\/w:246\/AP25289050027429.jpg 246w,https:\/\/s.france24.com\/media\/display\/fe3ea9f0-aa59-11f0-8807-005056a90284\/w:388\/AP25289050027429.jpg 388w,https:\/\/s.france24.com\/media\/display\/fe3ea9f0-aa59-11f0-8807-005056a90284\/w:720\/AP25289050027429.jpg 720w,https:\/\/s.france24.com\/media\/display\/fe3ea9f0-aa59-11f0-8807-005056a90284\/w:980\/AP25289050027429.jpg 980w\" sizes=\"(max-width: 1023px) calc(100vw - 32px), (min-width: 1024px) 850px\" alt=\"Un manifestante ondea una bandera peruana mientras un mu\u00f1eco de cart\u00f3n arde frente al Congreso en Lima, Per\u00fa, el mi\u00e9rcoles 15 de octubre de 2025.\" style=\"max-height:567px\" loading=\"lazy\" class=\"a-img \"\/><\/source><\/picture><figcaption class=\"a-figcaption\">\n                <span>Un manifestante ondea una bandera peruana mientras frente al Congreso durante una protesta contra el nuevo presidente Jos\u00e9 Jer\u00ed en Lima, Per\u00fa, el 15 de octubre de 2025.<\/span>                <span>\u00a9 Mart\u00edn Mej\u00eda \/ AP<\/span>            <\/figcaption><\/figure>\n<\/p><\/div>\n<p>Adem\u00e1s, el primer ministro, Ernesto \u00c1lvarez, indic\u00f3 el jueves que <strong>su Gobierno estaba preparando una declaraci\u00f3n de estado de emergencia en Lima<\/strong> para enfrentar lo que calific\u00f3 de criminalidad.<\/p>\n<p>Explic\u00f3 que \u201cno puede ser simplemente una declaraci\u00f3n et\u00e9rea, sino que tiene que venir acompa\u00f1ada de un paquete de medidas\u201d.<\/p>\n<p>Con el estado de emergencia, las Fuerzas Armadas pueden brindar apoyo a la Polic\u00eda para recuperar el control territorial y llevar a cabo acciones contra el crimen organizado, pero <strong>tambi\u00e9n se pueden suspender algunos derechos fundamentales como la libertad de reuni\u00f3n y de tr\u00e1nsito<\/strong>.<\/p>\n<p>Con EFE y medios locales<\/p>\n<\/p><\/div>\n\n","protected":false},"excerpt":{"rendered":"<p>La muerte de Eduardo Ruiz Sanz podr\u00eda tener consecuencias pol\u00edticas en Per\u00fa. La congresista Sigrid Baz\u00e1n, integrante del Bloque Democr\u00e1tico Popular, formaci\u00f3n que no apoya al nuevo presidente interino del pa\u00eds, present\u00f3 una denuncia constitucional contra Jos\u00e9 Jer\u00ed, el primer ministro, Ernesto \u00c1lvarez, y el ministro de Interior, Vicente Tiburcio, tras el fallecimiento del joven &hellip;<\/p>\n","protected":false},"author":1,"featured_media":46158,"comment_status":"open","ping_status":"open","sticky":false,"template":"","format":"standard","meta":{"fifu_image_url":"https:\/\/s.france24.com\/media\/display\/4b766ea8-ab7a-11f0-9e55-005056bf30b7\/w:1280\/p:16x9\/AP25289860732603.jpg","fifu_image_alt":"","footnotes":""},"categories":[13],"tags":[],"class_list":["post-46156","post","type-post","status-publish","format-standard","has-post-thumbnail","","category-mundo"],"_links":{"self":[{"href":"https:\/\/noticiasveraces.com\/index.php?rest_route=\/wp\/v2\/posts\/46156","targetHints":{"allow":["GET"]}}],"collection":[{"href":"https:\/\/noticiasveraces.com\/index.php?rest_route=\/wp\/v2\/posts"}],"about":[{"href":"https:\/\/noticiasveraces.com\/index.php?rest_route=\/wp\/v2\/types\/post"}],"author":[{"embeddable":true,"href":"https:\/\/noticiasveraces.com\/index.php?rest_route=\/wp\/v2\/users\/1"}],"replies":[{"embeddable":true,"href":"https:\/\/noticiasveraces.com\/index.php?rest_route=%2Fwp%2Fv2%2Fcomments&post=46156"}],"version-history":[{"count":0,"href":"https:\/\/noticiasveraces.com\/index.php?rest_route=\/wp\/v2\/posts\/46156\/revisions"}],"wp:featuredmedia":[{"embeddable":true,"href":"https:\/\/noticiasveraces.com\/index.php?rest_route=\/wp\/v2\/media\/46158"}],"wp:attachment":[{"href":"https:\/\/noticiasveraces.com\/index.php?rest_route=%2Fwp%2Fv2%2Fmedia&parent=46156"}],"wp:term":[{"taxonomy":"category","embeddable":true,"href":"https:\/\/noticiasveraces.com\/index.php?rest_route=%2Fwp%2Fv2%2Fcategories&post=46156"},{"taxonomy":"post_tag","embeddable":true,"href":"https:\/\/noticiasveraces.com\/index.php?rest_route=%2Fwp%2Fv2%2Ftags&post=46156"}],"curies":[{"name":"wp","href":"https:\/\/api.w.org\/{rel}","templated":true}]}}