{"id":46130,"date":"2025-10-17T20:14:48","date_gmt":"2025-10-18T00:14:48","guid":{"rendered":"https:\/\/noticiasveraces.com\/?p=46130"},"modified":"2025-10-17T20:14:48","modified_gmt":"2025-10-18T00:14:48","slug":"santa-teresa-linaje-presenta-su-primera-edicion-especial-con-servando-y-florentino","status":"publish","type":"post","link":"https:\/\/noticiasveraces.com\/?p=46130","title":{"rendered":"Santa Teresa Linaje presenta su primera edici\u00f3n especial con Servando y Florentino"},"content":{"rendered":"<p> \n<\/p>\n<div>\n<p><strong>Santa Teresa Linaje presenta al mercado su primera edici\u00f3n especial junto al reconocido d\u00fao venezolano Servando y Florentino<\/strong>en una botella que rinde homenaje a la cultura musical del pa\u00eds y fusiona la excelencia ronera de Santa Teresa con el legado art\u00edstico de los hermanos Primera, como tributo a la generaci\u00f3n que creci\u00f3 con sus canciones.<\/p>\n<p>El dise\u00f1o de esta edici\u00f3n mantiene la elegante silueta negra caracter\u00edstica de la botella de Linaje, pero esta vez <strong>presenta una etiqueta intervenida con la imagen de Servando y Florentino, que sella la uni\u00f3n entre dos \u00edconos venezolanos<\/strong>. En su interior, conserva el mismo l\u00edquido del ron <em>de primera calidad<\/em> de la marca, una mezcla sofisticada de rones de entre 3 y 15 a\u00f1os de a\u00f1ejamiento, con notas a chocolate oscuro, nueces y almendras, la combinaci\u00f3n ideal que te acompa\u00f1a para brindar en los mejores momentos.<\/p>\n<blockquote data-service=\"instagram\" data-category=\"marketing\" data-placeholder-image=\"https:\/\/eldiario.com\/wp-content\/plugins\/complianz-gdpr\/assets\/images\/placeholders\/instagram-minimal.jpg\" class=\"cmplz-placeholder-element instagram-media\" data-instgrm-captioned=\"\" data-instgrm-permalink=\"https:\/\/www.instagram.com\/reel\/DP7ZBsPDtyr\/?utm_source=ig_embed&amp;utm_campaign=loading\" data-instgrm-version=\"14\" style=\"background:#fff;border:0;border-radius:3px;box-shadow:0 0 1px 0 rgba(0,0,0,.5),0 1px 10px 0 rgba(0,0,0,.15);margin:1px;max-width:540px;min-width:326px;padding:0;width:99.375%;width:-webkit-calc(100% - 2px);width:calc(100% - 2px);\"\/>\n<p>\u201cEn Santa Teresa creemos que la cultura se construye con historias que inspiran y nos unen. Servando y Florentino representan evoluci\u00f3n, talento y ese orgullo venezolano que compartimos como marca. <strong>Esta edici\u00f3n celebra lo que somos y nos invita a brindar por la m\u00fasica, la maestr\u00eda y la autenticidad de nuestra gente\u201d, afirm\u00f3 Andr\u00e9s Chumaceiro, director de Operaciones de Ron Santa Teresa.<\/strong><\/p>\n<figure class=\"wp-block-image size-large\"><picture fetchpriority=\"high\" decoding=\"async\" class=\"wp-image-822750\"><source type=\"image\/webp\" sizes=\"(max-width: 1200px) 100vw, 1200px\" nitro-lazy-srcset=\"https:\/\/eldiario.com\/nitropack_static\/DWpklAePbJBFiBKvuTtiGMLbtJlHUqWt\/assets\/images\/optimized\/rev-4610e21\/eldiario.com\/wp-content\/uploads\/2025\/10\/SANTA-TERESA2-1200x900.png.webp 1200w, https:\/\/eldiario.com\/nitropack_static\/DWpklAePbJBFiBKvuTtiGMLbtJlHUqWt\/assets\/images\/optimized\/rev-4610e21\/eldiario.com\/wp-content\/uploads\/2025\/10\/SANTA-TERESA2-300x225.png.webp 300w, https:\/\/eldiario.com\/nitropack_static\/DWpklAePbJBFiBKvuTtiGMLbtJlHUqWt\/assets\/images\/optimized\/rev-4610e21\/eldiario.com\/wp-content\/uploads\/2025\/10\/SANTA-TERESA2-768x576.png.webp 768w, https:\/\/eldiario.com\/nitropack_static\/DWpklAePbJBFiBKvuTtiGMLbtJlHUqWt\/assets\/images\/optimized\/rev-4610e21\/eldiario.com\/wp-content\/uploads\/2025\/10\/SANTA-TERESA2-1536x1152.png.webp 1536w, https:\/\/eldiario.com\/nitropack_static\/DWpklAePbJBFiBKvuTtiGMLbtJlHUqWt\/assets\/images\/optimized\/rev-4610e21\/eldiario.com\/wp-content\/uploads\/2025\/10\/SANTA-TERESA2-860x645.png.webp 860w, https:\/\/eldiario.com\/nitropack_static\/DWpklAePbJBFiBKvuTtiGMLbtJlHUqWt\/assets\/images\/optimized\/rev-4610e21\/eldiario.com\/wp-content\/uploads\/2025\/10\/SANTA-TERESA2-150x113.png.webp 150w, https:\/\/eldiario.com\/nitropack_static\/DWpklAePbJBFiBKvuTtiGMLbtJlHUqWt\/assets\/images\/optimized\/rev-4610e21\/eldiario.com\/wp-content\/uploads\/2025\/10\/SANTA-TERESA2.png.webp 1600w\" nitro-lazy-empty=\"\" id=\"Nzk2OjY3MA==-1\" srcset=\"data:image\/svg+xml;nitro-empty-id=Nzk2OjY3MA==-1;base64,PHN2ZyB2aWV3Qm94PSIwIDAgMTIwMCA5MDAiIHdpZHRoPSIxMjAwIiBoZWlnaHQ9IjkwMCIgeG1sbnM9Imh0dHA6Ly93d3cudzMub3JnLzIwMDAvc3ZnIj48L3N2Zz4=\"\/><img fetchpriority=\"high\" width=\"1200\" height=\"900\" alt=\"Santa Teresa Linaje presenta su primera edici\u00f3n especial con Servando y Florentino\" sizes=\"(max-width: 1200px) 100vw, 1200px\" srcset=\"https:\/\/eldiario.com\/nitropack_static\/DWpklAePbJBFiBKvuTtiGMLbtJlHUqWt\/assets\/images\/optimized\/rev-4610e21\/eldiario.com\/wp-content\/uploads\/2025\/10\/SANTA-TERESA2-1200x900.png 1200w, https:\/\/eldiario.com\/nitropack_static\/DWpklAePbJBFiBKvuTtiGMLbtJlHUqWt\/assets\/images\/optimized\/rev-4610e21\/eldiario.com\/wp-content\/uploads\/2025\/10\/SANTA-TERESA2-300x225.png 300w, https:\/\/eldiario.com\/nitropack_static\/DWpklAePbJBFiBKvuTtiGMLbtJlHUqWt\/assets\/images\/optimized\/rev-4610e21\/eldiario.com\/wp-content\/uploads\/2025\/10\/SANTA-TERESA2-768x576.png 768w, https:\/\/eldiario.com\/nitropack_static\/DWpklAePbJBFiBKvuTtiGMLbtJlHUqWt\/assets\/images\/optimized\/rev-4610e21\/eldiario.com\/wp-content\/uploads\/2025\/10\/SANTA-TERESA2-1536x1152.png 1536w, https:\/\/eldiario.com\/nitropack_static\/DWpklAePbJBFiBKvuTtiGMLbtJlHUqWt\/assets\/images\/optimized\/rev-4610e21\/eldiario.com\/wp-content\/uploads\/2025\/10\/SANTA-TERESA2-860x645.png 860w, https:\/\/eldiario.com\/nitropack_static\/DWpklAePbJBFiBKvuTtiGMLbtJlHUqWt\/assets\/images\/optimized\/rev-4610e21\/eldiario.com\/wp-content\/uploads\/2025\/10\/SANTA-TERESA2-150x113.png 150w, https:\/\/eldiario.com\/nitropack_static\/DWpklAePbJBFiBKvuTtiGMLbtJlHUqWt\/assets\/images\/optimized\/rev-4610e21\/eldiario.com\/wp-content\/uploads\/2025\/10\/SANTA-TERESA2.png 1600w\" src=\"https:\/\/eldiario.com\/nitropack_static\/DWpklAePbJBFiBKvuTtiGMLbtJlHUqWt\/assets\/images\/optimized\/rev-4610e21\/eldiario.com\/wp-content\/uploads\/2025\/10\/SANTA-TERESA2-1200x900.png\" class=\"nitro-lazy\" decoding=\"async\" nitro-lazy-empty=\"\" id=\"Nzk3Ojg0OQ==-1\"\/> <\/picture> <\/figure>\n<p>Esta colaboraci\u00f3n entre la marca y los hermanos Primera no es casualidad, ya han coincidido en distintas iniciativas que reflejan el esp\u00edritu de Santa Teresa. En esta ocasi\u00f3n, l<strong>a propuesta conecta con el p\u00fablico de Linaje, por ser un ron que ha crecido y evolucionado junto a sus consumidores por m\u00e1s de una d\u00e9cada<\/strong>posicion\u00e1ndose como el l\u00edder del segmento Premium en el pa\u00eds y un referente de calidad en el mundo de las bebidas espirituosas.<\/p>\n<p>M\u00e1s all\u00e1 de su dise\u00f1o,<strong> la botella tuvo una participaci\u00f3n especial durante la presentaci\u00f3n de Free Cover de Servando y Florentino<\/strong>donde interpretaron algunos de sus temas m\u00e1s emblem\u00e1ticos. Adem\u00e1s, acompa\u00f1ar\u00e1 a los artistas durante su gira <em>Tour La Caleta<\/em>ofreciendo a los seguidores de la marca y del d\u00fao una pieza de colecci\u00f3n \u00fanica que eleva su significado y que podr\u00e1 encontrarse en los principales puntos de venta del pa\u00eds desde octubre de 2025.<\/p>\n<p>Con esta alianza, <strong>Santa Teresa sube la barra con una edici\u00f3n de primera y contin\u00faa consolidando su compromiso con Venezuela, celebrando a quienes, como los hermanos Primera, han dejado un legado cultural viviente<\/strong> que invita a los consumidores a seguir brindando por lo que nos une y nos hace sentir parte de una misma historia.<\/p>\n<p><strong>Santa Teresa es la primera productora de ron de Venezuela, con 229 a\u00f1os de tradici\u00f3n y maestr\u00eda venezolana<\/strong>. En la actualidad, se encuentra en m\u00e1s de 70 pa\u00edses con productos que ostentan con orgullo la Denominaci\u00f3n de Origen Controlado Ron de Venezuela.<\/p>\n<p><strong>Servando y Florentino Primera, mejor conocidos como \u201clos hermanos Primera\u201d, son un destacado d\u00fao venezolano reconocido internacionalmente por su amplia trayectoria en la m\u00fasica latina<\/strong> desde finales de los a\u00f1os noventa. Con m\u00e1s de 30 a\u00f1os en la industria, regresan a la escena cultural actual con su nuevo \u00e1lbum <em>Se Buscan: Vivos o Inmortales<\/em>que incluye colaboraciones con Maelo Ruiz, Porfi Baloa y Rawayana.<\/p>\n<\/p><\/div>\n<p><script async src=\"\/\/www.instagram.com\/embed.js\"><\/script><br \/>\n<br \/>\n","protected":false},"excerpt":{"rendered":"<p>Santa Teresa Linaje presenta al mercado su primera edici\u00f3n especial junto al reconocido d\u00fao venezolano Servando y Florentinoen una botella que rinde homenaje a la cultura musical del pa\u00eds y fusiona la excelencia ronera de Santa Teresa con el legado art\u00edstico de los hermanos Primera, como tributo a la generaci\u00f3n que creci\u00f3 con sus canciones. &hellip;<\/p>\n","protected":false},"author":1,"featured_media":46132,"comment_status":"open","ping_status":"open","sticky":false,"template":"","format":"standard","meta":{"fifu_image_url":"https:\/\/eldiario.com\/wp-content\/uploads\/2025\/10\/SANTA-TERESA2.png","fifu_image_alt":"","footnotes":""},"categories":[13],"tags":[],"class_list":["post-46130","post","type-post","status-publish","format-standard","has-post-thumbnail","","category-mundo"],"_links":{"self":[{"href":"https:\/\/noticiasveraces.com\/index.php?rest_route=\/wp\/v2\/posts\/46130","targetHints":{"allow":["GET"]}}],"collection":[{"href":"https:\/\/noticiasveraces.com\/index.php?rest_route=\/wp\/v2\/posts"}],"about":[{"href":"https:\/\/noticiasveraces.com\/index.php?rest_route=\/wp\/v2\/types\/post"}],"author":[{"embeddable":true,"href":"https:\/\/noticiasveraces.com\/index.php?rest_route=\/wp\/v2\/users\/1"}],"replies":[{"embeddable":true,"href":"https:\/\/noticiasveraces.com\/index.php?rest_route=%2Fwp%2Fv2%2Fcomments&post=46130"}],"version-history":[{"count":0,"href":"https:\/\/noticiasveraces.com\/index.php?rest_route=\/wp\/v2\/posts\/46130\/revisions"}],"wp:featuredmedia":[{"embeddable":true,"href":"https:\/\/noticiasveraces.com\/index.php?rest_route=\/wp\/v2\/media\/46132"}],"wp:attachment":[{"href":"https:\/\/noticiasveraces.com\/index.php?rest_route=%2Fwp%2Fv2%2Fmedia&parent=46130"}],"wp:term":[{"taxonomy":"category","embeddable":true,"href":"https:\/\/noticiasveraces.com\/index.php?rest_route=%2Fwp%2Fv2%2Fcategories&post=46130"},{"taxonomy":"post_tag","embeddable":true,"href":"https:\/\/noticiasveraces.com\/index.php?rest_route=%2Fwp%2Fv2%2Ftags&post=46130"}],"curies":[{"name":"wp","href":"https:\/\/api.w.org\/{rel}","templated":true}]}}