{"id":46126,"date":"2025-10-17T18:55:11","date_gmt":"2025-10-17T22:55:11","guid":{"rendered":"https:\/\/noticiasveraces.com\/?p=46126"},"modified":"2025-10-17T18:55:11","modified_gmt":"2025-10-17T22:55:11","slug":"asi-es-la-iconica-mansion-que-tiene-richard-rios-en-lisboa-curiosidades-de-futbol","status":"publish","type":"post","link":"https:\/\/noticiasveraces.com\/?p=46126","title":{"rendered":"As\u00ed es la ic\u00f3nica mansi\u00f3n que tiene Richard R\u00edos en Lisboa | Curiosidades de f\u00fatbol"},"content":{"rendered":"<p> \n<\/p>\n<div id=\"cuerpoArticulo\">\n<p class=\"texto intro cnx-companion-firstparagraph\" id=\"p257159-m539-538-540\"><b>Richard R\u00edos dio un gran salto futbol\u00edstico en su carrera al jugar en Benfica<\/b> esta temporada. El colombiano se hizo con la titularidad r\u00e1pidamente y es una pieza clave del equipo que disputa la UEFA Champions League 2025-26. Su contrato tambi\u00e9n se elev\u00f3, siendo uno de los jugadores mejor pagados del plantel y, gracias a ello, el ex Palmeiras <b>goza de un lujoso apartamento en Lisboa<\/b>.<\/p>\n<p class=\"texto contenido-parrafo-articulo cnx-companion-paragraph\" id=\"p257159-m557-2-558\">De acuerdo al sitio <i>Actualizar Tops<\/i>, <b>R\u00edos vive en Estrela<\/b>uno de los barrios m\u00e1s exclusivos de la capital portuguesa. Su hogar cuenta con una lujosa cocina, comedor, sala, dos habitaciones privadas (cada una con su propio ba\u00f1o y jacuzzi). Adem\u00e1s, cuenta con un estudio, sala de cine, una habitaci\u00f3n adecuada como gimnasio y un balc\u00f3n donde se puede observar toda la ciudad.<\/p>\n<div class=\"fotografia caja-articulo\" id=\"p257159-m563-3-564\">\n<div class=\"imagen-cuerpo-bk\">\n<figure itemscope=\"\" itemtype=\"https:\/\/schema.org\/ImageObject\" itemprop=\"image\" id=\"m568-567-569\" class=\"foto-galeria-articulo imagen-articulo foto-texto-articulo-galeria\"><img decoding=\"async\" alt=\"Casa de Richard R\u00edos\" src=\"data:image\/png;base64,iVBORw0KGgoAAAANSUhEUgAAAAEAAAABCAQAAAC1HAwCAAAAC0lEQVR42mP8\/x0AAvsB+DlKarAAAAAASUVORK5CYII=\" style=\" display: inline;\" data-original=\"\/files\/article_content\/uploads\/2025\/10\/17\/68f2c6ccce17f.png\"\/><meta itemprop=\"width\" content=\"600\"\/><meta itemprop=\"height\" content=\"450\"\/> <meta itemprop=\"url\" content=\"https:\/\/www.futbolred.com\/files\/article_content\/uploads\/2025\/10\/17\/68f2c6ccce17f.png\"\/><\/figure>\n<\/div>\n<div class=\"figcaption-cuerpo-bk credito-image-bk\"><figcaption class=\"foto-info\">\n<div class=\"titulo-foto-bk\">\n<p id=\"m575-1-576\" class=\"titulo pie-de-foto\">La casa de Richard R\u00edos desde dentro<\/p>\n<\/div>\n<p class=\"credito\">\n                            <span class=\"linea pre_credito\">Foto:<\/span><\/p>\n<p>                        <span id=\"m581-2-582\" class=\"autor\">Actualizar Tops<\/span><\/p>\n<\/figcaption><\/div>\n<\/p><\/div>\n<p class=\"texto contenido-parrafo-articulo cnx-companion-paragraph\" id=\"p257159-m589-4-590\">Seg\u00fan la fuente mencionada, <b>la propiedad de R\u00edos est\u00e1 valuada en 5 millones de d\u00f3lares<\/b>. Sin embargo, el apartamento no ser\u00eda propio del colombiano, sino que el club se lo ha ofrecido para que viva all\u00ed durante los cinco a\u00f1os que jugar\u00e1 en Portugal. Adem\u00e1s, Benfica le ha prestado un lujoso carro para que se movilice por la ciudad: un Audi Q8.<\/p>\n<p>            <span class=\"articulo-subtitulo subtitulo2 espacio-contenido cnx-companion-subtitle\" id=\"p257159-m640-6-641\">El millonario salario de Richard R\u00edos en Benfica<br \/><\/span><\/p>\n<p class=\"texto contenido-parrafo-articulo cnx-companion-paragraph\" id=\"p257159-m646-7-647\">Tras dar el salto a Europa, el salario de R\u00edos se vio afectado de forma significativa. Distintos portales internacionales afirman que el colombiano <b>est\u00e1 ganando 3.4 millones de d\u00f3lares por temporada en Benfica<\/b>siendo uno de los jugadores con mayor salario del equipo. La diferencia de salarios es abismal si comparamos lo que R\u00edos recib\u00eda en Palmeiras: aproximadamente 1 mill\u00f3n de d\u00f3lares al a\u00f1o.<\/p>\n<p><span class=\"articulo-subtitulo subtitulo2 espacio-contenido cnx-companion-subtitle\" id=\"p257159-m652-8-653\">La gran fortuna de R\u00edos a sus 25 a\u00f1os<br \/><\/span><\/p>\n<p class=\"texto contenido-parrafo-articulo cnx-companion-paragraph\" id=\"p257159-m658-9-659\">De acuerdo al sitio mencionado, el ex Palmeiras <b>ha conseguido acumular una fortuna de 8 millones de d\u00f3lares<\/b> gracias a su grandiosa carrera en Brasil y sumando patrocinios con distintas marcas. Por otro lado, mencionan que R\u00edos es fan\u00e1tico de los carros deportivos, por lo que no ser\u00eda extra\u00f1o que adquiera alg\u00fan veh\u00edculo en los pr\u00f3ximos a\u00f1os.<\/p>\n<\/div>\n\n","protected":false},"excerpt":{"rendered":"<p>Richard R\u00edos dio un gran salto futbol\u00edstico en su carrera al jugar en Benfica esta temporada. El colombiano se hizo con la titularidad r\u00e1pidamente y es una pieza clave del equipo que disputa la UEFA Champions League 2025-26. Su contrato tambi\u00e9n se elev\u00f3, siendo uno de los jugadores mejor pagados del plantel y, gracias a &hellip;<\/p>\n","protected":false},"author":1,"featured_media":46127,"comment_status":"open","ping_status":"open","sticky":false,"template":"","format":"standard","meta":{"fifu_image_url":"https:\/\/www.futbolred.com\/files\/og_thumbnail\/uploads\/2025\/10\/17\/68f2c5c4435c8.png","fifu_image_alt":"","footnotes":""},"categories":[6],"tags":[],"class_list":["post-46126","post","type-post","status-publish","format-standard","has-post-thumbnail","","category-deportes"],"_links":{"self":[{"href":"https:\/\/noticiasveraces.com\/index.php?rest_route=\/wp\/v2\/posts\/46126","targetHints":{"allow":["GET"]}}],"collection":[{"href":"https:\/\/noticiasveraces.com\/index.php?rest_route=\/wp\/v2\/posts"}],"about":[{"href":"https:\/\/noticiasveraces.com\/index.php?rest_route=\/wp\/v2\/types\/post"}],"author":[{"embeddable":true,"href":"https:\/\/noticiasveraces.com\/index.php?rest_route=\/wp\/v2\/users\/1"}],"replies":[{"embeddable":true,"href":"https:\/\/noticiasveraces.com\/index.php?rest_route=%2Fwp%2Fv2%2Fcomments&post=46126"}],"version-history":[{"count":0,"href":"https:\/\/noticiasveraces.com\/index.php?rest_route=\/wp\/v2\/posts\/46126\/revisions"}],"wp:featuredmedia":[{"embeddable":true,"href":"https:\/\/noticiasveraces.com\/index.php?rest_route=\/wp\/v2\/media\/46127"}],"wp:attachment":[{"href":"https:\/\/noticiasveraces.com\/index.php?rest_route=%2Fwp%2Fv2%2Fmedia&parent=46126"}],"wp:term":[{"taxonomy":"category","embeddable":true,"href":"https:\/\/noticiasveraces.com\/index.php?rest_route=%2Fwp%2Fv2%2Fcategories&post=46126"},{"taxonomy":"post_tag","embeddable":true,"href":"https:\/\/noticiasveraces.com\/index.php?rest_route=%2Fwp%2Fv2%2Ftags&post=46126"}],"curies":[{"name":"wp","href":"https:\/\/api.w.org\/{rel}","templated":true}]}}