{"id":46087,"date":"2025-10-17T12:39:02","date_gmt":"2025-10-17T16:39:02","guid":{"rendered":"https:\/\/noticiasveraces.com\/?p=46087"},"modified":"2025-10-17T12:39:02","modified_gmt":"2025-10-17T16:39:02","slug":"jose-nestor-pekerman-lo-que-estudio-antes-de-convertirse-en-entrenador-curiosidades-de-futbol","status":"publish","type":"post","link":"https:\/\/noticiasveraces.com\/?p=46087","title":{"rendered":"Jos\u00e9 N\u00e9stor P\u00e9kerman: lo que estudi\u00f3 antes de convertirse en entrenador | Curiosidades de f\u00fatbol"},"content":{"rendered":"<p> \n<\/p>\n<div id=\"cuerpoArticulo\">\n<p class=\"texto intro cnx-companion-firstparagraph\" id=\"pnull-m194-193-195\">Jos\u00e9 N\u00e9stor P\u00e9kerman es palabra autorizada para hablar de la Selecci\u00f3n Colombia, el FPC y el f\u00fatbol en general, gracias a los buenos resultados que obtuvo a lo largo de su carrera como entrenador. Lo que pocos saben es que, por su lesi\u00f3n y retiro temprano como futbolista, <b>el argentino estudi\u00f3 y tuvo una interesante formaci\u00f3n acad\u00e9mica. <\/b><\/p>\n<p class=\"texto contenido-parrafo-articulo cnx-companion-paragraph\" id=\"pnull-m206-2-207\">De acuerdo a la informaci\u00f3n que brind\u00f3 el periodista Sebastian Rafanelli en un perfil sobre el entrenador, <b>Jos\u00e9 P\u00e9kerman tuvo una \u00e9poca donde estudi\u00f3 dos carreras de grado<\/b> entre que dej\u00f3 de ser futbolista y comenz\u00f3 a ser ayudante de directores t\u00e9cnicos. Por otro lado, la IA explic\u00f3 qu\u00e9 entrenador le har\u00e1 ganar un t\u00edtulo a la Selecci\u00f3n Colombia.<\/p>\n<div class=\"fotografia caja-articulo\" id=\"pnull-m416-3-417\">\n<div class=\"imagen-cuerpo-bk\">\n<figure itemscope=\"\" itemtype=\"https:\/\/schema.org\/ImageObject\" itemprop=\"image\" class=\"foto-galeria-articulo imagen-articulo foto-texto-articulo-galeria\" id=\"m421-420-422\"><img decoding=\"async\" src=\"data:image\/png;base64,iVBORw0KGgoAAAANSUhEUgAAAAEAAAABCAQAAAC1HAwCAAAAC0lEQVR42mP8\/x0AAvsB+DlKarAAAAAASUVORK5CYII=\" style=\" display: inline;\" alt=\"Jos\u00e9 P\u00e9kerman\" data-original=\"\/files\/article_content\/uploads\/2022\/03\/26\/623f7ea366d5f.jpeg\"\/><meta itemprop=\"width\" content=\"600\"\/><meta itemprop=\"height\" content=\"450\"\/> <meta itemprop=\"url\" content=\"https:\/\/www.futbolred.com\/files\/article_content\/uploads\/2022\/03\/26\/623f7ea366d5f.jpeg\"\/><\/figure>\n<\/div><\/div>\n<p class=\"texto contenido-parrafo-articulo cnx-companion-paragraph\" id=\"pnull-m253-3-254\">Muchos le atribuyen el gran nivel de ense\u00f1anza y formaci\u00f3n a j\u00f3venes futbolistas a la formaci\u00f3n acad\u00e9mica que tuvo P\u00e9kerman, puesto que <b>estudi\u00f3 Profesorado de Educaci\u00f3n F\u00edsica y Kinesiolog\u00eda<\/b>. Por supuesto, ambas cosas est\u00e1n ligadas al deporte, la gran pasi\u00f3n que encontr\u00f3 al marcharse de su Entre R\u00edos natal a Buenos Aires cuando era joven. <\/p>\n<p>            <span class=\"articulo-subtitulo subtitulo2 espacio-contenido cnx-companion-subtitle\" id=\"pnull-m261-4-262\">\u00bfQu\u00e9 debe hacer la Selecci\u00f3n Colombia para mejorar, seg\u00fan Jos\u00e9 P\u00e9kerman?<br \/><\/span><\/p>\n<p class=\"texto contenido-parrafo-articulo cnx-companion-paragraph\" id=\"pnull-m269-5-270\">Luego de contar algunas cosas sobre c\u00f3mo pudo mejorar a la Selecci\u00f3n Colombia e ir a dos mundiales con el viejo sistema de clasificaci\u00f3n (4 directo + 1 repechaje), P\u00e9kerman hizo hincapi\u00e9 en saber superarse tras las derrotas. <b>\u201cYo siempre dije que Colombia todav\u00eda tiene que crecer en aspectos de pasar este tipo de situaciones, en momentos clave\u201d<\/b>expres\u00f3 en <i>ESPN<\/i>.<\/p>\n<div class=\"fotografia caja-articulo\" id=\"pnull-m582-8-583\">\n<div class=\"imagen-cuerpo-bk\">\n<figure itemscope=\"\" itemtype=\"https:\/\/schema.org\/ImageObject\" itemprop=\"image\" class=\"foto-galeria-articulo imagen-articulo foto-texto-articulo-galeria\" id=\"m587-586-588\"><img decoding=\"async\" src=\"data:image\/png;base64,iVBORw0KGgoAAAANSUhEUgAAAAEAAAABCAQAAAC1HAwCAAAAC0lEQVR42mP8\/x0AAvsB+DlKarAAAAAASUVORK5CYII=\" style=\" display: inline;\" alt=\"P\u00e9kerman\" data-original=\"\/files\/article_content\/uploads\/2018\/09\/04\/5b8ef962c349a.jpeg\"\/><meta itemprop=\"width\" content=\"600\"\/><meta itemprop=\"height\" content=\"450\"\/> <meta itemprop=\"url\" content=\"https:\/\/www.futbolred.com\/files\/article_content\/uploads\/2018\/09\/04\/5b8ef962c349a.jpeg\"\/><\/figure>\n<\/div>\n<div class=\"figcaption-cuerpo-bk credito-image-bk\"><figcaption class=\"foto-info\">\n<div class=\"titulo-foto-bk\">\n<p class=\"titulo pie-de-foto\" id=\"m594-1-595\">Antes de la pr\u00f3rroga frente a Inglaterra en Rusia 2018.<\/p>\n<\/div>\n<p class=\"credito\">\n                            <span class=\"linea pre_credito\">Foto:<\/span><\/p>\n<p>                        <span class=\"autor\" id=\"m600-2-601\">REUTERS<\/span><\/p>\n<\/figcaption><\/div>\n<\/p><\/div>\n<p class=\"texto contenido-parrafo-articulo cnx-companion-paragraph\" id=\"pnull-m277-6-278\">Siguiendo con ese di\u00e1logo, P\u00e9kerman mencion\u00f3 que en Argentina el f\u00fatbol es popular en todo el pa\u00eds y los grandes clubes se nutren de jugadores de todas las regiones. \u201c<b>Tenemos que trabajar mucho en las divisiones inferiores. No es lo mismo. Es casi imposible a nivel nacional poder hacer lo que tiene Argentina<\/b>la competencia que tiene en las distintas categor\u00edas\u201d, agreg\u00f3.<\/p>\n<p><span class=\"articulo-subtitulo subtitulo2 espacio-contenido cnx-companion-subtitle\" id=\"pnull-m285-7-286\" style=\"width: auto;\">Los n\u00fameros de Jos\u00e9 N\u00e9stor P\u00e9kerman con la Selecci\u00f3n Colombia<br \/><\/span><\/p>\n<div class=\"lista-no-ordenada-cuerpo-bk cnx-companion-nonarrangedlist\" id=\"pnull-m293-8-294\">\n<ul class=\"lista-no-ordenada ul\">\n<li id=\"m300-299-301\" data-collection=\"pnull-m293-8-294\">\n<p>        <span id=\"m305-304-306\" style=\"width: auto;\">Partidos dirigidos: 78<br \/><\/span><\/li>\n<li id=\"m312-1-313\" data-collection=\"pnull-m293-8-294\">\n<p>        <span id=\"m317-316-318\" style=\"width: auto;\">Partidos ganados: 41<br \/><\/span><\/li>\n<li id=\"m324-2-325\" data-collection=\"pnull-m293-8-294\">\n<p>        <span id=\"m329-328-330\" style=\"width: auto;\">Partidos empatados: 20<br \/><\/span><\/li>\n<li id=\"m336-3-337\" data-collection=\"pnull-m293-8-294\">\n<p>        <span id=\"m341-340-342\" style=\"width: auto;\">Partidos perdidos: 17<br \/><\/span><\/li>\n<li id=\"m348-4-349\" data-collection=\"pnull-m293-8-294\">\n<p>        <span id=\"m353-352-354\" style=\"width: auto;\">Posici\u00f3n en Eliminatorias: 2\u00b0 en 2014 y 4\u00b0 en 2018<br \/><\/span><\/li>\n<li id=\"m360-5-361\" data-collection=\"pnull-m293-8-294\">\n<p>        <span id=\"m365-364-366\" style=\"width: auto;\">Rendimiento en Mundial 2014: Cuartos de final (eliminado por Brasil 2-1)<br \/><\/span><\/li>\n<li id=\"m372-6-373\" data-collection=\"pnull-m293-8-294\">\n<p>        <span id=\"m377-376-378\" style=\"width: auto;\">Rendimiento en Mundial 2018: Octavos de final (eliminado por Inglaterra en penaltis)<br \/><\/span><\/li>\n<li id=\"m384-7-385\" data-collection=\"pnull-m293-8-294\">\n<p>        <span id=\"m389-388-390\" style=\"width: auto;\">T\u00edtulos: 0 (cero).<\/span><\/li>\n<\/ul>\n<\/div>\n<\/div>\n\n","protected":false},"excerpt":{"rendered":"<p>Jos\u00e9 N\u00e9stor P\u00e9kerman es palabra autorizada para hablar de la Selecci\u00f3n Colombia, el FPC y el f\u00fatbol en general, gracias a los buenos resultados que obtuvo a lo largo de su carrera como entrenador. Lo que pocos saben es que, por su lesi\u00f3n y retiro temprano como futbolista, el argentino estudi\u00f3 y tuvo una interesante &hellip;<\/p>\n","protected":false},"author":1,"featured_media":46088,"comment_status":"open","ping_status":"open","sticky":false,"template":"","format":"standard","meta":{"fifu_image_url":"https:\/\/www.futbolred.com\/files\/og_thumbnail\/uploads\/2025\/10\/17\/68f26d369d4cf.jpeg","fifu_image_alt":"","footnotes":""},"categories":[6],"tags":[],"class_list":["post-46087","post","type-post","status-publish","format-standard","has-post-thumbnail","","category-deportes"],"_links":{"self":[{"href":"https:\/\/noticiasveraces.com\/index.php?rest_route=\/wp\/v2\/posts\/46087","targetHints":{"allow":["GET"]}}],"collection":[{"href":"https:\/\/noticiasveraces.com\/index.php?rest_route=\/wp\/v2\/posts"}],"about":[{"href":"https:\/\/noticiasveraces.com\/index.php?rest_route=\/wp\/v2\/types\/post"}],"author":[{"embeddable":true,"href":"https:\/\/noticiasveraces.com\/index.php?rest_route=\/wp\/v2\/users\/1"}],"replies":[{"embeddable":true,"href":"https:\/\/noticiasveraces.com\/index.php?rest_route=%2Fwp%2Fv2%2Fcomments&post=46087"}],"version-history":[{"count":0,"href":"https:\/\/noticiasveraces.com\/index.php?rest_route=\/wp\/v2\/posts\/46087\/revisions"}],"wp:featuredmedia":[{"embeddable":true,"href":"https:\/\/noticiasveraces.com\/index.php?rest_route=\/wp\/v2\/media\/46088"}],"wp:attachment":[{"href":"https:\/\/noticiasveraces.com\/index.php?rest_route=%2Fwp%2Fv2%2Fmedia&parent=46087"}],"wp:term":[{"taxonomy":"category","embeddable":true,"href":"https:\/\/noticiasveraces.com\/index.php?rest_route=%2Fwp%2Fv2%2Fcategories&post=46087"},{"taxonomy":"post_tag","embeddable":true,"href":"https:\/\/noticiasveraces.com\/index.php?rest_route=%2Fwp%2Fv2%2Ftags&post=46087"}],"curies":[{"name":"wp","href":"https:\/\/api.w.org\/{rel}","templated":true}]}}