{"id":46080,"date":"2025-10-17T11:42:00","date_gmt":"2025-10-17T15:42:00","guid":{"rendered":"https:\/\/noticiasveraces.com\/?p=46080"},"modified":"2025-10-17T11:42:00","modified_gmt":"2025-10-17T15:42:00","slug":"cuba-ratifica-solidaridad-con-venezuela-ante-amenazas-imperiales","status":"publish","type":"post","link":"https:\/\/noticiasveraces.com\/?p=46080","title":{"rendered":"Cuba ratifica solidaridad con Venezuela ante amenazas imperiales"},"content":{"rendered":"<p> \n<\/p>\n<div>\n<p>Una evento de gran relevancia se desarroll\u00f3 en La Habana \u2013 Cuba, el cual estuvo presidido por el presidente Miguel D\u00edaz-Canel, donde a trav\u00e9s de una concentraci\u00f3n de cientos de cubanos ratificaron su apoyo y solidaridad con el pueblo venezolano y el jefe de Estado, Nicol\u00e1s Maduro, ante las amenazas y el sometimiento imperial por parte de EEUU.<\/p>\n<p>La ceremonia tambi\u00e9n cont\u00f3 con la presencia de diversas autoridades nacionales, en la que tambi\u00e9n hizo acto de presencia por Venezuela el primer vicepresidente de la Asamblea Nacional (AN), Pedro Infante, quien resalt\u00f3 las palabras del Libertador y del comandante Hugo Ch\u00e1vez, expresando: \u201cTraigo en mi voz el eco del Libertador y del comandante Hugo Ch\u00e1vez, un abrazo fraterno y la gratitud infinita para este pueblo. Cuba y Venezuela son naciones hermanas que representan la herencia de lucha por la liberaci\u00f3n y la independencia.\u201d<\/p>\n<p>Con este mensaje subray\u00f3 la relaci\u00f3n fraternal entre ambas naciones, que han enfrentado desaf\u00edos similares.<\/p>\n<p>Enfatiz\u00f3 que tanto Cuba como Venezuela son pa\u00edses de paz, cuyas comunidades y gobiernos han sido v\u00edctimas de la hegemon\u00eda estadounidense.<\/p>\n<p>\u201cDesde esta tribuna nos sumamos al llamado para que cesen las afirmaciones de xenofobia y la persecuci\u00f3n contra los venezolanos y otros migrantes,\u201d a\u00f1adi\u00f3, reafirmando su compromiso con la defensa de los derechos humanos.<\/p>\n<p>En ese orden de ideas destac\u00f3 la importancia de la unidad en latinoam\u00e9rica y a\u00f1adi\u00f3 que Venezuela y Cuba seguir\u00e1n promoviendo la unidad y la integraci\u00f3n latinoamericana y caribe\u00f1a \u00abpues no somos su patio trasero, somos rep\u00fablicas soberanas e independientes dispuestas a dar la vida en defensa de nuestros pueblos si fuera necesario.\u201d<\/p>\n<p>Por su parte el mandatario cubano, Miguel D\u00edaz-Canel, hizo entrega a Infante del primer libro que contiene m\u00e1s de 4.000.000 de firmas a la declaraci\u00f3n del gobierno de Cuba en respaldo a Venezuela.<\/p>\n<p>\u201cEn cada firma est\u00e1 el latido de un pueblo que no claudica, las r\u00fabricas de los herederos de Mart\u00ed. Esta marea de nombres y voluntades unidas es una demostraci\u00f3n vibrante de la m\u00e1xima fidelista de que por Venezuela habr\u00e1 que darlo todo,\u201d expres\u00f3 D\u00edaz Canel.<\/p>\n<p>Finalmente, el secretario de organizaci\u00f3n del Comit\u00e9 Central del Partido Comunista, Roberto Morales, tambi\u00e9n se dirigi\u00f3 a los presentes, afirmando: \u201cHoy no solo defendemos su derecho a la autodeterminaci\u00f3n, sino la dignidad de Am\u00e9rica.\u201d<\/p>\n<p>\u00abQuien se mete con Venezuela, se mete con Cuba, somos una sola trinchera y un solo coraz\u00f3n en dos pueblos\u00bb, asever\u00f3 al mismo tiempo que expres\u00f3 el respaldo de la naci\u00f3n cubana hacia la Patria de Bol\u00edvar que reafirm\u00f3 el comandante Fidel Castro.<\/p>\n<p>En referencia al Premio Nobal de la Paz que fue otorgado a laopositora extremista, Mar\u00eda Corina Machado, Morales Ojeda, catalog\u00f3 tal menci\u00f3n como un galard\u00f3n desprestigiado, pues considera que el premio congratula a vendepatrias, quienes atentan contra la vida de los ciudadanos y piden intervenciones militares a su naci\u00f3n en cooperaci\u00f3n con imperios.<\/p>\n<p>Este acto se convierte en un s\u00edmbolo de apoyo mutuo en tiempos dif\u00edciles, reafirmando que Cuba siente como propia la lucha y las victorias del pueblo venezolano. A trav\u00e9s de este evento, Cuba reitera su compromiso inquebrantable con Venezuela, reafirmando que en momentos de adversidad, el pa\u00eds caribe\u00f1o no est\u00e1 solo.<\/p>\n<\/div>\n\n","protected":false},"excerpt":{"rendered":"<p>Una evento de gran relevancia se desarroll\u00f3 en La Habana \u2013 Cuba, el cual estuvo presidido por el presidente Miguel D\u00edaz-Canel, donde a trav\u00e9s de una concentraci\u00f3n de cientos de cubanos ratificaron su apoyo y solidaridad con el pueblo venezolano y el jefe de Estado, Nicol\u00e1s Maduro, ante las amenazas y el sometimiento imperial por &hellip;<\/p>\n","protected":false},"author":1,"featured_media":46081,"comment_status":"open","ping_status":"open","sticky":false,"template":"","format":"standard","meta":{"fifu_image_url":"https:\/\/ultimasnoticias.com.ve\/wp-content\/uploads\/2025\/10\/Sin-titulo-7.jpg","fifu_image_alt":"","footnotes":""},"categories":[4],"tags":[],"class_list":["post-46080","post","type-post","status-publish","format-standard","has-post-thumbnail","","category-historias-destacadas"],"_links":{"self":[{"href":"https:\/\/noticiasveraces.com\/index.php?rest_route=\/wp\/v2\/posts\/46080","targetHints":{"allow":["GET"]}}],"collection":[{"href":"https:\/\/noticiasveraces.com\/index.php?rest_route=\/wp\/v2\/posts"}],"about":[{"href":"https:\/\/noticiasveraces.com\/index.php?rest_route=\/wp\/v2\/types\/post"}],"author":[{"embeddable":true,"href":"https:\/\/noticiasveraces.com\/index.php?rest_route=\/wp\/v2\/users\/1"}],"replies":[{"embeddable":true,"href":"https:\/\/noticiasveraces.com\/index.php?rest_route=%2Fwp%2Fv2%2Fcomments&post=46080"}],"version-history":[{"count":0,"href":"https:\/\/noticiasveraces.com\/index.php?rest_route=\/wp\/v2\/posts\/46080\/revisions"}],"wp:featuredmedia":[{"embeddable":true,"href":"https:\/\/noticiasveraces.com\/index.php?rest_route=\/wp\/v2\/media\/46081"}],"wp:attachment":[{"href":"https:\/\/noticiasveraces.com\/index.php?rest_route=%2Fwp%2Fv2%2Fmedia&parent=46080"}],"wp:term":[{"taxonomy":"category","embeddable":true,"href":"https:\/\/noticiasveraces.com\/index.php?rest_route=%2Fwp%2Fv2%2Fcategories&post=46080"},{"taxonomy":"post_tag","embeddable":true,"href":"https:\/\/noticiasveraces.com\/index.php?rest_route=%2Fwp%2Fv2%2Ftags&post=46080"}],"curies":[{"name":"wp","href":"https:\/\/api.w.org\/{rel}","templated":true}]}}