{"id":46070,"date":"2025-10-17T09:37:31","date_gmt":"2025-10-17T13:37:31","guid":{"rendered":"https:\/\/noticiasveraces.com\/?p=46070"},"modified":"2025-10-17T09:37:31","modified_gmt":"2025-10-17T13:37:31","slug":"el-instituto-de-las-mujeres-recopilara-en-un-archivo-los-relatos-sobre-experiencias-de-violencia-sociedad","status":"publish","type":"post","link":"https:\/\/noticiasveraces.com\/?p=46070","title":{"rendered":"El Instituto de las Mujeres recopilar\u00e1 en un archivo los relatos sobre experiencias de violencia | Sociedad"},"content":{"rendered":"<p> \n<br \/><img decoding=\"async\" src=\"https:\/\/imagenes.elpais.com\/resizer\/v2\/7VSCQAJR25CRNKZRVW3YJ6OCAM.jpg?auth=31bfc79c78d0b9f6f01b7098d147e85d98190ee7061bb567761d399b8618f59f\" \/><\/p>\n<div data-dtm-region=\"articulo_cuerpo\">\n<p class=\"\">El Instituto de las Mujeres compilar\u00e1 testimonios de aquellas que han sufrido experiencias de violencia machista para crear un archivo. El proyecto de este organismo aut\u00f3nomo, adscrito al Ministerio de Igualdad, busca recopilar las vivencias narradas en primera persona de manera que sirvan de base para futuras investigaciones y para la creaci\u00f3n de pol\u00edticas p\u00fablicas. Para comenzar la documentaci\u00f3n, el Ministerio ha escogido como fuente el proyecto de la periodista Cristina Fallar\u00e1s, que lleva varios a\u00f1os recogiendo miles de testimonios a trav\u00e9s de sus redes sociales y public\u00e1ndolos despu\u00e9s de anonimizarlos. Seg\u00fan los c\u00e1lculos del Estado, se denuncian de manera formal una de cada 10 agresiones machistas. <\/p>\n<p class=\"\">La iniciativa, \u201cin\u00e9dita hasta ahora, construir\u00e1 un archivo hist\u00f3rico para crear una nueva memoria colectiva sobre las experiencias de las mujeres narradas en primera persona\u201d, explica la entidad a trav\u00e9s de un comunicado este viernes. La creaci\u00f3n de esta memoria, seg\u00fan el Ministerio, tambi\u00e9n busca dar entidad a la narrativa de las mujeres en internet, donde en ocasiones acuden \u201ccomo un espacio seguro y un altavoz donde poder compartir sus experiencias y encontrar un marco de denuncia y escucha\u201d. En algunos casos, sentirse escuchadas y recibir respaldo emocional puede ser lo que necesitan para ganar la seguridad antes de acudir a las instituciones. <\/p>\n<p class=\"\">El por qu\u00e9 de haber escogido el trabajo de Fallar\u00e1s es por ser \u201creferente en el \u00e1mbito de las redes sociales, tanto por la gran cantidad de testimonios aportados como por las caracter\u00edsticas de estos\u201d. La compilaci\u00f3n \u201cevidencia la diversidad sociodemogr\u00e1fica de las mujeres que han dado el paso de relatar su historia: diferentes niveles socioecon\u00f3micos, educativos, edades, profesiones y procedencias\u201d. Y la recogida de estos relatos, explica el comunicado, \u201cha sido concebida y realizada conforme a est\u00e1ndares profesionales period\u00edsticos, lo que garantiza su autenticidad y credibilidad\u201d.<\/p>\n<p class=\"\">Publicar su experiencia online, de forma an\u00f3nima, o hacerlo ante el sistema de justicia responden a necesidades distintas de las v\u00edctimas. Los especialistas coinciden en que el testimonio y la denuncia son formas diferentes de atravesar la violencia sufrida. Fallar\u00e1s relataba a este medio el a\u00f1o pasado los diferentes motivos que ellas le daban para mantener el anonimato: testimonios de violencia sexual en la infancia ya prescritos, casos en los que presentaron quejas en la empresa o en el partido pol\u00edtico de turno y las apartaron, otros casos en los que el agresor era el marido o el exmarido que las ten\u00eda amenazadas y tem\u00edan ser atacadas de nuevo si lo hac\u00edan p\u00fablico, o porque el agresor era su superior jer\u00e1rquico. <\/p>\n<p class=\"\">Durante los \u00faltimos a\u00f1os, Cristina Fallar\u00e1s ha recibido historias y las ha publicado sin nombres y apellidos, tanto de las mujeres que denuncian como los hombres a los que acusan. La periodista recopil\u00f3 los testimonios que recibi\u00f3 durante tres a\u00f1os en el libro <i>No publiques mi nombre. Testimonios contra la violencia sexual <\/i>(Siglo Veintiuno), publicado el noviembre del a\u00f1o pasado. All\u00ed dice haber aglutinado un 10% de los relatos que hab\u00eda recibido hasta entonces, sobre un millar. <\/p>\n<p class=\"\">Despu\u00e9s de que Meta cerrara su cuenta de Instagram durante una semana una primera vez, y luego una segunda vez durante unas horas, Fallar\u00e1s temi\u00f3 que toda esa evidencia se perdiera si alg\u00fan d\u00eda la cuenta se cancelaba definitivamente. Por ello, decidi\u00f3 reunir los relatos en una publicaci\u00f3n, para asegurarse de que no se perdieran en un futuro por existir solo de manera digital y para que pudieran acceder a ellos aquellas mujeres que no tienen redes.<\/p>\n<p class=\"\">El Instituto de las Mujeres ha explicado que el proyecto se alinea con la Ley Org\u00e1nica 3\/2007, de 22 de marzo, para la igualdad efectiva de hombres y mujeres, que establece como uno de sus objetivos la erradicaci\u00f3n de todas las formas de discriminaci\u00f3n de g\u00e9nero y la promoci\u00f3n de pol\u00edticas p\u00fablicas que garanticen la igualdad real entre mujeres y hombres. Apunta, adem\u00e1s, que tambi\u00e9n \u201cse pretende sensibilizar sobre el potencial de las redes sociales como medio para generar espacios seguros de realizaci\u00f3n, visibilizaci\u00f3n y presencia para las mujeres\u201d.<\/p>\n<p class=\"\"><i>El tel\u00e9fono 016 atiende a las v\u00edctimas de violencia machista, a sus familias y a su entorno las 24 horas del d\u00eda, todos los d\u00edas del a\u00f1o, en 53 idiomas diferentes. El n\u00famero no queda registrado en la factura telef\u00f3nica, pero hay que borrar la llamada del dispositivo. Tambi\u00e9n se puede contactar a trav\u00e9s del correo electr\u00f3nico <\/i><i>016-online@igualdad.gob.es<\/i><i>  y por WhatsApp en el n\u00famero 600 000 016. Los menores pueden dirigirse al tel\u00e9fono de la Fundaci\u00f3n ANAR 900 20 20 10. Si es una situaci\u00f3n de emergencia, se puede llamar al 112 o a los tel\u00e9fonos de la Polic\u00eda Nacional (091) y de la Guardia Civil (062). Y en caso de no poder llamar, se puede recurrir a la aplicaci\u00f3n ALERTCOPS, desde la que se env\u00eda una se\u00f1al de alerta a la Polic\u00eda con geolocalizaci\u00f3n.<\/i><\/p>\n<\/div>\n\n","protected":false},"excerpt":{"rendered":"<p>El Instituto de las Mujeres compilar\u00e1 testimonios de aquellas que han sufrido experiencias de violencia machista para crear un archivo. El proyecto de este organismo aut\u00f3nomo, adscrito al Ministerio de Igualdad, busca recopilar las vivencias narradas en primera persona de manera que sirvan de base para futuras investigaciones y para la creaci\u00f3n de pol\u00edticas p\u00fablicas. &hellip;<\/p>\n","protected":false},"author":1,"featured_media":46072,"comment_status":"open","ping_status":"open","sticky":false,"template":"","format":"standard","meta":{"fifu_image_url":"https:\/\/imagenes.elpais.com\/resizer\/v2\/7VSCQAJR25CRNKZRVW3YJ6OCAM.jpg?auth=31bfc79c78d0b9f6f01b7098d147e85d98190ee7061bb567761d399b8618f59f&width=1200","fifu_image_alt":"","footnotes":""},"categories":[11],"tags":[],"class_list":["post-46070","post","type-post","status-publish","format-standard","has-post-thumbnail","","category-viaje"],"_links":{"self":[{"href":"https:\/\/noticiasveraces.com\/index.php?rest_route=\/wp\/v2\/posts\/46070","targetHints":{"allow":["GET"]}}],"collection":[{"href":"https:\/\/noticiasveraces.com\/index.php?rest_route=\/wp\/v2\/posts"}],"about":[{"href":"https:\/\/noticiasveraces.com\/index.php?rest_route=\/wp\/v2\/types\/post"}],"author":[{"embeddable":true,"href":"https:\/\/noticiasveraces.com\/index.php?rest_route=\/wp\/v2\/users\/1"}],"replies":[{"embeddable":true,"href":"https:\/\/noticiasveraces.com\/index.php?rest_route=%2Fwp%2Fv2%2Fcomments&post=46070"}],"version-history":[{"count":0,"href":"https:\/\/noticiasveraces.com\/index.php?rest_route=\/wp\/v2\/posts\/46070\/revisions"}],"wp:featuredmedia":[{"embeddable":true,"href":"https:\/\/noticiasveraces.com\/index.php?rest_route=\/wp\/v2\/media\/46072"}],"wp:attachment":[{"href":"https:\/\/noticiasveraces.com\/index.php?rest_route=%2Fwp%2Fv2%2Fmedia&parent=46070"}],"wp:term":[{"taxonomy":"category","embeddable":true,"href":"https:\/\/noticiasveraces.com\/index.php?rest_route=%2Fwp%2Fv2%2Fcategories&post=46070"},{"taxonomy":"post_tag","embeddable":true,"href":"https:\/\/noticiasveraces.com\/index.php?rest_route=%2Fwp%2Fv2%2Ftags&post=46070"}],"curies":[{"name":"wp","href":"https:\/\/api.w.org\/{rel}","templated":true}]}}