{"id":46059,"date":"2025-10-17T06:38:05","date_gmt":"2025-10-17T10:38:05","guid":{"rendered":"https:\/\/noticiasveraces.com\/?p=46059"},"modified":"2025-10-17T06:38:05","modified_gmt":"2025-10-17T10:38:05","slug":"tulio-gomez-enciende-la-furia-de-hinchas-de-america-fuera-de-contexto-en-redes-sociales-curiosidades-de-futbol","status":"publish","type":"post","link":"https:\/\/noticiasveraces.com\/?p=46059","title":{"rendered":"Tulio G\u00f3mez enciende la furia de hinchas de Am\u00e9rica: fuera de contexto en redes sociales | Curiosidades de f\u00fatbol"},"content":{"rendered":"<p> \n<br \/><img decoding=\"async\" src=\"https:\/\/www.futbolred.com\/files\/article_graphic\/uploads\/2022\/04\/04\/624a917d98f1e.jpeg\" \/><\/p>\n<div id=\"cuerpoArticulo\">\n<p class=\"texto intro cnx-companion-firstparagraph\" id=\"p257102-m336-335-337\">Los hinchas de Am\u00e9rica de Cali no est\u00e1n muy contentos con el presente deportivo de su equipo. Este semestre depende de lo que pueda hacer en la Copa BetPlay, en la que ya es semifinalista; y en la Liga II tiene escasas opciones de clasificar a los cuadrangulares.<\/p>\n<p>Adem\u00e1s, el equipo vallecaucano contrat\u00f3 este semestre al desconocido Gabriel Raimondi como t\u00e9cnico, en reemplazo de Jorge \u2018Polilla\u2019 Da Silva; y el argentino apenas dur\u00f3 dos meses dejando al equipo en situaci\u00f3n complicada. <\/p>\n<p>Para colmo, parte de la afici\u00f3n se molest\u00f3 por la contrataci\u00f3n de David Gonz\u00e1lez, quien ven\u00eda de dejar \u00faltimo a Millonarios y no puede dirigir desde la l\u00ednea t\u00e9cnica. <\/p>\n<p class=\"texto contenido-parrafo-articulo cnx-companion-paragraph\" id=\"p257102-m354-2-355\">Ante tal situaci\u00f3n, el gran se\u00f1alado es Tulio G\u00f3mez, m\u00e1ximo accionista del club, y su hija Marcela, quien es la presidenta. Y aunque no ha vuelto a salir en los medios de comunicaci\u00f3n, cualquier cosa que haga Tulio es condenada por los hinchas.<\/p>\n<p>Este jueves 16 de octubre, Tulio apareci\u00f3 en su cuenta de X (antes Twitter) y desat\u00f3 la ira y las cr\u00edticas de los aficionados de Am\u00e9rica. Una publicaci\u00f3n en la red social caus\u00f3 pol\u00e9mica, pues los hinchas sienten que estuvo fuera de contexto, ante el momento del Am\u00e9rica.<\/p>\n<p>G\u00f3mez hizo una publicaci\u00f3n en X en la que destac\u00f3 que \u201cel pandebono ocupa el 4.\u00ba lugar entre los mejores panes del mundo, la almoj\u00e1bana el puesto 31 y el pan de yuca el 48. Orgullo Vallecaucano y colombiano\u201d.<\/p>\n<div id=\"p257102-m404-3-405\" class=\"\">\n<blockquote class=\"twitter-tweet\">\n<p lang=\"es\" dir=\"ltr\">El pandebono ocupa el 4.\u00ba lugar entre los mejores panes del mundo, la almoj\u00e1bana el puesto 31 y el pan de yuca el 48. Orgullo Vallecaucano y Colombiano \ud83c\udde8\ud83c\uddf4 <a href=\"https:\/\/t.co\/zXTSuOXeGT\">pic.twitter.com\/zXTSuOXeGT<\/a><\/p>\n<p>\u2014 Tulio A G\u00f3mez (@tulioagomez) <a href=\"https:\/\/twitter.com\/tulioagomez\/status\/1978947337126056043?ref_src=twsrc%5Etfw\">16 de octubre de 2025<\/a><\/p><\/blockquote><\/div>\n<p class=\"texto contenido-parrafo-articulo cnx-companion-paragraph\" id=\"p257102-m393-3-394\">La publicaci\u00f3n hizo que los hinchas de Am\u00e9rica explotaran contra Tulio, pidi\u00e9ndole que venda el club, y reclam\u00e1ndole por la parte deportiva. \u00bfEstuvo fuera de contexto Tulio G\u00f3mez?<\/p>\n<div id=\"p257102-m417-5-418\" class=\"\">\n<blockquote class=\"twitter-tweet\" data-conversation=\"none\">\n<p lang=\"es\" dir=\"ltr\">Y el America el puesto 14, gracias a su presidente y secretaria tecnica.<\/p>\n<p>\u2014 RoloEscarlata (@EscarlataRolo) <a href=\"https:\/\/twitter.com\/EscarlataRolo\/status\/1978947967873667157?ref_src=twsrc%5Etfw\">16 de octubre de 2025<\/a><\/p><\/blockquote>\n<blockquote class=\"twitter-tweet\" data-conversation=\"none\">\n<p lang=\"es\" dir=\"ltr\">Que buena informaci\u00f3n, deber\u00eda vender el equipo y dedicarse a su negocio que ahi si es buen\u00edsimo.<\/p>\n<p>\u2014DRG (@doiver70) <a href=\"https:\/\/twitter.com\/doiver70\/status\/1978954327889760272?ref_src=twsrc%5Etfw\">16 de octubre de 2025<\/a><\/p><\/blockquote>\n<blockquote class=\"twitter-tweet\" data-conversation=\"none\">\n<p lang=\"es\" dir=\"ltr\">Y el Am\u00e9rica no aparece en ning\u00fan ranking por las malas campa\u00f1as<\/p>\n<p>\u2014 Mateo Cadavid (@mcadavid1203) <a href=\"https:\/\/twitter.com\/mcadavid1203\/status\/1978951516225499645?ref_src=twsrc%5Etfw\">16 de octubre de 2025<\/a><\/p><\/blockquote><\/div>\n<\/div>\n<p><script async src=\"https:\/\/platform.twitter.com\/widgets.js\" charset=\"utf-8\"><\/script><br \/>\n<br \/>\n","protected":false},"excerpt":{"rendered":"<p>Los hinchas de Am\u00e9rica de Cali no est\u00e1n muy contentos con el presente deportivo de su equipo. Este semestre depende de lo que pueda hacer en la Copa BetPlay, en la que ya es semifinalista; y en la Liga II tiene escasas opciones de clasificar a los cuadrangulares. Adem\u00e1s, el equipo vallecaucano contrat\u00f3 este semestre &hellip;<\/p>\n","protected":false},"author":1,"featured_media":46061,"comment_status":"open","ping_status":"open","sticky":false,"template":"","format":"standard","meta":{"fifu_image_url":"https:\/\/www.futbolred.com\/files\/og_thumbnail\/uploads\/2022\/04\/04\/624a917d98f1e.jpeg","fifu_image_alt":"","footnotes":""},"categories":[6],"tags":[],"class_list":["post-46059","post","type-post","status-publish","format-standard","has-post-thumbnail","","category-deportes"],"_links":{"self":[{"href":"https:\/\/noticiasveraces.com\/index.php?rest_route=\/wp\/v2\/posts\/46059","targetHints":{"allow":["GET"]}}],"collection":[{"href":"https:\/\/noticiasveraces.com\/index.php?rest_route=\/wp\/v2\/posts"}],"about":[{"href":"https:\/\/noticiasveraces.com\/index.php?rest_route=\/wp\/v2\/types\/post"}],"author":[{"embeddable":true,"href":"https:\/\/noticiasveraces.com\/index.php?rest_route=\/wp\/v2\/users\/1"}],"replies":[{"embeddable":true,"href":"https:\/\/noticiasveraces.com\/index.php?rest_route=%2Fwp%2Fv2%2Fcomments&post=46059"}],"version-history":[{"count":0,"href":"https:\/\/noticiasveraces.com\/index.php?rest_route=\/wp\/v2\/posts\/46059\/revisions"}],"wp:featuredmedia":[{"embeddable":true,"href":"https:\/\/noticiasveraces.com\/index.php?rest_route=\/wp\/v2\/media\/46061"}],"wp:attachment":[{"href":"https:\/\/noticiasveraces.com\/index.php?rest_route=%2Fwp%2Fv2%2Fmedia&parent=46059"}],"wp:term":[{"taxonomy":"category","embeddable":true,"href":"https:\/\/noticiasveraces.com\/index.php?rest_route=%2Fwp%2Fv2%2Fcategories&post=46059"},{"taxonomy":"post_tag","embeddable":true,"href":"https:\/\/noticiasveraces.com\/index.php?rest_route=%2Fwp%2Fv2%2Ftags&post=46059"}],"curies":[{"name":"wp","href":"https:\/\/api.w.org\/{rel}","templated":true}]}}