{"id":46039,"date":"2025-10-17T05:36:55","date_gmt":"2025-10-17T09:36:55","guid":{"rendered":"https:\/\/noticiasveraces.com\/?p=46039"},"modified":"2025-10-17T05:36:55","modified_gmt":"2025-10-17T09:36:55","slug":"inameh-preve-la-llegada-de-dos-ondas-tropicales-la-proxima-semana","status":"publish","type":"post","link":"https:\/\/noticiasveraces.com\/?p=46039","title":{"rendered":"Inameh prev\u00e9 la llegada de dos ondas tropicales la pr\u00f3xima semana"},"content":{"rendered":"<p> \n<\/p>\n<div>\n<p>El Instituto Nacional de Meteorolog\u00eda e Hidrolog\u00eda (Inameh) inform\u00f3 el 16 de octubre que se estima que las ondas tropicales <strong>47 y 48 estar\u00e1n llegando a Venezuela entre el 21 y 23 de octubre. <\/strong><\/p>\n<p>Espec\u00edficamente, el Inameh indic\u00f3 que se espera la llegada de la <strong>onda tropical n\u00famero 47<\/strong> entre el 21 y 22 octubre, mientras que<strong> la 48 estar\u00eda llegando a territorio venezolano el 22 o 23 de octubre. <\/strong><\/p>\n<p>Asimismo, el instituto mencion\u00f3 que la onda tropical 46 fue suprimida en el an\u00e1lisis de las 2:00 pm del 15 de octubre.<strong> El \u00faltimo reporte sobre esta onda tropical, el organismo indic\u00f3 que se encuentra al norte de la Guayana Esequiba. <\/strong><\/p>\n<figure class=\"wp-block-image size-large\"><picture fetchpriority=\"high\" decoding=\"async\" class=\"wp-image-822520\"><source type=\"image\/webp\" sizes=\"(max-width: 1200px) 100vw, 1200px\" nitro-lazy-srcset=\"https:\/\/eldiario.com\/nitropack_static\/DWpklAePbJBFiBKvuTtiGMLbtJlHUqWt\/assets\/images\/optimized\/rev-4610e21\/eldiario.com\/wp-content\/uploads\/2025\/10\/Diseno-sin-titulo-29-1200x800.jpg.webp 1200w, https:\/\/eldiario.com\/nitropack_static\/DWpklAePbJBFiBKvuTtiGMLbtJlHUqWt\/assets\/images\/optimized\/rev-4610e21\/eldiario.com\/wp-content\/uploads\/2025\/10\/Diseno-sin-titulo-29-300x200.jpg.webp 300w, https:\/\/eldiario.com\/nitropack_static\/DWpklAePbJBFiBKvuTtiGMLbtJlHUqWt\/assets\/images\/optimized\/rev-4610e21\/eldiario.com\/wp-content\/uploads\/2025\/10\/Diseno-sin-titulo-29-768x512.jpg.webp 768w, https:\/\/eldiario.com\/nitropack_static\/DWpklAePbJBFiBKvuTtiGMLbtJlHUqWt\/assets\/images\/optimized\/rev-4610e21\/eldiario.com\/wp-content\/uploads\/2025\/10\/Diseno-sin-titulo-29-1536x1024.jpg.webp 1536w, https:\/\/eldiario.com\/nitropack_static\/DWpklAePbJBFiBKvuTtiGMLbtJlHUqWt\/assets\/images\/optimized\/rev-4610e21\/eldiario.com\/wp-content\/uploads\/2025\/10\/Diseno-sin-titulo-29-330x220.jpg.webp 330w, https:\/\/eldiario.com\/nitropack_static\/DWpklAePbJBFiBKvuTtiGMLbtJlHUqWt\/assets\/images\/optimized\/rev-4610e21\/eldiario.com\/wp-content\/uploads\/2025\/10\/Diseno-sin-titulo-29-420x280.jpg.webp 420w, https:\/\/eldiario.com\/nitropack_static\/DWpklAePbJBFiBKvuTtiGMLbtJlHUqWt\/assets\/images\/optimized\/rev-4610e21\/eldiario.com\/wp-content\/uploads\/2025\/10\/Diseno-sin-titulo-29-615x410.jpg.webp 615w, https:\/\/eldiario.com\/nitropack_static\/DWpklAePbJBFiBKvuTtiGMLbtJlHUqWt\/assets\/images\/optimized\/rev-4610e21\/eldiario.com\/wp-content\/uploads\/2025\/10\/Diseno-sin-titulo-29-860x574.jpg.webp 860w, https:\/\/eldiario.com\/nitropack_static\/DWpklAePbJBFiBKvuTtiGMLbtJlHUqWt\/assets\/images\/optimized\/rev-4610e21\/eldiario.com\/wp-content\/uploads\/2025\/10\/Diseno-sin-titulo-29-150x100.jpg.webp 150w, https:\/\/eldiario.com\/nitropack_static\/DWpklAePbJBFiBKvuTtiGMLbtJlHUqWt\/assets\/images\/optimized\/rev-4610e21\/eldiario.com\/wp-content\/uploads\/2025\/10\/Diseno-sin-titulo-29.jpg.webp 1600w\" nitro-lazy-empty=\"\" id=\"ODAyOjk5NQ==-1\" srcset=\"data:image\/svg+xml;nitro-empty-id=ODAyOjk5NQ==-1;base64,PHN2ZyB2aWV3Qm94PSIwIDAgMTIwMCA4MDAiIHdpZHRoPSIxMjAwIiBoZWlnaHQ9IjgwMCIgeG1sbnM9Imh0dHA6Ly93d3cudzMub3JnLzIwMDAvc3ZnIj48L3N2Zz4=\"\/><img fetchpriority=\"high\" width=\"1200\" height=\"800\" alt=\"Inameh prev\u00e9 la llegada de dos ondas tropicales la pr\u00f3xima semana\" sizes=\"(max-width: 1200px) 100vw, 1200px\" srcset=\"https:\/\/eldiario.com\/nitropack_static\/DWpklAePbJBFiBKvuTtiGMLbtJlHUqWt\/assets\/images\/optimized\/rev-4610e21\/eldiario.com\/wp-content\/uploads\/2025\/10\/Diseno-sin-titulo-29-1200x800.jpg 1200w, https:\/\/eldiario.com\/nitropack_static\/DWpklAePbJBFiBKvuTtiGMLbtJlHUqWt\/assets\/images\/optimized\/rev-4610e21\/eldiario.com\/wp-content\/uploads\/2025\/10\/Diseno-sin-titulo-29-300x200.jpg 300w, https:\/\/eldiario.com\/nitropack_static\/DWpklAePbJBFiBKvuTtiGMLbtJlHUqWt\/assets\/images\/optimized\/rev-4610e21\/eldiario.com\/wp-content\/uploads\/2025\/10\/Diseno-sin-titulo-29-768x512.jpg 768w, https:\/\/eldiario.com\/nitropack_static\/DWpklAePbJBFiBKvuTtiGMLbtJlHUqWt\/assets\/images\/optimized\/rev-4610e21\/eldiario.com\/wp-content\/uploads\/2025\/10\/Diseno-sin-titulo-29-1536x1024.jpg 1536w, https:\/\/eldiario.com\/nitropack_static\/DWpklAePbJBFiBKvuTtiGMLbtJlHUqWt\/assets\/images\/optimized\/rev-4610e21\/eldiario.com\/wp-content\/uploads\/2025\/10\/Diseno-sin-titulo-29-330x220.jpg 330w, https:\/\/eldiario.com\/nitropack_static\/DWpklAePbJBFiBKvuTtiGMLbtJlHUqWt\/assets\/images\/optimized\/rev-4610e21\/eldiario.com\/wp-content\/uploads\/2025\/10\/Diseno-sin-titulo-29-420x280.jpg 420w, https:\/\/eldiario.com\/nitropack_static\/DWpklAePbJBFiBKvuTtiGMLbtJlHUqWt\/assets\/images\/optimized\/rev-4610e21\/eldiario.com\/wp-content\/uploads\/2025\/10\/Diseno-sin-titulo-29-615x410.jpg 615w, https:\/\/eldiario.com\/nitropack_static\/DWpklAePbJBFiBKvuTtiGMLbtJlHUqWt\/assets\/images\/optimized\/rev-4610e21\/eldiario.com\/wp-content\/uploads\/2025\/10\/Diseno-sin-titulo-29-860x574.jpg 860w, https:\/\/eldiario.com\/nitropack_static\/DWpklAePbJBFiBKvuTtiGMLbtJlHUqWt\/assets\/images\/optimized\/rev-4610e21\/eldiario.com\/wp-content\/uploads\/2025\/10\/Diseno-sin-titulo-29-150x100.jpg 150w, https:\/\/eldiario.com\/nitropack_static\/DWpklAePbJBFiBKvuTtiGMLbtJlHUqWt\/assets\/images\/optimized\/rev-4610e21\/eldiario.com\/wp-content\/uploads\/2025\/10\/Diseno-sin-titulo-29.jpg 1600w\" src=\"https:\/\/eldiario.com\/nitropack_static\/DWpklAePbJBFiBKvuTtiGMLbtJlHUqWt\/assets\/images\/optimized\/rev-4610e21\/eldiario.com\/wp-content\/uploads\/2025\/10\/Diseno-sin-titulo-29-1200x800.jpg\" class=\"nitro-lazy\" decoding=\"async\" nitro-lazy-empty=\"\" id=\"ODAzOjExNTA=-1\"\/> <\/picture><figcaption class=\"wp-element-caption\">Foto de : Inameh<\/figcaption><\/figure>\n<h2 id=\"sobre-el-reporte-diario-del-inameh\" class=\"rb-heading-index-0-822513 wp-block-heading\"><strong>Sobre el reporte diario del Inameh<\/strong><\/h2>\n<p>En su reporte diario, publicado durante la ma\u00f1ana del 16 de octubre, el Inameh inform\u00f3 que se esperan lluvias durante todo el d\u00eda en varias entidades del pa\u00eds. <\/p>\n<p>Entre los estados donde se pronosticaron precipitaciones est\u00e1n:<\/p>\n<p>-Bol\u00edvar<\/p>\n<p>-Amazonas<\/p>\n<p>-Delta Amacuro<\/p>\n<p>-Monagas<\/p>\n<p>-Sucre<\/p>\n<p>-Regi\u00f3n Insular<\/p>\n<p>-Anzo\u00e1tegui<\/p>\n<p>-Llanos Centrales<\/p>\n<p>-Llanos Occidentales<\/p>\n<p>-Andes<\/p>\n<p>-Falc\u00f3n<\/p>\n<p>-Zulia<\/p>\n<p>-Anzo\u00e1tegui <\/p>\n<p>En cuanto a la Gran Caracas (Miranda, Distrito Capital y La Guaira) <strong>se prev\u00e9n lluvias de intensidad variables y ocasionales descargas el\u00e9ctricas.<\/strong><\/p>\n<h2 id=\"estragos-por-lluvias-en-la-gran-caracas\" class=\"rb-heading-index-1-822513 wp-block-heading\"><strong>Estragos por lluvias en la Gran Caracas<\/strong><\/h2>\n<p>Las autoridades reportaron que<strong> <\/strong><strong>dos personas murieron en Distrito Capital y Miranda<\/strong><strong>,<\/strong> como consecuencia de las<strong> lluvias registradas durante la madrugada del mi\u00e9rcoles 15 de octubre. <\/strong><\/p>\n<p>El periodista de sucesos Rom\u00e1n Camacho inform\u00f3 que <strong>una de las v\u00edctimas fue una mujer de 45 a\u00f1os de edad, <\/strong>quien muri\u00f3 en el sector Los Cardones, en El Valle (Caracas), luego de ser arrastrada por una corriente.<\/p>\n<p>De acuerdo con el reporte, <strong>el hecho ocurri\u00f3 en la madrugada cuando se trasladaba en una moto junto a otra persona.<\/strong> Al llegar a la zona, un objeto golpe\u00f3 la motocicleta, lo que provoc\u00f3 que ambos pasajeros se cayeran. La mujer qued\u00f3 atrapada debajo de un veh\u00edculo estacionado.<\/p>\n<figure class=\"wp-block-image size-large\"><picture loading=\"lazy\" decoding=\"async\" class=\"wp-image-806924\"><source type=\"image\/webp\" sizes=\"(max-width: 1200px) 100vw, 1200px\" nitro-lazy-srcset=\"https:\/\/eldiario.com\/nitropack_static\/DWpklAePbJBFiBKvuTtiGMLbtJlHUqWt\/assets\/images\/optimized\/rev-4610e21\/eldiario.com\/wp-content\/uploads\/2025\/07\/Lluvias-en-Venezuela-1200x675.jpg.webp 1200w, https:\/\/eldiario.com\/nitropack_static\/DWpklAePbJBFiBKvuTtiGMLbtJlHUqWt\/assets\/images\/optimized\/rev-4610e21\/eldiario.com\/wp-content\/uploads\/2025\/07\/Lluvias-en-Venezuela-300x169.jpg.webp 300w, https:\/\/eldiario.com\/nitropack_static\/DWpklAePbJBFiBKvuTtiGMLbtJlHUqWt\/assets\/images\/optimized\/rev-4610e21\/eldiario.com\/wp-content\/uploads\/2025\/07\/Lluvias-en-Venezuela-768x432.jpg.webp 768w, https:\/\/eldiario.com\/nitropack_static\/DWpklAePbJBFiBKvuTtiGMLbtJlHUqWt\/assets\/images\/optimized\/rev-4610e21\/eldiario.com\/wp-content\/uploads\/2025\/07\/Lluvias-en-Venezuela-1536x864.jpg.webp 1536w, https:\/\/eldiario.com\/nitropack_static\/DWpklAePbJBFiBKvuTtiGMLbtJlHUqWt\/assets\/images\/optimized\/rev-4610e21\/eldiario.com\/wp-content\/uploads\/2025\/07\/Lluvias-en-Venezuela-860x484.jpg.webp 860w, https:\/\/eldiario.com\/nitropack_static\/DWpklAePbJBFiBKvuTtiGMLbtJlHUqWt\/assets\/images\/optimized\/rev-4610e21\/eldiario.com\/wp-content\/uploads\/2025\/07\/Lluvias-en-Venezuela-150x84.jpg.webp 150w, https:\/\/eldiario.com\/nitropack_static\/DWpklAePbJBFiBKvuTtiGMLbtJlHUqWt\/assets\/images\/optimized\/rev-4610e21\/eldiario.com\/wp-content\/uploads\/2025\/07\/Lluvias-en-Venezuela.jpg.webp 1600w\" nitro-lazy-empty=\"\" id=\"ODk2OjcxNw==-1\" srcset=\"data:image\/svg+xml;nitro-empty-id=ODk2OjcxNw==-1;base64,PHN2ZyB2aWV3Qm94PSIwIDAgMTIwMCA2NzUiIHdpZHRoPSIxMjAwIiBoZWlnaHQ9IjY3NSIgeG1sbnM9Imh0dHA6Ly93d3cudzMub3JnLzIwMDAvc3ZnIj48L3N2Zz4=\"\/><img loading=\"lazy\" width=\"1200\" height=\"675\" alt=\"Prev\u00e9n lluvias con descargas el\u00e9ctricas en al menos nueve estados de Venezuela\" sizes=\"auto, (max-width: 1200px) 100vw, 1200px\" srcset=\"https:\/\/eldiario.com\/nitropack_static\/DWpklAePbJBFiBKvuTtiGMLbtJlHUqWt\/assets\/images\/optimized\/rev-4610e21\/eldiario.com\/wp-content\/uploads\/2025\/07\/Lluvias-en-Venezuela-1200x675.jpg 1200w, https:\/\/eldiario.com\/nitropack_static\/DWpklAePbJBFiBKvuTtiGMLbtJlHUqWt\/assets\/images\/optimized\/rev-4610e21\/eldiario.com\/wp-content\/uploads\/2025\/07\/Lluvias-en-Venezuela-300x169.jpg 300w, https:\/\/eldiario.com\/nitropack_static\/DWpklAePbJBFiBKvuTtiGMLbtJlHUqWt\/assets\/images\/optimized\/rev-4610e21\/eldiario.com\/wp-content\/uploads\/2025\/07\/Lluvias-en-Venezuela-768x432.jpg 768w, https:\/\/eldiario.com\/nitropack_static\/DWpklAePbJBFiBKvuTtiGMLbtJlHUqWt\/assets\/images\/optimized\/rev-4610e21\/eldiario.com\/wp-content\/uploads\/2025\/07\/Lluvias-en-Venezuela-1536x864.jpg 1536w, https:\/\/eldiario.com\/nitropack_static\/DWpklAePbJBFiBKvuTtiGMLbtJlHUqWt\/assets\/images\/optimized\/rev-4610e21\/eldiario.com\/wp-content\/uploads\/2025\/07\/Lluvias-en-Venezuela-860x484.jpg 860w, https:\/\/eldiario.com\/nitropack_static\/DWpklAePbJBFiBKvuTtiGMLbtJlHUqWt\/assets\/images\/optimized\/rev-4610e21\/eldiario.com\/wp-content\/uploads\/2025\/07\/Lluvias-en-Venezuela-150x84.jpg 150w, https:\/\/eldiario.com\/nitropack_static\/DWpklAePbJBFiBKvuTtiGMLbtJlHUqWt\/assets\/images\/optimized\/rev-4610e21\/eldiario.com\/wp-content\/uploads\/2025\/07\/Lluvias-en-Venezuela.jpg 1600w\" src=\"https:\/\/eldiario.com\/nitropack_static\/DWpklAePbJBFiBKvuTtiGMLbtJlHUqWt\/assets\/images\/optimized\/rev-4610e21\/eldiario.com\/wp-content\/uploads\/2025\/07\/Lluvias-en-Venezuela-1200x675.jpg\" class=\"nitro-lazy\" decoding=\"async\" nitro-lazy-empty=\"\" id=\"ODk3Ojg5NA==-1\"\/> <\/picture><figcaption class=\"wp-element-caption\">Lluvias en Venezuela | Foto: Freepik<\/figcaption><\/figure>\n<p>Por su parte, el comisario jefe de la Polic\u00eda de Chacao (Miranda), Alberto Prato, inform\u00f3 que <strong>una persona muri\u00f3 y otra result\u00f3 afectada por un alud de lodo en el sector Puente de Piedr<\/strong>a, en la parroquia Paracotos del municipio Guaicaipuro. Los equipos de rescate se trasladaron al lugar para retirar los escombros y evaluar los da\u00f1os ocasionados.<\/p>\n<p>Asimismo, usuarios en redes sociales reportaron varias afectaciones viales y fallas en el servicio el\u00e9ctrico en sectores de la Gran Caracas, producto de las lluvias de la madrugada del 15 de octubre. <\/p>\n<h2 id=\"las-vias-afectadas-en-la-gran-caracas-por-las-lluvias\" class=\"rb-heading-index-2-822513 wp-block-heading\"><strong>Las v\u00edas afectadas en la Gran Caracas por las lluvias<\/strong><\/h2>\n<p>En la autopista Gran Mariscal de Ayacucho, a la altura de Turumo, <strong>se registr\u00f3 un derrumbe en los carriles con sentido hacia Caracas.<\/strong><\/p>\n<p>Este incidente provoc\u00f3 la <strong>restricci\u00f3n parcial del tr\u00e1nsito de veh\u00edculos, <\/strong>debido a que hasta primeras horas de la ma\u00f1ana solo estaba habilitado el canal r\u00e1pido de la arteria vial.<\/p>\n<figure class=\"wp-block-image size-large\"><picture loading=\"lazy\" decoding=\"async\" class=\"wp-image-822016\"><source type=\"image\/webp\" sizes=\"auto, (max-width: 1200px) 100vw, 1200px\" nitro-lazy-srcset=\"https:\/\/eldiario.com\/nitropack_static\/DWpklAePbJBFiBKvuTtiGMLbtJlHUqWt\/assets\/images\/optimized\/rev-4610e21\/eldiario.com\/wp-content\/uploads\/2025\/10\/WhatsApp-Image-2025-10-15-at-8.400-AM-1200x808.jpg.webp 1200w, https:\/\/eldiario.com\/nitropack_static\/DWpklAePbJBFiBKvuTtiGMLbtJlHUqWt\/assets\/images\/optimized\/rev-4610e21\/eldiario.com\/wp-content\/uploads\/2025\/10\/WhatsApp-Image-2025-10-15-at-8.400-AM-300x202.jpg.webp 300w, https:\/\/eldiario.com\/nitropack_static\/DWpklAePbJBFiBKvuTtiGMLbtJlHUqWt\/assets\/images\/optimized\/rev-4610e21\/eldiario.com\/wp-content\/uploads\/2025\/10\/WhatsApp-Image-2025-10-15-at-8.400-AM-768x517.jpg.webp 768w, https:\/\/eldiario.com\/nitropack_static\/DWpklAePbJBFiBKvuTtiGMLbtJlHUqWt\/assets\/images\/optimized\/rev-4610e21\/eldiario.com\/wp-content\/uploads\/2025\/10\/WhatsApp-Image-2025-10-15-at-8.400-AM-1536x1034.jpg.webp 1536w, https:\/\/eldiario.com\/nitropack_static\/DWpklAePbJBFiBKvuTtiGMLbtJlHUqWt\/assets\/images\/optimized\/rev-4610e21\/eldiario.com\/wp-content\/uploads\/2025\/10\/WhatsApp-Image-2025-10-15-at-8.400-AM-860x579.jpg.webp 860w, https:\/\/eldiario.com\/nitropack_static\/DWpklAePbJBFiBKvuTtiGMLbtJlHUqWt\/assets\/images\/optimized\/rev-4610e21\/eldiario.com\/wp-content\/uploads\/2025\/10\/WhatsApp-Image-2025-10-15-at-8.400-AM-150x101.jpg.webp 150w, https:\/\/eldiario.com\/nitropack_static\/DWpklAePbJBFiBKvuTtiGMLbtJlHUqWt\/assets\/images\/optimized\/rev-4610e21\/eldiario.com\/wp-content\/uploads\/2025\/10\/WhatsApp-Image-2025-10-15-at-8.400-AM.jpg.webp 1600w\" nitro-lazy-empty=\"\" id=\"OTI0Ojg0NA==-1\" srcset=\"data:image\/svg+xml;nitro-empty-id=OTI0Ojg0NA==-1;base64,PHN2ZyB2aWV3Qm94PSIwIDAgMTIwMCA4MDgiIHdpZHRoPSIxMjAwIiBoZWlnaHQ9IjgwOCIgeG1sbnM9Imh0dHA6Ly93d3cudzMub3JnLzIwMDAvc3ZnIj48L3N2Zz4=\"\/><img loading=\"lazy\" width=\"1200\" height=\"808\" alt=\"Lluvias ocasionaron derrumbes e inundaciones en v\u00edas de la Gran Caracas\" sizes=\"auto, (max-width: 1200px) 100vw, 1200px\" srcset=\"https:\/\/eldiario.com\/nitropack_static\/DWpklAePbJBFiBKvuTtiGMLbtJlHUqWt\/assets\/images\/optimized\/rev-4610e21\/eldiario.com\/wp-content\/uploads\/2025\/10\/WhatsApp-Image-2025-10-15-at-8.400-AM-1200x808.jpg 1200w, https:\/\/eldiario.com\/nitropack_static\/DWpklAePbJBFiBKvuTtiGMLbtJlHUqWt\/assets\/images\/optimized\/rev-4610e21\/eldiario.com\/wp-content\/uploads\/2025\/10\/WhatsApp-Image-2025-10-15-at-8.400-AM-300x202.jpg 300w, https:\/\/eldiario.com\/nitropack_static\/DWpklAePbJBFiBKvuTtiGMLbtJlHUqWt\/assets\/images\/optimized\/rev-4610e21\/eldiario.com\/wp-content\/uploads\/2025\/10\/WhatsApp-Image-2025-10-15-at-8.400-AM-768x517.jpg 768w, https:\/\/eldiario.com\/nitropack_static\/DWpklAePbJBFiBKvuTtiGMLbtJlHUqWt\/assets\/images\/optimized\/rev-4610e21\/eldiario.com\/wp-content\/uploads\/2025\/10\/WhatsApp-Image-2025-10-15-at-8.400-AM-1536x1034.jpg 1536w, https:\/\/eldiario.com\/nitropack_static\/DWpklAePbJBFiBKvuTtiGMLbtJlHUqWt\/assets\/images\/optimized\/rev-4610e21\/eldiario.com\/wp-content\/uploads\/2025\/10\/WhatsApp-Image-2025-10-15-at-8.400-AM-860x579.jpg 860w, https:\/\/eldiario.com\/nitropack_static\/DWpklAePbJBFiBKvuTtiGMLbtJlHUqWt\/assets\/images\/optimized\/rev-4610e21\/eldiario.com\/wp-content\/uploads\/2025\/10\/WhatsApp-Image-2025-10-15-at-8.400-AM-150x101.jpg 150w, https:\/\/eldiario.com\/nitropack_static\/DWpklAePbJBFiBKvuTtiGMLbtJlHUqWt\/assets\/images\/optimized\/rev-4610e21\/eldiario.com\/wp-content\/uploads\/2025\/10\/WhatsApp-Image-2025-10-15-at-8.400-AM.jpg 1600w\" src=\"https:\/\/eldiario.com\/nitropack_static\/DWpklAePbJBFiBKvuTtiGMLbtJlHUqWt\/assets\/images\/optimized\/rev-4610e21\/eldiario.com\/wp-content\/uploads\/2025\/10\/WhatsApp-Image-2025-10-15-at-8.400-AM-1200x808.jpg\" class=\"nitro-lazy\" decoding=\"async\" nitro-lazy-empty=\"\" id=\"OTI1OjEwMzA=-1\"\/> <\/picture><figcaption class=\"wp-element-caption\">Foto: X\/@albertoprato02<\/figcaption><\/figure>\n<p>Algunos conductores tambi\u00e9n reportaron tr\u00e1nsito lento en la carretera La Raiza a la altura de La Verota, en los Valles del Tuy, sentido hacia Caracas, debido a inundaciones en la v\u00eda.<\/p>\n<p>En ese mismo sentido,<strong> informaron sobre el desbordamiento del r\u00edo Guaire a la altura de Mampote, en la carretera vieja Petare-Guarenas.<\/strong><\/p>\n<\/p><\/div>\n\n","protected":false},"excerpt":{"rendered":"<p>El Instituto Nacional de Meteorolog\u00eda e Hidrolog\u00eda (Inameh) inform\u00f3 el 16 de octubre que se estima que las ondas tropicales 47 y 48 estar\u00e1n llegando a Venezuela entre el 21 y 23 de octubre. Espec\u00edficamente, el Inameh indic\u00f3 que se espera la llegada de la onda tropical n\u00famero 47 entre el 21 y 22 octubre, &hellip;<\/p>\n","protected":false},"author":1,"featured_media":46041,"comment_status":"open","ping_status":"open","sticky":false,"template":"","format":"standard","meta":{"fifu_image_url":"https:\/\/eldiario.com\/wp-content\/uploads\/2025\/06\/hombre-calle-humeda-temporada-lluvias-1048944-23028362.jpg","fifu_image_alt":"","footnotes":""},"categories":[4],"tags":[],"class_list":["post-46039","post","type-post","status-publish","format-standard","has-post-thumbnail","","category-historias-destacadas"],"_links":{"self":[{"href":"https:\/\/noticiasveraces.com\/index.php?rest_route=\/wp\/v2\/posts\/46039","targetHints":{"allow":["GET"]}}],"collection":[{"href":"https:\/\/noticiasveraces.com\/index.php?rest_route=\/wp\/v2\/posts"}],"about":[{"href":"https:\/\/noticiasveraces.com\/index.php?rest_route=\/wp\/v2\/types\/post"}],"author":[{"embeddable":true,"href":"https:\/\/noticiasveraces.com\/index.php?rest_route=\/wp\/v2\/users\/1"}],"replies":[{"embeddable":true,"href":"https:\/\/noticiasveraces.com\/index.php?rest_route=%2Fwp%2Fv2%2Fcomments&post=46039"}],"version-history":[{"count":0,"href":"https:\/\/noticiasveraces.com\/index.php?rest_route=\/wp\/v2\/posts\/46039\/revisions"}],"wp:featuredmedia":[{"embeddable":true,"href":"https:\/\/noticiasveraces.com\/index.php?rest_route=\/wp\/v2\/media\/46041"}],"wp:attachment":[{"href":"https:\/\/noticiasveraces.com\/index.php?rest_route=%2Fwp%2Fv2%2Fmedia&parent=46039"}],"wp:term":[{"taxonomy":"category","embeddable":true,"href":"https:\/\/noticiasveraces.com\/index.php?rest_route=%2Fwp%2Fv2%2Fcategories&post=46039"},{"taxonomy":"post_tag","embeddable":true,"href":"https:\/\/noticiasveraces.com\/index.php?rest_route=%2Fwp%2Fv2%2Ftags&post=46039"}],"curies":[{"name":"wp","href":"https:\/\/api.w.org\/{rel}","templated":true}]}}