{"id":46024,"date":"2025-10-17T01:07:32","date_gmt":"2025-10-17T05:07:32","guid":{"rendered":"https:\/\/noticiasveraces.com\/?p=46024"},"modified":"2025-10-17T01:07:32","modified_gmt":"2025-10-17T05:07:32","slug":"maria-corina-machado-agradecio-el-apoyo-de-panama-tras-recibir-el-nobel-de-la-paz-albertonews","status":"publish","type":"post","link":"https:\/\/noticiasveraces.com\/?p=46024","title":{"rendered":"Mar\u00eda Corina Machado agradeci\u00f3 el apoyo de Panam\u00e1 tras recibir el Nobel de la Paz &#8211; AlbertoNews"},"content":{"rendered":"<p> \n<\/p>\n<div>\n<p>La dirigente opositora venezolana Mar\u00eda Corina <strong>Machado agradeci\u00f3 este jueves al presidente de Panam\u00e1, Jos\u00e9 Ra\u00fal Mulino, el respaldo de su gobierno y su firme postura internacional en defensa de la democracia, tras una conversaci\u00f3n telef\u00f3nica por la concesi\u00f3n del Premio Nobel de la Paz a la pol\u00edtica.<\/strong><\/p>\n<p><strong>EFE<\/strong><\/p>\n<p>Durante el di\u00e1logo, que dur\u00f3 cerca de 20 minutos <strong>seg\u00fan un comunicado de la Presidencia paname\u00f1a, Machado expres\u00f3 a Mulino que \u00abel reconocimiento es un premio a toda Venezuela; a todos los paname\u00f1os y latinoamericanos que defienden la democracia de sus pa\u00edses\u00bb.<\/strong><\/p>\n<p><strong>La l\u00edder venezolana tambi\u00e9n agradeci\u00f3 al mandatario paname\u00f1o \u00abel importante apoyo, sobre todo por su posici\u00f3n y defensa internacional\u00bb,<\/strong> concluy\u00f3 la nota.<\/p>\n<p>El Nobel de la Paz de este a\u00f1o fue concedido a Machado en reconocimiento a su trayectoria en la promoci\u00f3n de los valores democr\u00e1ticos y su papel como figura central de la oposici\u00f3n al r\u00e9gimen de Nicol\u00e1s Maduro.<\/p>\n<p>Tras conocer la decisi\u00f3n del Comit\u00e9 Nobel, Machado \u2014quien permanece en la clandestinidad desde hace m\u00e1s de un a\u00f1o\u2014 afirm\u00f3 que el galard\u00f3n tiene un impacto significativo tanto para los venezolanos como para el propio r\u00e9gimen, que \u00abse da cuenta que el mundo entero legitima su lucha\u00bb, y reiter\u00f3 que \u00abMaduro est\u00e1 absolutamente aislado y tiene los d\u00edas contados\u00bb.<\/p>\n<h2><b>Una relaci\u00f3n bilateral delicada<\/b><\/h2>\n<p>La relaci\u00f3n entre Panam\u00e1 y Venezuela ha estado marcada por tensiones en los \u00faltimos a\u00f1os.<\/p>\n<p>En julio de 2024, el presidente Mulino orden\u00f3 el retiro de todo el personal diplom\u00e1tico paname\u00f1o en Venezuela y suspendi\u00f3 las relaciones bilaterales. Seg\u00fan explic\u00f3 entonces, la medida se mantendr\u00eda hasta que se garantizara un sistema institucional, transparente y confiable para el conteo de votos en las elecciones presidenciales celebradas ese mismo mes.<\/p>\n<p>Adem\u00e1s, Mulino propuso poco despu\u00e9s ofrecer asilo pol\u00edtico a Maduro como una posible salida a la crisis pol\u00edtica y social que atravesaba Venezuela tras las controvertidas elecciones del 28 de julio de 2024.<\/p>\n<p>Posteriormente, en enero de 2025, Panam\u00e1 recibi\u00f3 en custodia las actas de las elecciones presidenciales venezolanas del 28 de julio, documentos que, seg\u00fan la oposici\u00f3n, confirman la victoria del candidato Edmundo Gonz\u00e1lez Urrutia.<\/p>\n<p>Tras la entrega de dichas actas, Maduro calific\u00f3 de \u201ccobarde\u201d al presidente paname\u00f1o y lo inst\u00f3 a \u201cdefender el Canal de Panam\u00e1\u201d, en respuesta a declaraciones del entonces presidente electo de Estados Unidos, Donald Trump, quien afirm\u00f3 no descartar el uso de la fuerza militar para recuperar el control de la v\u00eda interoce\u00e1nica.<\/p>\n<p>Finalmente, tras varios meses de ruptura diplom\u00e1tica, Panam\u00e1 y Venezuela restablecieron recientemente sus relaciones consulares y reanudaron los vuelos entre ambas naciones.<\/p>\n<p><strong>Si quieres recibir en tu celular esta y otras informaciones, descarga Telegram, ingresa al link <\/strong><strong>https:\/\/t.me\/albertorodnews<\/strong><strong> y dale clic a +Unirme.  <\/strong><\/p>\n<p><strong>Alberto Noticias<\/strong><\/p>\n<\/p><\/div>\n\n","protected":false},"excerpt":{"rendered":"<p>La dirigente opositora venezolana Mar\u00eda Corina Machado agradeci\u00f3 este jueves al presidente de Panam\u00e1, Jos\u00e9 Ra\u00fal Mulino, el respaldo de su gobierno y su firme postura internacional en defensa de la democracia, tras una conversaci\u00f3n telef\u00f3nica por la concesi\u00f3n del Premio Nobel de la Paz a la pol\u00edtica. EFE Durante el di\u00e1logo, que dur\u00f3 cerca &hellip;<\/p>\n","protected":false},"author":1,"featured_media":46025,"comment_status":"open","ping_status":"open","sticky":false,"template":"","format":"standard","meta":{"fifu_image_url":"https:\/\/bitlyanews.com\/wp-content\/uploads\/2025\/08\/Imagen-de-archivo-de-la-opositora-venezolana-Maria-Corina-Machado-Foto-Time.jpg","fifu_image_alt":"","footnotes":""},"categories":[13],"tags":[],"class_list":["post-46024","post","type-post","status-publish","format-standard","has-post-thumbnail","","category-mundo"],"_links":{"self":[{"href":"https:\/\/noticiasveraces.com\/index.php?rest_route=\/wp\/v2\/posts\/46024","targetHints":{"allow":["GET"]}}],"collection":[{"href":"https:\/\/noticiasveraces.com\/index.php?rest_route=\/wp\/v2\/posts"}],"about":[{"href":"https:\/\/noticiasveraces.com\/index.php?rest_route=\/wp\/v2\/types\/post"}],"author":[{"embeddable":true,"href":"https:\/\/noticiasveraces.com\/index.php?rest_route=\/wp\/v2\/users\/1"}],"replies":[{"embeddable":true,"href":"https:\/\/noticiasveraces.com\/index.php?rest_route=%2Fwp%2Fv2%2Fcomments&post=46024"}],"version-history":[{"count":0,"href":"https:\/\/noticiasveraces.com\/index.php?rest_route=\/wp\/v2\/posts\/46024\/revisions"}],"wp:featuredmedia":[{"embeddable":true,"href":"https:\/\/noticiasveraces.com\/index.php?rest_route=\/wp\/v2\/media\/46025"}],"wp:attachment":[{"href":"https:\/\/noticiasveraces.com\/index.php?rest_route=%2Fwp%2Fv2%2Fmedia&parent=46024"}],"wp:term":[{"taxonomy":"category","embeddable":true,"href":"https:\/\/noticiasveraces.com\/index.php?rest_route=%2Fwp%2Fv2%2Fcategories&post=46024"},{"taxonomy":"post_tag","embeddable":true,"href":"https:\/\/noticiasveraces.com\/index.php?rest_route=%2Fwp%2Fv2%2Ftags&post=46024"}],"curies":[{"name":"wp","href":"https:\/\/api.w.org\/{rel}","templated":true}]}}